{"id":255,"date":"2024-03-25T15:06:26","date_gmt":"2024-03-25T14:06:26","guid":{"rendered":"https:\/\/www.inconscient-collectif.com\/?p=255"},"modified":"2024-03-25T19:25:55","modified_gmt":"2024-03-25T18:25:55","slug":"la-dissonance-cognitive","status":"publish","type":"post","link":"https:\/\/www.inconscient-collectif.com\/index.php\/2024\/03\/25\/la-dissonance-cognitive\/","title":{"rendered":"Comprendre les myst\u00e8res de la dissonance cognitive."},"content":{"rendered":"\n<p><strong>Plongez au c\u0153ur de la dissonance cognitive, un puissant m\u00e9canisme de manipulation mentale, dans cet avant-dernier volet de notre s\u00e9rie. D\u00e9couvrez comment nos convictions et actions entrent parfois en contradiction, nous poussant vers des comportements inattendus pour r\u00e9tablir notre \u00e9quilibre int\u00e9rieur. Cet article offre un regard profond sur la psychologie sociale, \u00e9clairant la mani\u00e8re dont nos pens\u00e9es se fa\u00e7onnent et s\u2019ajustent sous l\u2019influence ext\u00e9rieure, une lecture essentielle pour quiconque s\u2019int\u00e9resse \u00e0 la dynamique du comportement humain.<\/strong><a href=\"https:\/\/www.astrologie-mondiale.com\/technique-de-manipulation-mentale-le-pied-dans-la-porte-1\/?amp=1\"><\/a><\/p>\n\n\n\n<p>Auparavant, nous avions vu toutes les man\u0153uvres dont disposais le pouvoir pour manipuler la population selon la th\u00e9orie de l\u2019engagement. Dans le domaine de la dissonance cognitive, nous sommes dans une autre logique. Elle concerne le fonctionnement cognitif de l\u2019homme, c\u2019est-\u00e0-dire comment se d\u00e9roule ses rapports psychologiques avec le monde. Dans le fonctionnement cognitif de l\u2019homme, il faut bien distinguer la consistance cognitive (<strong>I<\/strong>) de la dissonance cognitive (<strong>II<\/strong>).<\/p>\n\n\n\n<h2 class=\"wp-block-heading\"><strong><mark style=\"background-color:rgba(0, 0, 0, 0)\" class=\"has-inline-color has-vivid-red-color\">I. La consistance cognitive.<\/mark><\/strong><\/h2>\n\n\n\n<p>En psychologie sociale, on parle de pens\u00e9e sociale (<strong>A<\/strong>) qui doit \u00eatre coh\u00e9rente au niveau cognitif (<strong>B<\/strong>).<\/p>\n\n\n\n<h3 class=\"wp-block-heading\"><strong><mark style=\"background-color:rgba(0, 0, 0, 0)\" class=\"has-inline-color has-vivid-cyan-blue-color\">A. La pens\u00e9e sociale.<\/mark><\/strong><\/h3>\n\n\n\n<p>La pens\u00e9e sociale est la pens\u00e9e que les individus adoptent en fonction du contexte sociale. Pour parler plus simplement, c\u2019est la mani\u00e8re dont une personne pense le monde qui l\u2019entoure. C\u2019est ce qui va d\u00e9terminer notre comportement avec les autres.<\/p>\n\n\n\n<p>Chacun a une pens\u00e9e sociale diff\u00e9rente. Elle est sp\u00e9cifique vis-\u00e0-vis des autres individus. Une personne \u00e0 sa mani\u00e8re propre de voir le monde, la soci\u00e9t\u00e9 et ses rapports avec les autres.<\/p>\n\n\n\n<p>Toutefois, malgr\u00e9 le caract\u00e8re unique de la pens\u00e9e sociale, celle-ci est toujours organis\u00e9e de la m\u00eame mani\u00e8re.<\/p>\n\n\n\n<p>On parle alors de structure ou d\u2019organisation de la pens\u00e9e sociale.<\/p>\n\n\n\n<p>En effet, nous retrouvons toujours les m\u00eames \u00e9l\u00e9ments organis\u00e9s en architecture.<\/p>\n\n\n\n<p>C\u2019est l\u2019id\u00e9e d\u00e9velopp\u00e9e par le psychologue social fran\u00e7ais\u00a0<strong><a href=\"https:\/\/fr.wikipedia.org\/wiki\/Michel-Louis_Rouquette\" title=\"Michel-Louis Rouquette\">Michel-Louis Rouquette<\/a><\/strong>\u00a0en\u00a0<strong>1973<\/strong>. Michel-Louis Rouquette, n\u00e9 en 1948 \u00e0 B\u00e9ziers et mort en 2011 dans la m\u00eame ville fut professeur \u00e0 l\u2019universit\u00e9 de Montpellier, \u00e0 celle de Saint-Denis, puis en enfin \u00e0 l\u2019Universit\u00e9 Ren\u00e9 Descartes. Avant lui, ces \u00e9l\u00e9ments de la cognition humaine \u00e9taient \u00e9tudi\u00e9s distinctement. Rouquette est le premier \u00e0 avoir l\u2019id\u00e9e g\u00e9niale de les regrouper ensemble dans un syst\u00e8me coh\u00e9rent.<\/p>\n\n\n\n<figure class=\"wp-block-image size-full is-resized\"><img loading=\"lazy\" decoding=\"async\" width=\"800\" height=\"600\" src=\"https:\/\/www.inconscient-collectif.com\/wp-content\/uploads\/2024\/03\/image-69.png\" alt=\"\" class=\"wp-image-257\" style=\"width:471px;height:auto\" srcset=\"https:\/\/www.inconscient-collectif.com\/wp-content\/uploads\/2024\/03\/image-69.png 800w, https:\/\/www.inconscient-collectif.com\/wp-content\/uploads\/2024\/03\/image-69-300x225.png 300w, https:\/\/www.inconscient-collectif.com\/wp-content\/uploads\/2024\/03\/image-69-768x576.png 768w\" sizes=\"auto, (max-width: 800px) 100vw, 800px\" \/><figcaption class=\"wp-element-caption\">Michel-Louis Rouquette (1948-2011), psychosociologue fran\u00e7ais.<br><\/figcaption><\/figure>\n\n\n\n<p>Nous avons quatre \u00e9l\u00e9ments hi\u00e9rarchis\u00e9s en fonction de leur stabilit\u00e9 et de leur g\u00e9n\u00e9ralit\u00e9. Du plus g\u00e9n\u00e9ral au moins g\u00e9n\u00e9ral, du plus stable au moins stable :<\/p>\n\n\n\n<ul class=\"wp-block-list\">\n<li>L\u2019id\u00e9ologie (<strong>1<\/strong>).<\/li>\n\n\n\n<li>Les repr\u00e9sentations sociales (<strong>2<\/strong>).<\/li>\n\n\n\n<li>Les attitudes (<strong>3<\/strong>).<\/li>\n\n\n\n<li>Les opinions (<strong>4<\/strong>).<\/li>\n<\/ul>\n\n\n\n<p><\/p>\n\n\n\n<figure class=\"wp-block-image size-full\"><img loading=\"lazy\" decoding=\"async\" width=\"649\" height=\"395\" src=\"https:\/\/www.inconscient-collectif.com\/wp-content\/uploads\/2024\/03\/image-70.png\" alt=\"\" class=\"wp-image-258\" srcset=\"https:\/\/www.inconscient-collectif.com\/wp-content\/uploads\/2024\/03\/image-70.png 649w, https:\/\/www.inconscient-collectif.com\/wp-content\/uploads\/2024\/03\/image-70-300x183.png 300w\" sizes=\"auto, (max-width: 649px) 100vw, 649px\" \/><\/figure>\n\n\n\n<p>Ils peuvent \u00eatre class\u00e9s entre eux selon deux crit\u00e8res\u00a0: leur stabilit\u00e9 et leur degr\u00e9 de g\u00e9n\u00e9ralit\u00e9.<\/p>\n\n\n\n<figure class=\"wp-block-image size-full is-resized\"><img loading=\"lazy\" decoding=\"async\" width=\"521\" height=\"111\" src=\"https:\/\/www.inconscient-collectif.com\/wp-content\/uploads\/2024\/03\/image-71.png\" alt=\"\" class=\"wp-image-259\" style=\"width:652px;height:auto\" srcset=\"https:\/\/www.inconscient-collectif.com\/wp-content\/uploads\/2024\/03\/image-71.png 521w, https:\/\/www.inconscient-collectif.com\/wp-content\/uploads\/2024\/03\/image-71-300x64.png 300w\" sizes=\"auto, (max-width: 521px) 100vw, 521px\" \/><\/figure>\n\n\n\n<h4 class=\"wp-block-heading\"><strong><mark style=\"background-color:rgba(0, 0, 0, 0)\" class=\"has-inline-color has-luminous-vivid-orange-color\">1. L\u2019id\u00e9ologie.<\/mark><\/strong><\/h4>\n\n\n\n<p>En haut se trouve,&nbsp;<strong>l\u2019id\u00e9ologie<\/strong>.<\/p>\n\n\n\n<p>C\u2019est l\u2019\u00e9l\u00e9ment le plus stable et le plus g\u00e9n\u00e9ral.<\/p>\n\n\n\n<p>L\u2019id\u00e9ologie est une superstructure qui regroupe les repr\u00e9sentations sociales et les attitudes d\u2019une personne. Elle englobe et d\u00e9termine tous les autres \u00e9l\u00e9ments. Elle est unique. Il n\u2019y en a qu\u2019une seule pour chaque individu.<\/p>\n\n\n\n<p>Il est quasiment impossible d\u2019agir par la manipulation mentale directement sur l\u2019id\u00e9ologie, en raison de sa stabilit\u00e9 et de sa g\u00e9n\u00e9ralit\u00e9. Par g\u00e9n\u00e9ralit\u00e9, on entend qu\u2019elle est propre \u00e0 une soci\u00e9t\u00e9. Elle concerne des millions d\u2019individus.<\/p>\n\n\n\n<p>L\u2019id\u00e9ologie est l\u2019objet de la manipulation mentale sur le long terme. La propagande a pour objectif de faire changer l\u2019id\u00e9ologie d\u2019un individu. C\u2019est tr\u00e8s difficile et tr\u00e8s compliqu\u00e9. C\u2019est pour cela que la plupart des techniques que je vais vous pr\u00e9senter ne viseront qu\u2019\u00e0 changer les attitudes, les opinions ou les repr\u00e9sentations sociales.<\/p>\n\n\n\n<p>Lorsqu\u2019on parvient \u00e0 modifier plusieurs attitudes et qu\u2019elles entrent en contradiction avec les repr\u00e9sentations sociales, on obtient le changement des repr\u00e9sentations sociales. Il faut modifier plusieurs repr\u00e9sentations sociales pour obtenir un changement d\u2019id\u00e9ologie. C\u2019est un travail de longue haleine qui ne fonctionne pas toujours.<\/p>\n\n\n\n<p>Actuellement en France, il existe huit cultures politiques selon les travaux des historiens Serge Berstein (\u201c<em>Les cultures politiques en France<\/em>\u201c) et Ren\u00e9 Remond (\u201c<em>Les droites en France\u201d<\/em>).<\/p>\n\n\n\n<figure class=\"wp-block-image size-full is-resized\"><img loading=\"lazy\" decoding=\"async\" width=\"195\" height=\"320\" src=\"https:\/\/www.inconscient-collectif.com\/wp-content\/uploads\/2024\/03\/image-72.png\" alt=\"\" class=\"wp-image-260\" style=\"width:195px;height:auto\" srcset=\"https:\/\/www.inconscient-collectif.com\/wp-content\/uploads\/2024\/03\/image-72.png 195w, https:\/\/www.inconscient-collectif.com\/wp-content\/uploads\/2024\/03\/image-72-183x300.png 183w\" sizes=\"auto, (max-width: 195px) 100vw, 195px\" \/><\/figure>\n\n\n\n<figure class=\"wp-block-image size-full is-resized\"><img loading=\"lazy\" decoding=\"async\" width=\"594\" height=\"1000\" src=\"https:\/\/www.inconscient-collectif.com\/wp-content\/uploads\/2024\/03\/image-73.png\" alt=\"\" class=\"wp-image-261\" style=\"width:310px;height:auto\" srcset=\"https:\/\/www.inconscient-collectif.com\/wp-content\/uploads\/2024\/03\/image-73.png 594w, https:\/\/www.inconscient-collectif.com\/wp-content\/uploads\/2024\/03\/image-73-178x300.png 178w\" sizes=\"auto, (max-width: 594px) 100vw, 594px\" \/><\/figure>\n\n\n\n<p>Berstein et Remond font appara\u00eetre des syst\u00e8mes de repr\u00e9sentation, des codes, des ensembles de r\u00e9f\u00e9rent, des syst\u00e8mes de repr\u00e9sentation permanent dans la vie politique fran\u00e7aise. Ce sont des cultures politiques porteuses de normes partag\u00e9es par des groupes plus ou moins importants dans la soci\u00e9t\u00e9 et qui sont re\u00e7ut en h\u00e9ritage.<\/p>\n\n\n\n<p>Or, la culture politique correspond \u00e0 la notion d\u2019id\u00e9ologie de la psychologie sociale.<\/p>\n\n\n\n<p>Pour ceux qui ont l\u2019habitude de me lire, vous savez que j\u2019ai un double cursus de droit et de psychologie. A aucun moment, les auteurs ne font r\u00e9f\u00e9rence \u00e0 la psychologie sociale et \u00e0 la notion de pens\u00e9e sociale. Or, sans le savoir, leurs travaux viennent rejoindre ceux de la psychologie. Deux sp\u00e9cialit\u00e9s qui semblent s\u2019ignorer royalement, et c\u2019est bien dommage. Les travaux des deux auteurs viennent confirmer la notion d\u2019id\u00e9ologie de la psychologie sociale.<\/p>\n\n\n\n<p>Pour Serge Berstein, il y a huit cultures politiques en France&nbsp;:<\/p>\n\n\n\n<ul class=\"wp-block-list\">\n<li>La culture traditionaliste.<\/li>\n\n\n\n<li>La culture lib\u00e9rale.<\/li>\n\n\n\n<li>La culture socialiste.<\/li>\n\n\n\n<li>La culture communiste.<\/li>\n\n\n\n<li>La culture d\u00e9mocrate-chr\u00e9tienne.<\/li>\n\n\n\n<li>La culture r\u00e9publicaine.<\/li>\n\n\n\n<li>La culture nationaliste.<\/li>\n\n\n\n<li>La culture libertaire.<\/li>\n<\/ul>\n\n\n\n<p>L\u2019individu devra choisir parmi l\u2019une de ses huit id\u00e9ologies. Au pire, il pourra faire un m\u00e9lange de deux, voir de trois id\u00e9ologies.<\/p>\n\n\n\n<p>Une culture politique va \u00eatre associ\u00e9e \u00e0 un ou plusieurs partis politiques, parfois, a un syndicat, mais pas toujours. Chaque comportement est l\u2019expression de sa culture politique, chaque culture politique est une clef d\u2019intelligibilit\u00e9 de la vie politique.<\/p>\n\n\n\n<figure class=\"wp-block-image size-full is-resized\"><img loading=\"lazy\" decoding=\"async\" width=\"362\" height=\"415\" src=\"https:\/\/www.inconscient-collectif.com\/wp-content\/uploads\/2024\/03\/image-74.png\" alt=\"\" class=\"wp-image-262\" style=\"width:463px;height:auto\" srcset=\"https:\/\/www.inconscient-collectif.com\/wp-content\/uploads\/2024\/03\/image-74.png 362w, https:\/\/www.inconscient-collectif.com\/wp-content\/uploads\/2024\/03\/image-74-262x300.png 262w\" sizes=\"auto, (max-width: 362px) 100vw, 362px\" \/><\/figure>\n\n\n\n<p>Chaque culture politique va proposer une vision globale de la soci\u00e9t\u00e9, du monde, de son \u00e9volution. Chaque culture propose une vision de la soci\u00e9t\u00e9 id\u00e9ale quelle cherche \u00e0 construire. On va parler d\u2019id\u00e9ologie. L\u2019id\u00e9ologie sert \u00e0 construire l\u2019univers social et \u00e0 orienter le comportement et les conduites sociales d\u2019un individu.<\/p>\n\n\n\n<p>Les cultures politiques ne sont pas fixes historiquement. Elles sont l\u00e0 pour apporter une r\u00e9ponse \u00e0 un probl\u00e8me fondamentale qui se pose \u00e0 un moment donn\u00e9 de l\u2019histoire. Par exemple, la R\u00e9volution fran\u00e7aise suscite la cr\u00e9ation de deux cultures politiques&nbsp;: la culture traditionaliste, qui veut revenir \u00e0 la forme d\u2019organisation politique de l\u2019Ancien R\u00e9gime et donc ant\u00e9rieure \u00e0 la R\u00e9volution et la culture r\u00e9publicaine. Cependant, ses cultures vont s\u2019adapter aux circonstances nouvelles, tout en essayant de garder l\u2019ancien point de vue.<\/p>\n\n\n\n<h4 class=\"wp-block-heading\"><strong><mark style=\"background-color:rgba(0, 0, 0, 0)\" class=\"has-inline-color has-luminous-vivid-orange-color\">2. Les repr\u00e9sentation sociales.<\/mark><\/strong><\/h4>\n\n\n\n<p>En dessous de l\u2019id\u00e9ologie, nous trouvons&nbsp;<strong>les repr\u00e9sentations sociales&nbsp;<\/strong>qui d\u00e9coulent de l\u2019id\u00e9ologie.<\/p>\n\n\n\n<p>Elles ont une stabilit\u00e9 et une g\u00e9n\u00e9ralit\u00e9 moyenne.<\/p>\n\n\n\n<p>Nous avons plusieurs repr\u00e9sentations sociales en fonction des sujets. Elles trouvent leurs origines dans l\u2019id\u00e9ologie. C\u2019est l\u2019id\u00e9ologie qui d\u00e9termine le contenu de la repr\u00e9sentation sociale.<\/p>\n\n\n\n<figure class=\"wp-block-image size-full\"><img loading=\"lazy\" decoding=\"async\" width=\"424\" height=\"205\" src=\"https:\/\/www.inconscient-collectif.com\/wp-content\/uploads\/2024\/03\/image-75.png\" alt=\"\" class=\"wp-image-263\" srcset=\"https:\/\/www.inconscient-collectif.com\/wp-content\/uploads\/2024\/03\/image-75.png 424w, https:\/\/www.inconscient-collectif.com\/wp-content\/uploads\/2024\/03\/image-75-300x145.png 300w\" sizes=\"auto, (max-width: 424px) 100vw, 424px\" \/><\/figure>\n\n\n\n<p>Il est possible de modifier directement une repr\u00e9sentation sociale, m\u00eame si la t\u00e2che est assez difficile. En effet, tout comme l\u2019id\u00e9ologie, la repr\u00e9sentation sociale est stable. Qui dit stabilit\u00e9 dit que la modification directe de celle-ci est compliqu\u00e9. Souvent, le manipulateur, n\u2019agira pas sur elle pour obtenir un changement de comportement. Il faut modifier deux ou trois attitudes pour obtenir un changement de repr\u00e9sentation sociale.<\/p>\n\n\n\n<p>Prenons l\u2019exemple de l\u2019immigration. Cherchons la repr\u00e9sentation sociale de l\u2019immigration dans la culture socialiste et dans la culture nationaliste.<\/p>\n\n\n\n<p>Pour la culture socialiste, il faut regarder sur le site internet du Parti socialiste, leur programme sur l\u2019immigration. Il faut faire de m\u00eame avec le programme du Rassemblement National pour la culture nationaliste.<\/p>\n\n\n\n<p>Pour le Parti socialiste, nous avons les id\u00e9es suivantes :<\/p>\n\n\n\n<ul class=\"wp-block-list\">\n<li>Accueil.<\/li>\n\n\n\n<li>Respect de la dignit\u00e9.<\/li>\n\n\n\n<li>Droit d\u2019asile.<\/li>\n\n\n\n<li>Int\u00e9gration.<\/li>\n\n\n\n<li>Politique migratoire.<\/li>\n<\/ul>\n\n\n\n<p>Pour le Rassemblement Nationale, nous trouvons :<\/p>\n\n\n\n<ul class=\"wp-block-list\">\n<li>Profiteurs.<\/li>\n\n\n\n<li>Danger.<\/li>\n\n\n\n<li>Terrorisme.<\/li>\n\n\n\n<li>Ch\u00f4mage.<\/li>\n<\/ul>\n\n\n\n<p><\/p>\n\n\n\n<h4 class=\"wp-block-heading\"><strong><mark style=\"background-color:rgba(0, 0, 0, 0)\" class=\"has-inline-color has-luminous-vivid-orange-color\">3. Les attitudes.<\/mark><\/strong><\/h4>\n\n\n\n<p>Les attitudes sont g\u00e9n\u00e9r\u00e9es par l\u2019id\u00e9ologie et les repr\u00e9sentations sociales.<\/p>\n\n\n\n<p>Elles sont changeantes et personnelles.<\/p>\n\n\n\n<p>L\u2019attitude est seulement un comportement que l\u2019on adopte face \u00e0 un probl\u00e8me. Elle se polarise autour d\u2019un \u00e9l\u00e9ment positif ou n\u00e9gatif. Elle ne se verbalise pas, c\u2019est seulement un comportement vis-\u00e0-vis d\u2019une question. L\u2019attitude se verbalise par l\u2019opinion que nous verrons ensuite. Attitude et opinion sont intimement li\u00e9.<\/p>\n\n\n\n<p>Dans le cadre de l\u2019immigration, l\u2019attitude d\u2019un socialiste sera positive, alors que pour un sympathisant du Rassemblement National, elle sera n\u00e9gative. Le militant socialiste ira parler avec Mouloud, alors que celui du Rassemblement Nationale se sauvera en courant.<\/p>\n\n\n\n<p>L\u2019attitude est la cible privil\u00e9gi\u00e9e des techniques de manipulation mentale et de la propagande. C\u2019est elle qu\u2019il faut viser en priorit\u00e9 lorsqu\u2019on souhaite mettre en \u0153uvre l\u2019une de ses techniques. En modifiant plusieurs attitudes, on parvient \u00e0 faire changer une repr\u00e9sentation sociale.<\/p>\n\n\n\n<h4 class=\"wp-block-heading\"><strong><mark style=\"background-color:rgba(0, 0, 0, 0)\" class=\"has-inline-color has-luminous-vivid-orange-color\">4. Les opinions.<\/mark><\/strong><\/h4>\n\n\n\n<p>Enfin, tout en bas, se trouvent\u00a0<strong>les opinions<\/strong>\u00a0qui d\u00e9coulent des attitudes.<\/p>\n\n\n\n<figure class=\"wp-block-image size-full\"><img loading=\"lazy\" decoding=\"async\" width=\"465\" height=\"141\" src=\"https:\/\/www.inconscient-collectif.com\/wp-content\/uploads\/2024\/03\/image-76.png\" alt=\"\" class=\"wp-image-264\" srcset=\"https:\/\/www.inconscient-collectif.com\/wp-content\/uploads\/2024\/03\/image-76.png 465w, https:\/\/www.inconscient-collectif.com\/wp-content\/uploads\/2024\/03\/image-76-300x91.png 300w\" sizes=\"auto, (max-width: 465px) 100vw, 465px\" \/><\/figure>\n\n\n\n<p>Elles changent tr\u00e8s souvent et son diff\u00e9rentes pour chaque individu.<\/p>\n\n\n\n<p>Comme pour l\u2019attitude, l\u2019opinion est un facteur important dans les techniques de manipulation mentale. Il faut, en priorit\u00e9, chercher a modifier les attitudes et les opinions des gens pour obtenir un changement psychologique. Toute l\u2019histoire de la propagande \u00e0 travers les si\u00e8cles vise \u00e0 provoquer le changement des opinions et des attitudes. Ayant chang\u00e9 plusieurs attitudes, on obtient une modification de la repr\u00e9sentation sociale puis enfin de l\u2019id\u00e9ologie. La base \u00e9tant l\u2019attitude et l\u2019opinion. J\u2019ai en projet d\u2019\u00e9crire plusieurs articles sur le sujet. Le m\u00e9canisme psychologique en jeu n\u2019\u00e9tant jamais abord\u00e9 par les auteurs qui \u00e9crivent sur la propagande. C\u2019est pourtant un point fondamental.<\/p>\n\n\n\n<h3 class=\"wp-block-heading\"><strong><mark style=\"background-color:rgba(0, 0, 0, 0)\" class=\"has-inline-color has-vivid-cyan-blue-color\">B. La coh\u00e9rence de la cognition.<\/mark><\/strong><\/h3>\n\n\n\n<p>Cette consistance joue \u00e0 trois niveaux&nbsp;:<\/p>\n\n\n\n<ul class=\"wp-block-list\">\n<li>Le n<strong>i<\/strong>veau comportemental&nbsp;(<strong>1<\/strong>).<\/li>\n\n\n\n<li>Le niveau discursif(<strong>2<\/strong>).<\/li>\n\n\n\n<li>Le niveau cognitif\u00a0(<strong>3<\/strong>).<\/li>\n<\/ul>\n\n\n\n<p><\/p>\n\n\n\n<h4 class=\"wp-block-heading\"><strong><mark style=\"background-color:rgba(0, 0, 0, 0)\" class=\"has-inline-color has-luminous-vivid-orange-color\">1. Le niveau comportemental.<\/mark><\/strong><\/h4>\n\n\n\n<p>Nous produisons un ensemble de comportements qui sont coh\u00e9rents pour ne pas para\u00eetre cyclothymique.<\/p>\n\n\n\n<p>Reprenons notre exemple de l\u2019immigration. Un sympathisant socialiste comme un militant nationaliste va essayer de garder un comportement g\u00e9n\u00e9ral coh\u00e9rent au sujet des populations \u00e9trang\u00e8res vivant dans son pays. Est-ce que je parle gentiment \u00e0 un immigr\u00e9, est-ce que je donne \u00e0 boire et \u00e0 manger, \u00e0 un migrant qui dort dehors ? Ou alors est-ce que j\u2019insulte l\u2019\u00e9tranger ? Est-ce que je refuse d\u2019aider un migrant, car je d\u00e9sire qu\u2019il retourne chez lui en Afrique ? Le choix de ce comportement va d\u00e9pendre de mon id\u00e9ologie, de ma repr\u00e9sentation sociale de l\u2019immigration et de mon attitude sur le sujet.<\/p>\n\n\n\n<p>L\u2019objectif du propagandiste va \u00eatre de chercher \u00e0 provoquer une discordance dans le comportement afin de provoquer un m\u00e9canisme psychologique de dissonance cognitive. M\u00e9canisme qui aura pour objectif de r\u00e9tablir la coh\u00e9rence. Nous verrons cela ensuite.<\/p>\n\n\n\n<p>Le vrai \u00e9tat totalitaire, contrairement \u00e0 ce que l\u2019on pourrait croire, n\u2019a pas pour objectif d\u2019interdire de faire, mais bien au contraire d\u2019obliger \u00e0 faire. Par exemple, en ce moment, la quasi-totalit\u00e9 de la classe politico-m\u00e9diatique fran\u00e7aise a pris le choix politique d\u2019\u00eatre dans le camp isra\u00e9lien dans le cadre de la guerre du Shabbat. Il tente d\u2019obliger les autres \u00e0 dire que le Hamas est une organisation terroriste et \u00e0 r\u00e9duire le camp palestinien au camp qui soutient le Hamas. Si vous ne le faites pas, vous \u00eates imm\u00e9diatement qualifi\u00e9 d\u2019antis\u00e9mite. Nous sommes ici, clairement dans l\u2019application m\u00e9thodique de la technique de la dissonance cognitive au service d\u2019une propagande de guerre.<\/p>\n\n\n\n<p>Pourquoi chercher \u00e0 obliger \u00e0 faire ? Ou \u00e0 dire ? C\u2019est contre intuitif.<\/p>\n\n\n\n<p>C\u2019est simple, la r\u00e9ponse est dans la technique de la dissonance cognitive.<\/p>\n\n\n\n<p>En obligeant une personne \u00e0 agir d\u2019une certaine mani\u00e8re en contradiction avec ce qu\u2019elle pense, on provoque une dissonance cognitive dont on esp\u00e8re qu\u2019elle provoquera un changement de repr\u00e9sentation sociale voir d\u2019id\u00e9ologie.<\/p>\n\n\n\n<p>Sous le III<sup>e<\/sup>\u00a0Reich, on obligeait les gens \u00e0 faire le salut Nazi. Un homme, August Landmesser, refusa de le faire. Cela donna une photo mondialement c\u00e9l\u00e8bre. Le vrai acte de r\u00e9sistance dans un Etat totalitaire est de refuser de faire jusqu\u2019au bout. Il faut refuser de r\u00e9pondre \u00e0 la question du statut de terroriste du Hamas. C\u2019est une n\u00e9cessit\u00e9 vitale. C\u2019est l\u2019attitude qu\u2019adopta <a href=\"https:\/\/fr.wikipedia.org\/wiki\/August_Landmesser\" title=\"August Landemesser\">August Landemesser<\/a>.<\/p>\n\n\n\n<figure class=\"wp-block-image size-full\"><img loading=\"lazy\" decoding=\"async\" width=\"1024\" height=\"641\" src=\"https:\/\/www.inconscient-collectif.com\/wp-content\/uploads\/2024\/03\/image-77.png\" alt=\"\" class=\"wp-image-265\" srcset=\"https:\/\/www.inconscient-collectif.com\/wp-content\/uploads\/2024\/03\/image-77.png 1024w, https:\/\/www.inconscient-collectif.com\/wp-content\/uploads\/2024\/03\/image-77-300x188.png 300w, https:\/\/www.inconscient-collectif.com\/wp-content\/uploads\/2024\/03\/image-77-768x481.png 768w\" sizes=\"auto, (max-width: 1024px) 100vw, 1024px\" \/><\/figure>\n\n\n\n<figure class=\"wp-block-image size-full\"><img loading=\"lazy\" decoding=\"async\" width=\"700\" height=\"393\" src=\"https:\/\/www.inconscient-collectif.com\/wp-content\/uploads\/2024\/03\/image-78.png\" alt=\"\" class=\"wp-image-266\" srcset=\"https:\/\/www.inconscient-collectif.com\/wp-content\/uploads\/2024\/03\/image-78.png 700w, https:\/\/www.inconscient-collectif.com\/wp-content\/uploads\/2024\/03\/image-78-300x168.png 300w\" sizes=\"auto, (max-width: 700px) 100vw, 700px\" \/><\/figure>\n\n\n\n<p>C\u2019est tr\u00e8s difficile d\u2019\u00eatre celui qui dit \u201cnon\u201d dans une \u00e9poque o\u00f9 tout le monde est oblig\u00e9 de dire \u201coui\u201d. Tr\u00e8s difficile d\u2019\u00eatre un August Landmesser. Il \u00e9tait un modeste ouvrier des chantiers navals de Hambourg. Comme quoi, souvent la v\u00e9rit\u00e9 vient du petit peuple, des gens les plus modestes. Jamais ou presque jamais, un tel acte ne viendra de la bourgeoisie. Il avait compris, bien mieux que beaucoup de professeur d\u2019universit\u00e9 la v\u00e9rit\u00e9 essentielle du nazisme et la mani\u00e8re de lutter contre lui. Par conformisme, il aurait pu (il aurait d\u00fb) faire le salut nazi. Mais il refusa, car il voulait garder sa coh\u00e9rence cognitive. Alors que les 99 % qui l\u2019ont fait autour de lui devront pratiquer l\u2019une des quatre techniques de la dissonance cognitive afin de r\u00e9tablir cette coh\u00e9rence vitale afin de vivre en soci\u00e9t\u00e9.<\/p>\n\n\n\n<h4 class=\"wp-block-heading\"><strong><mark style=\"background-color:rgba(0, 0, 0, 0)\" class=\"has-inline-color has-luminous-vivid-orange-color\">2. Le niveau discursif.<\/mark><\/strong><\/h4>\n\n\n\n<p>Le niveau discursif concerne, non plus seulement les actes que nous produisons, mais le discours que nous tenons. Nous sommes dans le domaine de la communication verbale et para-verbal. La encore, l\u2019individu normal cherche la coh\u00e9rence. C\u2019est un objectif vital que nous impose la vie en soci\u00e9t\u00e9, un m\u00e9canisme bien int\u00e9gr\u00e9 dans chaque individu.<\/p>\n\n\n\n<p>La propagande des r\u00e9gimes totalitaires tente d\u2019obliger \u00e0 faire, mais \u00e9galement d\u2019obliger \u00e0 dire.<\/p>\n\n\n\n<p>C\u2019est \u00e9galement tout le sens d\u2019une sc\u00e8ne rest\u00e9 c\u00e9l\u00e8bre entre Etienne Chouard et le \u201cjournaliste\u201d Denis Robert. Denis Robert est l\u2019exemple m\u00eame du journaliste devenu propagandiste, collabo et bon petit soldat du totalitarisme. Il avait pour mission d\u2019obliger Etienne Chouard \u00e0 d\u00e9noncer les chambres \u00e0 Gaz.<\/p>\n\n\n\n<p>L\u00e0 aussi, nous avons le m\u00eame m\u00e9canisme de r\u00e9duction, de simplification et de raccourci typique des m\u00e9canismes de propagande. Pour la guerre du Shabbat, ne pas dire que le Hamas est un groupe terroriste, c\u2019est soutenir le terrorisme et donc \u00eatre un terroriste soit m\u00eame. On essaye de r\u00e9duire la cause palestinienne au Hamas et donc \u00e0 des terroristes. Une incroyable simplification de la complexit\u00e9 de la crise palestinienne. On tente par une technique, tr\u00e8s mal faite d\u2019ailleurs, de faire changer de repr\u00e9sentation sociale les pro-palestiniens afin de les amener \u00e0 adh\u00e9rer \u00e0 la cause isra\u00e9lienne. Bon courage. Nous verrons plus bas, que les services de l\u2019Ambassade d\u2019Isra\u00ebl en France vont utiliser une m\u00e9thode plus subtile et plus efficace. Heureusement pour leur camp qu\u2019ils ont des sp\u00e9cialistes plus efficaces de la guerre psychologique, car nos \u201cbras cass\u00e9s\u201d en France qui occupe tout l\u2019espace m\u00e9diatique sont pitoyables. L\u2019Etat isra\u00e9lien devrait choisir de meilleurs propagandistes.<\/p>\n\n\n\n<p>C\u2019est la m\u00eame chose pour les chambres \u00e0 gaz. On tente toujours de r\u00e9duire l\u2019horreur de la Shoah \u00e0 la seule existence des chambres \u00e0 gaz. Ne pas dire que les chambres \u00e0 gaz ont exist\u00e9, c\u2019est ni\u00e9 leur existence et donc nier l\u2019existence de la Shoah. Une simplification incroyable qui devrait faire sursauter n\u2019importe quelle personne intelligente. Lorsque je vivais \u00e0 Kiev, j\u2019ai visit\u00e9 le site de Babi yar. A Babi Yar, des centaines de milliers de juifs ont \u00e9t\u00e9 extermin\u00e9\u2026 par balle\u2026 pas de chambre \u00e0 gaz\u2026 On en fait quoi ? Ils sont ni\u00e9s ? Ces morts-l\u00e0 n\u2019existent pas. Et le ghetto de Varsovie ? Idem. Le vrai n\u00e9gationniste, c\u2019est Denis Robert\u2026<\/p>\n\n\n\n<p>Pourquoi cette attitude l\u00e0.<\/p>\n\n\n\n<p>Car le sujet des chambres \u00e0 gaz est le cheval de bataille du juda\u00efsme politique.<\/p>\n\n\n\n<p>Juda\u00efsme politique qui con\u00e7oit le juda\u00efsme, non pas comme une religion, mais comme une race. Ces gens-l\u00e0 sont ath\u00e9es et nient l\u2019existence de Dieu et du destin \u00e9tabli pour les Juifs dans l\u2019Ancien Testament. Ils veulent aller contre ce que Dieu a d\u00e9cid\u00e9 pour Isra\u00ebl. Vivre en exil depuis la mort du Christ, jusqu\u2019au retour du messie que les Juifs reconna\u00eetront. Faux juif ath\u00e9e, ils ont soutenu, durant la Deuxi\u00e8me Guerre mondiale les pers\u00e9cuteurs des vrais Juifs qui ont termin\u00e9 dans les camps. Les anc\u00eatres de ces gens-l\u00e0 ont financ\u00e9 la prise de pouvoir d\u2019Adolf Hitler (voir les travaux d\u2019Anthony Sutton) et ont ensuite soutenu P\u00e9tain et l\u2019occupation allemande de la France, livrant des listes de vrais Juifs a la Gestapo pour les faire envoyer dans les camps (lire les travaux de Simon Epstein et de Maurice Rajfus). Il surjouait l\u2019antis\u00e9mitisme au moment de l\u2019affaire Dreyfus, comme ils surjouent aujourd\u2019hui l\u2019antis\u00e9mitisme, pour finir dans les bras du nazisme, qu\u2019ils soient hitl\u00e9rien, ukrainien ou du Likoud. Nous revivons la m\u00eame histoire \u00e0 quatre-vingts ans d\u2019\u00e9cart.<\/p>\n\n\n\n<p>C\u2019est tout simplement insupportable de recevoir des le\u00e7ons de morale de ces gens-l\u00e0. Mon grand-p\u00e8re r\u00e9sistant dans le maquis bourguignon, faisait passer des femmes et des enfants Juifs en zone libre. La ligne de d\u00e9marcation traversait sa zone de maquis, dans le Morvan. Je n\u2019ai aucune le\u00e7on \u00e0 recevoir.<\/p>\n\n\n\n<p>La seule chose qui les int\u00e9resse, c\u2019est de provoquer un m\u00e9canisme de dissonance cognitive en obligeant les gens \u00e0 dire et \u00e0 faire ce qu\u2019ils ne veulent ni faire, ni dire. C\u2019est ce que montre tr\u00e8s bien la sc\u00e8ne entre Denis Robert et Etienne Chouard.<a href=\"https:\/\/www.youtube.com\/watch?v=C8yxHcdK834\"><\/a><\/p>\n\n\n\n<figure class=\"wp-block-embed is-provider-youtube wp-block-embed-youtube\"><div class=\"wp-block-embed__wrapper\">\n<iframe loading=\"lazy\" title=\"CHANTAGE \u00e0 L&#039;ANTIS\u00c9MITISME #3 - Etienne CHOUARD (vs Denis ROBERT et Mathias EINTHOVEN)\" width=\"800\" height=\"450\" src=\"https:\/\/www.youtube.com\/embed\/C8yxHcdK834?feature=oembed\" frameborder=\"0\" allow=\"accelerometer; autoplay; clipboard-write; encrypted-media; gyroscope; picture-in-picture; web-share\" referrerpolicy=\"strict-origin-when-cross-origin\" allowfullscreen><\/iframe>\n<\/div><\/figure>\n\n\n\n<p>Denis Robert pose la question de cette mani\u00e8re : \u201c<em>Est-ce que tu as un doute, toi personnel, sur l\u2019existence des chambres \u00e0 gaz ?\u201d<\/em><\/p>\n\n\n\n<p>R\u00e9ponse spontan\u00e9e d\u2019Etienne Chouard : \u201d&nbsp;<em>(il souffle) qu\u2019est-ce que c\u2019est que cette question\u2026pfff ce n\u2019est pas mon sujet\u2026 je n\u2019y connais rien.<\/em>\u201c<\/p>\n\n\n\n<p>Denis Robert affirme alors d\u2019un ton p\u00e9remptoire : \u201c<em>Mais non, tu ne peux pas r\u00e9pondre, j\u2019y connais rien<\/em>\u201c.<\/p>\n\n\n\n<p>Etienne Chouard : \u201c<em>mais pourquoi\u2026 Mais bien s\u00fbr que si\u2026 je vais te dire\u2026 oui j\u2019ai aucun doute\u2026 j\u2019ai aucun doute\u2026 Juste je n\u2019y connais rien. J\u2019ai aucun doute, car sinon je suis un criminel de la pens\u00e9e. Il y a un truc d\u00e9connant l\u00e0. Parce qu\u2019on demande aux gens d\u2019\u00eatre s\u00fbr, d\u2019avoir une certitude sur un sujet qu\u2019ils connaissent pas<\/em>.\u201d<\/p>\n\n\n\n<p>Dennis Robert : \u201c<em>Mais on peut avoir une opinion.<\/em>\u201c<\/p>\n\n\n\n<p>Le discours d\u2019Etienne Chouard est plein de bon sens. Il dit qu\u2019il n\u2019y conna\u00eet rien et qu\u2019il n\u2019en parle jamais. Mais cela ne suffit pas, car on veut obtenir de lui qu\u2019ils reconnaissent l\u2019existence des chambres \u00e0 gaz.<\/p>\n\n\n\n<p>Vous remarquerez avec moi que Denis Robert ne cherche pas \u00e0 lui faire dire s\u2019il condamne les camps de concentration, s\u2019il a des doutes sur la Shoah ou s\u2019il soutient le nazisme, ce qu\u2019il aurait fait sans probl\u00e8me. Moi aussi d\u2019ailleurs.<\/p>\n\n\n\n<p>Non. On cherche \u00e0 lui faire reconna\u00eetre l\u2019existence des chambres \u00e0 gaz. Pourquoi cette insistance sur ce petit d\u00e9tail (d\u00e9tail qui avait valu beaucoup d\u2019ennuis \u00e0 Jean-Marie Le Pen).<\/p>\n\n\n\n<p>C\u2019est justement l\u00e0 o\u00f9 se trouve la subtilit\u00e9 du m\u00e9canisme.<\/p>\n\n\n\n<p>Denis Robert n\u2019a pas cherch\u00e9 \u00e0 lui demander s\u2019il condamnait le nazisme ou les camps de la mort. La technique serait tomb\u00e9e \u00e0 l\u2019eau imm\u00e9diatement. Cela n\u2019aurait provoqu\u00e9 aucun m\u00e9canisme de dissonance cognitive, car justement, cette opinion est en ad\u00e9quation avec ce que pense Etienne Chouard, il faut aller chercher le petit point de d\u00e9tail qui va le mettre en difficult\u00e9, afin de susciter le doute dans son esprit. Du petit d\u00e9tail, on va ensuite g\u00e9n\u00e9raliser le propos. Le doute sur l\u2019existence des chambres \u00e0 gaz va devenir le doute sur la Shoah, puis la n\u00e9gation de la mort de Juifs dans les camps. On entre dans l\u2019esprit de la personne par le petit bout de la lorgnette.<\/p>\n\n\n\n<p>Derri\u00e8re la question de la chambre \u00e0 gaz, il y a un sujet qui fait pol\u00e9mique et donc la possibilit\u00e9 de la mise en \u0153uvre du m\u00e9canisme de dissonance cognitive. Il y a la question du professeur Faurisson ou de Vincent Reynouard et des \u00e9crits r\u00e9visionnistes de mani\u00e8re plus g\u00e9n\u00e9ral. Denis Robert avait rep\u00e9r\u00e9 que par le pass\u00e9, Etienne Chouard avait pris la d\u00e9fense de ces gens-l\u00e0, au nom de la libert\u00e9 d\u2019expression. C\u2019est pour cela qu\u2019il d\u00e9cide d\u2019utiliser cet angle d\u2019attaque. En cherchant \u00e0 lui faire dire \u201c<em>oui, je n\u2019ai aucun doute sur l\u2019existence des chambres \u00e0 gaz<\/em>\u201c, il va tenter de g\u00e9n\u00e9rer un conflit dans la cognition d\u2019Etienne Chouard.<\/p>\n\n\n\n<p>Une fois la situation redevenue normal, il reprendra son sch\u00e9ma de pens\u00e9e habituelle<\/p>\n\n\n\n<p>Toutefois, le simple fait de poser une question sur un point sensible n\u2019est pas suffisant pour provoquer de la dissonance, il faut ajouter de la peur, de l\u2019intimidation. C\u2019est l\u2019introduction de la pulsion num\u00e9ro 1, comme l\u2019aurait dit Serge Tchakhotine. La pulsion n\u00b01, c\u2019est la violence, l\u2019agressivit\u00e9. Il faut lire et relire \u201c<em>le viol des foules par la propagande politique<\/em>\u201d pour bien comprendre l\u2019importance des quatre pulsions fondamentales en mati\u00e8re de propagande. Pour forcer une personne \u00e0 dire ce qu\u2019elle ne veut pas dite, on le menace de proc\u00e8s, de prison, on l\u2019accuse d\u2019antis\u00e9mitisme, de racisme. Les dix plaies d\u2019Egypte vont s\u2019abattre sur lui, s\u2019il ne dit pas qu\u2019il condamne les chambres \u00e0 gaz ou s\u2019il ne dit pas que le Hamas est un groupe terroriste.<\/p>\n\n\n\n<p>Mais attention, il ne faut pas trop faire peur, ne pas menacer de mani\u00e8re trop forte la personne, sinon cela ne fonctionne plus. Parmis de multiples techniques issues de la th\u00e9orie de la dissonance cognitive, celle dont j\u2019ai d\u00e9cid\u00e9 de vous parler dans cet article porte le doux nom de \u201c<strong>technique de la soumission forc\u00e9e<\/strong>\u201c. La menace doit \u00eatre mod\u00e9r\u00e9e, car si elle est trop forte et trop violente, la personne qui subit la mise en \u0153uvre de la technique trouvera d\u2019autres m\u00e9canismes pour sortir du conflit interne qui rendra inefficace la propagande. Une fois la situation redevenue normale, il reprendra son sch\u00e9ma de pens\u00e9e habituel. L\u2019effet de la contrainte sera temporaire. C\u2019est le principal probl\u00e8me de la propagande nazie qui utilisa avec trop de force l\u2019intimidation sur la population. Contrairement aux id\u00e9es re\u00e7ues, la propagande d\u2019Hitler et de Goebbels fut un \u00e9chec, n\u2019entra\u00eenant pas de changement durable dans l\u2019esprit des gens. Une fois le Troisi\u00e8me Reich renvers\u00e9, les Allemands sont retourn\u00e9s vers leurs mani\u00e8res habituelles de penser. Une menace mod\u00e9r\u00e9e entra\u00eene une int\u00e9riorisation du conflit qui provoque un changement durable.<\/p>\n\n\n\n<p>Quelques semaines plus tard, la dissonance cognitive a fait son effet sur Etienne Chouard. Il est alors invit\u00e9 sur Sud radio en face d\u2019Elisabeth Levy. Une \u00e9mission devenue, elle aussi, culte.<a href=\"https:\/\/www.youtube.com\/watch?v=ocEjDgE22xI\"><\/a><\/p>\n\n\n\n<figure class=\"wp-block-embed is-type-video is-provider-youtube wp-block-embed-youtube wp-embed-aspect-16-9 wp-has-aspect-ratio\"><div class=\"wp-block-embed__wrapper\">\n<iframe loading=\"lazy\" title=\"Sud Radio ! Y a du peuple, Seul contre tous ! Etienne Chouard d\u00e9bat avec Elisabeth L\u00e9vy - 13\/06\/19\" width=\"800\" height=\"450\" src=\"https:\/\/www.youtube.com\/embed\/ocEjDgE22xI?feature=oembed\" frameborder=\"0\" allow=\"accelerometer; autoplay; clipboard-write; encrypted-media; gyroscope; picture-in-picture; web-share\" referrerpolicy=\"strict-origin-when-cross-origin\" allowfullscreen><\/iframe>\n<\/div><\/figure>\n\n\n\n<p>Lors de l\u2019\u00e9mission, on s\u2019aper\u00e7oit qu\u2019Etienne Chouard a chang\u00e9 radicalement de comportement et d\u2019opinion, face \u00e0 Elisabeth Levy.<\/p>\n\n\n\n<p>\u201c<em>Je suis vraiment d\u00e9sol\u00e9\u2026 j\u2019ai l\u2019impression d\u2019avoit fait une \u00e9norme connerie. Il fallait r\u00e9pondre\u2026 \u00e9videmment\u2026 \u00e9videmment il n\u2019est pas besoin de lire des livres pour avoir un point de vue sur la Shoah\u2026 puisqu\u2019il n\u2019y a pas de doute\u2026 il n\u2019y a aucun doute l\u00e0-dessus. Les chambres \u00e0 gaz ont exist\u00e9, cela ne fait pas l\u2019ombre d\u2019un doute. Je ne suis pas n\u00e9gationniste. Pour moi la Shoah, c\u2019est \u00e9videmment l\u2019incarnation de l\u2019horreur. C\u2019est une indignation, c\u2019est r\u00e9voltant, c\u2019est r\u00e9pugnant, c\u2019est scandaleux, au point que cela devrait continuer \u00e0 nous mobiliser pour \u00e9viter que cela ne recommence.<\/em>\u201c<\/p>\n\n\n\n<p>Que s\u2019est-il pass\u00e9 ?<\/p>\n\n\n\n<p>Etienne Chouard a chang\u00e9 de repr\u00e9sentation sociale en raison de la dissonance cognitive.<\/p>\n\n\n\n<p>Bien comprendre le m\u00e9canisme en jeu.<\/p>\n\n\n\n<ol class=\"wp-block-list\">\n<li>Par la peur et une menace mod\u00e9r\u00e9es, on cherche \u00e0 forcer une personne \u00e0 dire le contraire de ce qu\u2019elle pense.<\/li>\n\n\n\n<li>La personne c\u00e8de \u00e0 l\u2019injonction en accepter de dire le contraire de ce quelle pense.<\/li>\n\n\n\n<li>Cela provoque une dissonance cognitive. Conflit au sein du psychisme.<\/li>\n\n\n\n<li>R\u00e9solution du conflit, en utilisant l\u2019un des quatre m\u00e9canismes de r\u00e9duction de la dissonance.<\/li>\n<\/ol>\n\n\n\n<p>La r\u00e9solution du conflit cognitif peut se faire de quatre mani\u00e8res diff\u00e9rentes (nous verrons cela ensuite) dont l\u2019une est le changement de cognition. C\u2019est celle-l\u00e0 qu\u2019Etienne Chouard va choisir. Il aurait pu faire autrement. Il aurait m\u00eame pu \u00e9viter d\u2019entrer dans le processus de la dissonance cognitive.<\/p>\n\n\n\n<p>Comment emp\u00eacher la mise en \u0153uvre de la dissonance cognitive ?<\/p>\n\n\n\n<p>C\u2019est tr\u00e8s simple.<\/p>\n\n\n\n<p>En d\u00e9non\u00e7ant la technique que son adversaire met en \u0153uvre contre lui. Il aurait d\u00fb parler de dissonance cognitive ou de technique de soumission forc\u00e9e et accuser son adversaire de manipuler les gens. Lorsque vous sentez que l\u2019on veut vous forcer sous contrainte \u00e0 dire quelque chose que vous ne voulez pas dire, il y a technique de la soumission forc\u00e9e. Une fois ses \u00e9l\u00e9ments d\u00e9tect\u00e9s lors d\u2019une interview ou d\u2019une discussion, il faut le dire. Ses techniques ne fonctionnent que parce que celui qui les subit ne le sait pas. S\u2019il a compris ce qui se passe, le manipulateur \u00e0 \u00e9chouer et il n\u2019y aura pas de dissonance. Cela permet de couper l\u2019herbe sous le pied de son interlocuteur.<\/p>\n\n\n\n<p>Je suis \u00e9tonn\u00e9 de la passivit\u00e9 d\u2019Etienne Chouard, comme de Jean-Marie Le Pen au moment de l\u2019affaire du \u201cpoint de d\u00e9tail\u201d. Ces gens-l\u00e0, n\u2019ont-ils aucun conseiller politique qui a fait des \u00e9tudes de psychologie. La m\u00e9diocrit\u00e9 de leur entourage est flagrante. C\u2019est l\u2019\u00e9poque qui veut cela.<\/p>\n\n\n\n<p>Je pr\u00e9cise que je n\u2019ai aucune sympathie pour les th\u00e8ses n\u00e9gationnistes ou m\u00eame r\u00e9visionniste. Ce sont des gens \u00e0 la mentalit\u00e9 tr\u00e8s particuli\u00e8re avec qui j\u2019ai eu par le pass\u00e9 beaucoup de probl\u00e8mes. J\u2019ai le m\u00eame point de vue vis-\u00e0-vis des \u201cfaux Juifs\u201d souvent ath\u00e9e qui exploitent ce malheur afin de manipuler les foules, car il ne croit pas en Dieu. L\u00e0 aussi, nous avons un groupe tr\u00e8s particulier aux id\u00e9es identiques \u00e0 celles de n\u00e9gationnistes (ath\u00e9isme et int\u00e9r\u00eat pour le nazisme). Les n\u00e9gationnistes utilisent les m\u00eames techniques d\u00e9tourn\u00e9es de manipulation mentale. Sous couvert d\u2019une critique du juda\u00efsme de l\u2019Ancien Testament, il attaque par un moyen d\u00e9tourn\u00e9 le catholicisme, la religion qui continua le juda\u00efsme en raison de la Nouvelle alliance. Ils sont souvent silencieux sur le Juda\u00efsme n\u00e9 apr\u00e8s l\u2019arriv\u00e9 du Christ, c\u2019est-\u00e0-dire le Talmud et la Kabbale. Presque toujours, ces gens-l\u00e0 sont ath\u00e9es et\/ou n\u00e9o-pa\u00efens sans jamais le pr\u00e9cis\u00e9 explicitement. Et lorsqu\u2019ils se revendiquent du catholicisme, ils ne le sont pas, mais sont proches des id\u00e9es de l\u2019h\u00e9r\u00e9tique Marcion.<\/p>\n\n\n\n<p>Au milieu, de ces faux Juifs et des n\u00e9gationnistes n\u00e9o-pa\u00efens, qui repr\u00e9sente une minuscule minorit\u00e9 de la population, il y a le petit peuple juif comme catholique qui est pris en otage dans un conflit d\u2019arri\u00e8re-cours sans grande importance et surtout sans int\u00e9r\u00eat.<\/p>\n\n\n\n<h4 class=\"wp-block-heading\"><strong><mark style=\"background-color:rgba(0, 0, 0, 0)\" class=\"has-inline-color has-luminous-vivid-orange-color\">3. Le niveau cognitif.<\/mark><\/strong><\/h4>\n\n\n\n<p>La coh\u00e9rence doit \u00eatre comportementale, discursive, mais \u00e9galement \u00e0 l\u2019int\u00e9rieur de nos connaissances. Tout ce que nos savoirs doivent \u00eatre coh\u00e9rents entre eux. Cela se fait par le biais de l\u2019exposition s\u00e9lective, c\u2019est-\u00e0-dire que l\u2019on cherche \u00e0 \u00e9viter toute connaissance qui remettrait en cause nos connaissances \u00e9tablit.<\/p>\n\n\n\n<p>Pour parler plus simplement, notre coh\u00e9rence se manifeste dans nos paroles, dans nos actes, mais \u00e9galement dans notre pens\u00e9e. C\u2019est pour cela que les r\u00e9gimes totalitaires ne se contentent pas de lutter contre ce que vous dites tout haut, contre ce que vous faites, mais \u00e9galement va tenter de lutter contre votre pens\u00e9e int\u00e9rieure. On observe bien cette lutte contre la pens\u00e9e int\u00e9rieure des citoyens dans le roman \u201c<em>1984<\/em>\u201d de Georges Orwell. C\u2019est la manifestation du niveau cognitif.<\/p>\n\n\n\n<p>Elle se retrouve chaque jour dans l\u2019actualit\u00e9 du moment. On tente de deviner la pens\u00e9e des gens en analysant leurs discours ou leurs actes, voir m\u00eame ce que ne nous ne faisons pas et qui serait cens\u00e9 exprimer notre pens\u00e9e la plus intime. \u00c9voquons la pol\u00e9mique sur Karim Benzema qui n\u2019aurait pas fait de tweet sur les victimes civiles en Isra\u00ebl, alors qu\u2019il le fait pour celle de Gaza. Cela serait cens\u00e9 exprimer une forme d\u2019antis\u00e9mitisme latent\u2026 l\u2019antis\u00e9mitisme par omission, une nouvelle forme de crime de la pens\u00e9e dans la France de Macron.<\/p>\n\n\n\n<figure class=\"wp-block-image size-full\"><img loading=\"lazy\" decoding=\"async\" width=\"686\" height=\"1024\" src=\"https:\/\/www.inconscient-collectif.com\/wp-content\/uploads\/2024\/03\/image-79.png\" alt=\"\" class=\"wp-image-267\" srcset=\"https:\/\/www.inconscient-collectif.com\/wp-content\/uploads\/2024\/03\/image-79.png 686w, https:\/\/www.inconscient-collectif.com\/wp-content\/uploads\/2024\/03\/image-79-201x300.png 201w\" sizes=\"auto, (max-width: 686px) 100vw, 686px\" \/><\/figure>\n\n\n\n<p>Loin de moi l\u2019id\u00e9e de d\u00e9fendre Karim Benzema pour lequel je n\u2019ai aucune sympathie. J\u2019utilise simplement cet exemple afin de montrer les m\u00e9canismes psychologiques derri\u00e8re l\u2019actualit\u00e9. Il existe mille raisons psychologiques qui pourraient expliquer le comportement de M. Benzema, autre que l\u2019antis\u00e9mitisme. Par exemple des motifs de choix politiques, religieux ou simplement la fiert\u00e9. L\u2019objectif du totalitarisme \u00e9tant d\u2019obliger \u00e0 dire ou \u00e0 faire afin de forcer \u00e0 penser comme eux. En accusant Karim Benzema d\u2019antis\u00e9mitisme, on tente de le forcer \u00e0 dire quelque chose qu\u2019il pense peut-\u00eatre, mais qu\u2019il n\u2019a pas envie de dire publiquement. Moi cela m\u2019arrive r\u00e9guli\u00e8rement. Or, ce genre d\u2019attitude est interdit dans un r\u00e9gime totalitaire. C\u2019est tout l\u2019objet de la dimension cognitive.<\/p>\n\n\n\n<h2 class=\"wp-block-heading\"><strong><mark style=\"background-color:rgba(0, 0, 0, 0)\" class=\"has-inline-color has-vivid-red-color\">II. La dissonance cognitive.<\/mark><\/strong><\/h2>\n\n\n\n<p>La dissonance cognitive a \u00e9t\u00e9 \u00e9labor\u00e9e par le psychologue juif am\u00e9ricain <a href=\"https:\/\/fr.wikipedia.org\/wiki\/Leon_Festinger\" title=\"L\u00e9on Festinger\">L\u00e9on Festinger<\/a> (1919-1989).<\/p>\n\n\n\n<figure class=\"wp-block-image size-full\"><img loading=\"lazy\" decoding=\"async\" width=\"389\" height=\"308\" src=\"https:\/\/www.inconscient-collectif.com\/wp-content\/uploads\/2024\/03\/image-80.png\" alt=\"\" class=\"wp-image-268\" srcset=\"https:\/\/www.inconscient-collectif.com\/wp-content\/uploads\/2024\/03\/image-80.png 389w, https:\/\/www.inconscient-collectif.com\/wp-content\/uploads\/2024\/03\/image-80-300x238.png 300w\" sizes=\"auto, (max-width: 389px) 100vw, 389px\" \/><figcaption class=\"wp-element-caption\">L\u00e9on Festinger.<br><\/figcaption><\/figure>\n\n\n\n<p>Il travailla sous les ordres de Kurt Lewin au MIT (Massachusetts Institute of Technology), auquel il succ\u00e9dera apr\u00e8s sa mort. Nous sommes ici en plein dans les travaux ayant servi \u00e0 manipuler les foules dont Kurt Lewin est l\u2019un des ma\u00eetres. Lewin et Festinger sont d\u2019ailleurs, je n\u2019h\u00e9site pas \u00e0 le dire, deux g\u00e9nies, gr\u00e2ce \u00e0 qui nous pouvons comprendre d\u2019importants m\u00e9canismes de la psychologie humaine.&nbsp;<\/p>\n\n\n\n<p>La th\u00e9orie de la dissonance cognitive de Festinger vient compl\u00e9ter celle de la consistance cognitive que nous venons de voir. Elle s\u2019articule enti\u00e8rement autour de la th\u00e9orie de la consistance cognitive.<\/p>\n\n\n\n<p>Naturellement, chez l\u2019homme normal, il y a une coh\u00e9rence cognitive, c\u2019est-\u00e0-dire que l\u2019id\u00e9ologie est en accord avec les diff\u00e9rentes repr\u00e9sentations sociales, les repr\u00e9sentations sociales \u00e9tant elle-m\u00eame en accord avec les attitudes et les opinions. Mais parfois, un \u00e9l\u00e9ment ext\u00e9rieur vient cr\u00e9er le d\u00e9sordre \u00e0 l\u2019int\u00e9rieur du cerveau d\u2019une personne. C\u2019est-l\u00e0 que va se produire la dissonance cognitive.<\/p>\n\n\n\n<p>Pour la fin de l\u2019article, je voudrais aborder la question de l\u2019utilisation des enfants dans la propagande de guerre de l\u2019arm\u00e9e isra\u00e9lienne dans le cadre de la guerre du Shabbat. J\u2019ai fait ce choix afin de rester coh\u00e9rent avec le th\u00e8me adopt\u00e9 depuis le d\u00e9but de l\u2019article. De plus, j\u2019ai per\u00e7u dans la communication du gouvernement isra\u00e9lien une utilisation tr\u00e8s habille et tr\u00e8s subtil de la technique de la dissonance cognitive, en ce qui concerne les enfants et les jeunes femmes mortes s le 7 octobre 2023. Il cherche \u00e0 amener l\u2019opinion publique internationale \u00e0 un changement de cognition \u00e0 l\u2019\u00e9gard de l\u2019intervention militaire \u00e0 Gaza.<\/p>\n\n\n\n<p>Ce n\u2019est pas une obsession de ma part, mais c\u2019est l\u2019actualit\u00e9 qui commande mon choix. Depuis plus d\u2019un mois, nous sommes submerg\u00e9s par des gens qui nous accusent d\u2019antis\u00e9mitisme du matin au soir, chaque jour de la semaine. Le mot est prononc\u00e9 quarante fois par heure, vingt-quatre heures sur vingt-quatre, sur toutes les cha\u00eenes de t\u00e9l\u00e9vision, sur toutes les stations de radio, sur tous les r\u00e9seaux sociaux. Du jamais-vu. Jamais, dans toute l\u2019histoire du monde occidental, un mot n\u2019aura autant \u00e9t\u00e9 utilis\u00e9 que celui-l\u00e0\u2026 Jusqu\u2019\u00e0 la naus\u00e9e.<\/p>\n\n\n\n<p>C\u2019est le signe d\u2019une intense campagne de propagande.<\/p>\n\n\n\n<p>Sans doute sommes nous en pr\u00e9sence de la plus grande campagne de propagande de tous les temps.<\/p>\n\n\n\n<p>Je ne pouvais donc pas faire autrement que d\u2019en parler.<\/p>\n\n\n\n<p>Nous verrons dans le dernier article de cette s\u00e9rie sur la manipulation mentale que l\u2019arme absolue de la propagande, c\u2019est la r\u00e9p\u00e9tition. R\u00e9p\u00e9tition afin de produire le conditionnement. A quoi veut-on nous conditionner ? C\u2019est toute la question\u2026<\/p>\n\n\n\n<p>J\u2019observe depuis un mois la page Twitter de l\u2019Ambassade d\u2019Isra\u00ebl en France. Le responsable de la communication de l\u2019Ambassade est talentueux. Quelle redoutable efficacit\u00e9. Depuis le 7 octobre 2023, il diffuse des photos de victime de l\u2019attaque du Hamas. Beaucoup de femmes tr\u00e8s belles et de jeunes enfants qui pourrait \u00eatre les n\u00f4tres.<\/p>\n\n\n\n<p>Il y a eu ce message qui provoqua chez moi une intense \u00e9motion. Je me rappelle \u00eatre rest\u00e9 bloqu\u00e9 sur ce message de longues minutes comme t\u00e9tanis\u00e9. C\u2019est en essayant de comprendre concr\u00e8tement ce qui m\u2019\u00e9tait arriv\u00e9 que j\u2019ai eu l\u2019id\u00e9e d\u2019\u00e9crire la fin de cet article.<\/p>\n\n\n\n<figure class=\"wp-block-image size-full\"><img loading=\"lazy\" decoding=\"async\" width=\"454\" height=\"406\" src=\"https:\/\/www.inconscient-collectif.com\/wp-content\/uploads\/2024\/03\/image-81.png\" alt=\"\" class=\"wp-image-270\" srcset=\"https:\/\/www.inconscient-collectif.com\/wp-content\/uploads\/2024\/03\/image-81.png 454w, https:\/\/www.inconscient-collectif.com\/wp-content\/uploads\/2024\/03\/image-81-300x268.png 300w\" sizes=\"auto, (max-width: 454px) 100vw, 454px\" \/><\/figure>\n\n\n\n<p>Une simple photo avec un petit texte pr\u00e9sentant les pr\u00e9noms et l\u2019\u00e2ge des victimes, peut faire beaucoup plus d\u2019effet qu\u2019un long discours. Elle peut avoir un effet d\u00e9vastateur sur l\u2019\u00eatre humain. Il y a parfois des images qui arrivent \u00e0 vous hanter toute une vie. C\u2019est la force et le grand secret de la propagande que beaucoup de gens m\u00e9connaisse.<\/p>\n\n\n\n<p>La photo ou l\u2019image fixe est le plus puissant des supports de la propagande, plus puissant que la vid\u00e9o ou le texte. Un seul exemple. Que reste-t-il dans la m\u00e9moire de la population de la Seconde Guerre mondiale ? Deux images. Deux images inoubliables, alors m\u00eame que le cin\u00e9ma a film\u00e9 des centaines de milliers d\u2019heures d\u2019images sur la pellicule. Mais vous n\u2019avez retenu que deux images qui ont marqu\u00e9 tous les esprits. La photo du drapeau sovi\u00e9tique sur le reichstag et le drapeau am\u00e9ricain dress\u00e9 \u00e0 Iwo Jima. Cela montre la sup\u00e9riorit\u00e9 \u00e9motionnelle de l\u2019image sur le film, l\u2019\u00e9crit ou la voix. M\u00eame lorsque le film est r\u00e9alis\u00e9 par des g\u00e9nies absolus du cin\u00e9ma comme Sergei Eisenstein, Leni Riefensthal ou Frank Capra. C\u2019est un principe qui n\u2019est plus \u00e0 d\u00e9montrer, m\u00eame au temps d\u2019Internet.<\/p>\n\n\n\n<figure class=\"wp-block-image size-full\"><img loading=\"lazy\" decoding=\"async\" width=\"1024\" height=\"734\" src=\"https:\/\/www.inconscient-collectif.com\/wp-content\/uploads\/2024\/03\/image-82.png\" alt=\"\" class=\"wp-image-271\" srcset=\"https:\/\/www.inconscient-collectif.com\/wp-content\/uploads\/2024\/03\/image-82.png 1024w, https:\/\/www.inconscient-collectif.com\/wp-content\/uploads\/2024\/03\/image-82-300x215.png 300w, https:\/\/www.inconscient-collectif.com\/wp-content\/uploads\/2024\/03\/image-82-768x551.png 768w\" sizes=\"auto, (max-width: 1024px) 100vw, 1024px\" \/><figcaption class=\"wp-element-caption\">drapeau sovi\u00e9tique sur le Reichstag.<br><a href=\"https:\/\/www.astrologie-mondiale.com\/wp-content\/uploads\/2023\/11\/image-7.png\"><\/a><\/figcaption><\/figure>\n\n\n\n<figure class=\"wp-block-image size-full\"><img loading=\"lazy\" decoding=\"async\" width=\"1024\" height=\"769\" src=\"https:\/\/www.inconscient-collectif.com\/wp-content\/uploads\/2024\/03\/image-83.png\" alt=\"\" class=\"wp-image-272\" srcset=\"https:\/\/www.inconscient-collectif.com\/wp-content\/uploads\/2024\/03\/image-83.png 1024w, https:\/\/www.inconscient-collectif.com\/wp-content\/uploads\/2024\/03\/image-83-300x225.png 300w, https:\/\/www.inconscient-collectif.com\/wp-content\/uploads\/2024\/03\/image-83-768x577.png 768w\" sizes=\"auto, (max-width: 1024px) 100vw, 1024px\" \/><figcaption class=\"wp-element-caption\">Drapeau am\u00e9ricain \u00e0 Iwo Jima.<\/figcaption><\/figure>\n\n\n\n<p>M\u00eame chose pour les photos des victimes du 7 octobre 2023. La jeune fille espi\u00e8gle au centre de l\u2019image attire tous les regards. On ne voit qu\u2019elle. On ne pense qu\u2019\u00e0 elle, lorsqu\u2019on pose son regard sur la photo. Cela r\u00e9veille l\u2019instinct paternel ou maternel des gens. On pense imm\u00e9diatement \u00e0 notre fille, a notre ni\u00e8ce ou a notre petite fille.<\/p>\n\n\n\n<p>C\u2019est le petit texte qui accompagne l\u2019image qui joue le r\u00f4le de d\u00e9clencheur de l\u2019\u00e9motion, car il nous informe que cette petite fille est morte et qu\u2019elle avait six ans. Il permet d\u2019interpr\u00e9ter et de donner du sens \u00e0 la photo. Je ne saurais assez souligner l\u2019importance du petit texte qui accompagne la photo. C\u2019est la combinaison de la photo et du texte qui rend ce support de propagande aussi efficace.<\/p>\n\n\n\n<p>Comme le montrait d\u00e9j\u00e0 Serge Tchakhotine dans son \u201c<em>viol des foules par la propagande politique<\/em>\u201c, l\u2019\u00e9motion comme la peur peut \u00eatre une puissante arme de manipulation mentale. La peur, c\u2019est la pulsion n\u00b01, alors que l\u2019instinct maternel et paternel, c\u2019est la pulsion n\u00b04. La pulsion sexuelle, c\u2019est la pulsion n\u00b03, elle est utilis\u00e9e \u00e9galement par l\u2019ambassade d\u2019Isra\u00ebl en France \u00e0 travers l\u2019exhibition des photos de charmantes jeunes filles tu\u00e9es le 7 octobre 2023.<\/p>\n\n\n\n<p>Je pense au destin tragique de Shani Luk qui a \u00e9mu le monde entier. Une image et un visage qui restera, sans aucun doute, longtemps grav\u00e9 dans la m\u00e9moire du peuple.<\/p>\n\n\n\n<figure class=\"wp-block-image size-full is-resized\"><img loading=\"lazy\" decoding=\"async\" width=\"320\" height=\"631\" src=\"https:\/\/www.inconscient-collectif.com\/wp-content\/uploads\/2024\/03\/image-84.png\" alt=\"\" class=\"wp-image-273\" style=\"width:361px;height:auto\" srcset=\"https:\/\/www.inconscient-collectif.com\/wp-content\/uploads\/2024\/03\/image-84.png 320w, https:\/\/www.inconscient-collectif.com\/wp-content\/uploads\/2024\/03\/image-84-152x300.png 152w\" sizes=\"auto, (max-width: 320px) 100vw, 320px\" \/><\/figure>\n\n\n\n<p>Sur le message de l\u2019Ambassade d\u2019Isra\u00ebl, on voit d\u2019ailleurs de mani\u00e8re explicite le r\u00e9dacteur du texte canalis\u00e9 l\u2019\u00e9motion ou la col\u00e8re des gens la guerre que l\u2019arm\u00e9e isra\u00e9lienne m\u00e8ne \u00e0 Gaza. On utilise la technique de la soumission forc\u00e9e, de la dissonance cognitive pour amener les gens \u00e0 la guerre.<\/p>\n\n\n\n<p>\u201c<em>Isra\u00ebl fera payer le prix fort au Hamas pour les viols, les kidnappings, les tortures, les massacres.<\/em>\u201c<\/p>\n\n\n\n<p>Le texte fait ensuite r\u00e9f\u00e9rence, assez ironiquement, \u00e0 \u201c<em>la manipulation m\u00e9diatique contre les Isra\u00e9liens<\/em>\u201c, alors que le message est lui aussi une manipulation mentale.<\/p>\n\n\n\n<p>Pensons \u00e9galement \u00e0 Lin au physique de mannequin qui perdit la vie lors du festival de techno.<\/p>\n\n\n\n<figure class=\"wp-block-image size-full\"><img loading=\"lazy\" decoding=\"async\" width=\"468\" height=\"618\" src=\"https:\/\/www.inconscient-collectif.com\/wp-content\/uploads\/2024\/03\/image-85.png\" alt=\"\" class=\"wp-image-274\" srcset=\"https:\/\/www.inconscient-collectif.com\/wp-content\/uploads\/2024\/03\/image-85.png 468w, https:\/\/www.inconscient-collectif.com\/wp-content\/uploads\/2024\/03\/image-85-227x300.png 227w\" sizes=\"auto, (max-width: 468px) 100vw, 468px\" \/><\/figure>\n\n\n\n<p>Je ne juge pas l\u2019Etat d\u2019Isra\u00ebl pour avoir utilis\u00e9 ces images et celle de la mort de Shani, afin d\u2019amener les gens \u00e0 soutenir la guerre d\u2019Isra\u00ebl \u00e0 Gaza. C\u2019est quelque chose de normal dans le cadre de la guerre moderne de quatri\u00e8me g\u00e9n\u00e9ration. La guerre psychologique et l\u2019utilisation de la propagande sont une arme comme une autre dans ce type de conflit.<\/p>\n\n\n\n<p>La campagne de propagande de l\u2019Ambassade d\u2019Isra\u00ebl en France est un mod\u00e8le du genre d\u2019une redoutable efficacit\u00e9 qui semble compenser d\u2019autres campagnes plus ou moins catastrophique men\u00e9 tambour battant dans les m\u00e9dias, comme cette \u00e9trange m\u00e9thode consistant \u00e0 insulter un peuple dont on veut obtenir le soutien, en lui jetant \u00e0 la figure du matin au soir le mot \u201cantis\u00e9mite\u201d. Ce qui laisse penser que la guerre d\u2019Isra\u00ebl est men\u00e9e contre les musulmans et contre les chr\u00e9tiens.<\/p>\n\n\n\n<p>Indulgence vis-\u00e0-vis de l\u2019usage des enfants et des femmes comme armes de propagande par Isra\u00ebl, d\u2019autant plus que leurs adversaires en font autant. Un grand classique de la propagande de guerre. Chaque camp va \u201cutiliser\u201d ses enfants morts pour faire valoir sa cause. Certaines images du c\u00f4t\u00e9 palestinien sonnent faux. Des enfants souriants au milieu des ruines de leurs maisons, un petit drapeau palestinien \u00e0 la main comme un supporter de football ; un enfant avec six doigts sur une de ses mains. C\u2019est l\u2019entr\u00e9e de l\u2019intelligence artificielle dans le conflit. Il faut aussi le dire.<\/p>\n\n\n\n<figure class=\"wp-block-image size-full\"><img loading=\"lazy\" decoding=\"async\" width=\"1024\" height=\"1015\" src=\"https:\/\/www.inconscient-collectif.com\/wp-content\/uploads\/2024\/03\/image-86.png\" alt=\"\" class=\"wp-image-275\" srcset=\"https:\/\/www.inconscient-collectif.com\/wp-content\/uploads\/2024\/03\/image-86.png 1024w, https:\/\/www.inconscient-collectif.com\/wp-content\/uploads\/2024\/03\/image-86-300x297.png 300w, https:\/\/www.inconscient-collectif.com\/wp-content\/uploads\/2024\/03\/image-86-150x150.png 150w, https:\/\/www.inconscient-collectif.com\/wp-content\/uploads\/2024\/03\/image-86-768x761.png 768w\" sizes=\"auto, (max-width: 1024px) 100vw, 1024px\" \/><\/figure>\n\n\n\n<figure class=\"wp-block-image size-full\"><img loading=\"lazy\" decoding=\"async\" width=\"1024\" height=\"890\" src=\"https:\/\/www.inconscient-collectif.com\/wp-content\/uploads\/2024\/03\/image-87.png\" alt=\"\" class=\"wp-image-276\" srcset=\"https:\/\/www.inconscient-collectif.com\/wp-content\/uploads\/2024\/03\/image-87.png 1024w, https:\/\/www.inconscient-collectif.com\/wp-content\/uploads\/2024\/03\/image-87-300x261.png 300w, https:\/\/www.inconscient-collectif.com\/wp-content\/uploads\/2024\/03\/image-87-768x668.png 768w\" sizes=\"auto, (max-width: 1024px) 100vw, 1024px\" \/><\/figure>\n\n\n\n<p>Revenons au sujet qui nous int\u00e9resse. Afin de r\u00e9duire la dissonance, on va effectuer un travail que l\u2019on appelle la&nbsp;<strong>r\u00e9duction<\/strong>&nbsp;ou&nbsp;<strong>rationalisation<\/strong>.<\/p>\n\n\n\n<p>Il existe quatre m\u00e9canismes de r\u00e9duction de la dissonance&nbsp;:<\/p>\n\n\n\n<ul class=\"wp-block-list\">\n<li>Le d\u00e9ni&nbsp;(<strong>A<\/strong>).<\/li>\n\n\n\n<li>L\u2019\u00e9tayage&nbsp;(<strong>B<\/strong>).<\/li>\n\n\n\n<li>Le r\u00e9\u00e9quilibrage&nbsp;(<strong>C<\/strong>).<\/li>\n\n\n\n<li>Le changement&nbsp;des cognitions initiales (<strong>D<\/strong>).<\/li>\n<\/ul>\n\n\n\n<p>Les trois premiers m\u00e9canismes sont des \u00e9checs pour le propagandiste. Seul le quatri\u00e8me est int\u00e9ressant pour celui qui met en \u0153uvre la technique de la dissonance cognitive, car elle provoque un changement de cognition.<\/p>\n\n\n\n<h3 class=\"wp-block-heading\"><strong><mark style=\"background-color:rgba(0, 0, 0, 0)\" class=\"has-inline-color has-vivid-cyan-blue-color\">A. Le d\u00e9ni.<\/mark><\/strong><\/h3>\n\n\n\n<p>Le premier m\u00e9canisme qui est mis en \u0153uvre en cas de dissonance cognitive, c\u2019est le d\u00e9ni.<\/p>\n\n\n\n<p>Le d\u00e9ni consiste \u00e0 nier la v\u00e9racit\u00e9 des cognitions dissonantes. On va alors dire que l\u2019on n\u2019a \u00e9prouv\u00e9 aucune \u00e9motion en voyant l\u2019image des enfants morts. On va \u00e9galement nier leurs d\u00e9c\u00e8s. C\u2019est dans ce champ-l\u00e0 que l\u2019on peut placer le ph\u00e9nom\u00e8ne du n\u00e9gationnisme.<\/p>\n\n\n\n<p>J\u2019ai observ\u00e9 ce ph\u00e9nom\u00e8ne sur les r\u00e9seaux sociaux sous les photos des victimes diffus\u00e9es par l\u2019Ambassade d\u2019Isra\u00ebl. Un excellent domaine d\u2019\u00e9tude pour la psychologie sociale. On observe concr\u00e8tement l\u2019effet produit par la campagne de propagande.<\/p>\n\n\n\n<p>J\u2019ai observ\u00e9 deux types de r\u00e9action : soit la personne d\u00e9clare que le sujet ne l\u2019int\u00e9resse pas, soit elle va dire que les enfants ne sont pas morts, que l\u2019on n\u2019a pas retrouv\u00e9 les corps, qu\u2019il n\u2019y a pas d\u2019images ou de photos de leurs ex\u00e9cutions, etc.<\/p>\n\n\n\n<figure class=\"wp-block-image size-full\"><img loading=\"lazy\" decoding=\"async\" width=\"477\" height=\"320\" src=\"https:\/\/www.inconscient-collectif.com\/wp-content\/uploads\/2024\/03\/image-88.png\" alt=\"\" class=\"wp-image-277\" srcset=\"https:\/\/www.inconscient-collectif.com\/wp-content\/uploads\/2024\/03\/image-88.png 477w, https:\/\/www.inconscient-collectif.com\/wp-content\/uploads\/2024\/03\/image-88-300x201.png 300w\" sizes=\"auto, (max-width: 477px) 100vw, 477px\" \/><\/figure>\n\n\n\n<figure class=\"wp-block-image size-full\"><img loading=\"lazy\" decoding=\"async\" width=\"477\" height=\"114\" src=\"https:\/\/www.inconscient-collectif.com\/wp-content\/uploads\/2024\/03\/image-89.png\" alt=\"\" class=\"wp-image-278\" srcset=\"https:\/\/www.inconscient-collectif.com\/wp-content\/uploads\/2024\/03\/image-89.png 477w, https:\/\/www.inconscient-collectif.com\/wp-content\/uploads\/2024\/03\/image-89-300x72.png 300w\" sizes=\"auto, (max-width: 477px) 100vw, 477px\" \/><\/figure>\n\n\n\n<p>En niant l\u2019\u00e9l\u00e9ment dissonant, on fait dispara\u00eetre la dissonance cognitive. On retrouve la consistance.<\/p>\n\n\n\n<h3 class=\"wp-block-heading\"><strong><mark style=\"background-color:rgba(0, 0, 0, 0)\" class=\"has-inline-color has-vivid-cyan-blue-color\">B. L\u2019\u00e9tayage.<\/mark><\/strong><\/h3>\n\n\n\n<p>Le deuxi\u00e8me m\u00e9canisme, c\u2019est l\u2019\u00e9tayage.<\/p>\n\n\n\n<p>L\u2019\u00e9tayage consiste \u00e0 renforcer la cognition initiale en la justifiant.<\/p>\n\n\n\n<p>L\u2019image que l\u2019on a vue avec des enfants morts a provoqu\u00e9 une sorte d\u2019\u00e9branlement int\u00e9rieure. Il faut r\u00e9agir pour r\u00e9tablir l\u2019\u00e9quilibre. On va essayer de justifier notre point de vue initiale, en \u00e9voquant les agressions isra\u00e9liennes en Palestine depuis soixante-quinze ans qui justifierait l\u2019attaque du Hamas. Les morts civiles de la guerre du Shabbat ne seraient que le r\u00e9sultat de la politique du gouvernement isra\u00e9lien. C\u2019est tout un jeu d\u2019\u00e9quilibriste pour rendre plus importante notre pens\u00e9e initiale qui a \u00e9t\u00e9 dangereusement remise en cause par les photos.<\/p>\n\n\n\n<p>La aussi, la lecture des messages sur Twitter en dessous des messages de l\u2019ambassade permettent d\u2019observer concr\u00e8tement ce ph\u00e9nom\u00e8ne. On sent d\u2019ailleurs chez certains messages, que l\u2019\u00e9branlement int\u00e9rieur a \u00e9t\u00e9 bien r\u00e9el. Il transpara\u00eet dans le texte, parfois, il est exprim\u00e9 avec plus ou moins de sinc\u00e9rit\u00e9.<\/p>\n\n\n\n<figure class=\"wp-block-image size-full\"><img loading=\"lazy\" decoding=\"async\" width=\"482\" height=\"490\" src=\"https:\/\/www.inconscient-collectif.com\/wp-content\/uploads\/2024\/03\/image-90.png\" alt=\"\" class=\"wp-image-279\" srcset=\"https:\/\/www.inconscient-collectif.com\/wp-content\/uploads\/2024\/03\/image-90.png 482w, https:\/\/www.inconscient-collectif.com\/wp-content\/uploads\/2024\/03\/image-90-295x300.png 295w\" sizes=\"auto, (max-width: 482px) 100vw, 482px\" \/><\/figure>\n\n\n\n<figure class=\"wp-block-image size-full\"><img loading=\"lazy\" decoding=\"async\" width=\"478\" height=\"124\" src=\"https:\/\/www.inconscient-collectif.com\/wp-content\/uploads\/2024\/03\/image-92.png\" alt=\"\" class=\"wp-image-281\" srcset=\"https:\/\/www.inconscient-collectif.com\/wp-content\/uploads\/2024\/03\/image-92.png 478w, https:\/\/www.inconscient-collectif.com\/wp-content\/uploads\/2024\/03\/image-92-300x78.png 300w\" sizes=\"auto, (max-width: 478px) 100vw, 478px\" \/><\/figure>\n\n\n\n<figure class=\"wp-block-image size-full\"><img loading=\"lazy\" decoding=\"async\" width=\"441\" height=\"516\" src=\"https:\/\/www.inconscient-collectif.com\/wp-content\/uploads\/2024\/03\/image-91.png\" alt=\"\" class=\"wp-image-280\" srcset=\"https:\/\/www.inconscient-collectif.com\/wp-content\/uploads\/2024\/03\/image-91.png 441w, https:\/\/www.inconscient-collectif.com\/wp-content\/uploads\/2024\/03\/image-91-256x300.png 256w\" sizes=\"auto, (max-width: 441px) 100vw, 441px\" \/><\/figure>\n\n\n\n<figure class=\"wp-block-image size-full\"><img loading=\"lazy\" decoding=\"async\" width=\"466\" height=\"459\" src=\"https:\/\/www.inconscient-collectif.com\/wp-content\/uploads\/2024\/03\/image-93.png\" alt=\"\" class=\"wp-image-282\" srcset=\"https:\/\/www.inconscient-collectif.com\/wp-content\/uploads\/2024\/03\/image-93.png 466w, https:\/\/www.inconscient-collectif.com\/wp-content\/uploads\/2024\/03\/image-93-300x295.png 300w\" sizes=\"auto, (max-width: 466px) 100vw, 466px\" \/><\/figure>\n\n\n\n<p>On renforce notre opinion initiale. Cela a pour effet de r\u00e9tablir la consistance cognitive.<\/p>\n\n\n\n<h3 class=\"wp-block-heading\"><strong><mark style=\"background-color:rgba(0, 0, 0, 0)\" class=\"has-inline-color has-vivid-cyan-blue-color\">C. Le r\u00e9\u00e9quilibrage.<\/mark><\/strong><\/h3>\n\n\n\n<p>Le troisi\u00e8me m\u00e9canisme est le r\u00e9\u00e9quilibrage.<\/p>\n\n\n\n<p>Le r\u00e9\u00e9quilibrage fonctionne \u00e0 l\u2019inverse de l\u2019\u00e9tayage. Ici, ce n\u2019est pas l\u2019image initiale que l\u2019on renforce, mais la cognition dissonante que l\u2019on va att\u00e9nuer et donc r\u00e9duire son importance. La personne va donner une moindre importance \u00e0 l\u2019information dissonante. C\u2019est une mani\u00e8re comme une autre de r\u00e9tablir la consistance cognitive.<\/p>\n\n\n\n<p>Concernant les photos des femmes et des enfants tu\u00e9s, on va expliquer que les victimes sont responsables de leurs actes. Cela ne saurait justifier en aucun cas l\u2019assassinat d\u2019enfant dans un camp comme dans l\u2019autre. Une victime innocente est une victime innocente. Mais dans notre cas, le principe est de mettre \u00e0 \u00e9galit\u00e9 deux massacres pour en r\u00e9duisant la port\u00e9e du crime du Hamas, puisque chaque camp organise des meurtres. On va par exemple accuser les victimes du concert de s\u2019\u00eatre amus\u00e9 \u00e0 quelques kilom\u00e8tres de la bande de Gaza. Bande de Gaza consid\u00e9r\u00e9 comme une prison \u00e0 ciel ouvert. On parle d\u2019occupation ill\u00e9gale du territoire palestinien par les Isra\u00e9liens. Ce genre de messages sont tr\u00e8s nombreux.<\/p>\n\n\n\n<figure class=\"wp-block-image size-full\"><img loading=\"lazy\" decoding=\"async\" width=\"472\" height=\"506\" src=\"https:\/\/www.inconscient-collectif.com\/wp-content\/uploads\/2024\/03\/image-94.png\" alt=\"\" class=\"wp-image-283\" srcset=\"https:\/\/www.inconscient-collectif.com\/wp-content\/uploads\/2024\/03\/image-94.png 472w, https:\/\/www.inconscient-collectif.com\/wp-content\/uploads\/2024\/03\/image-94-280x300.png 280w\" sizes=\"auto, (max-width: 472px) 100vw, 472px\" \/><\/figure>\n\n\n\n<h3 class=\"wp-block-heading\"><strong><mark style=\"background-color:rgba(0, 0, 0, 0)\" class=\"has-inline-color has-vivid-cyan-blue-color\">D. Le changement de cognition initiale.<\/mark><\/strong><\/h3>\n\n\n\n<p>Enfin, le quatri\u00e8me et dernier m\u00e9canisme est celui qui entra\u00eene le changement de cognition.<\/p>\n\n\n\n<p>Avec le m\u00e9canisme du changement de cognition, la personne va changer radicalement son comportement, ses croyances ou ses opinions. Ainsi, la cognition redevient consistante.<\/p>\n\n\n\n<p>Dans le cadre des photos diffus\u00e9es par l\u2019Ambassade, les gens vont exprimer leurs compassions pour les victimes et soutenir Isra\u00ebl ou rester neutre. C\u2019est l\u2019objectif que recherche le propagandiste qui met en \u0153uvre cette technique. On devine \u00e0 certains petits d\u00e9tails qu\u2019il y a eus changement de cognition. Par exemple, une petite croix sur l\u2019avatar semble indiquer que le propri\u00e9taire du compte est chr\u00e9tien. Autre exemple, il y a une grande \u00e9motion dans le texte ce qui indique un important \u00e9branlement int\u00e9rieur. Enfin, Un interlocuteur parle de \u201c<em>votre combat<\/em>\u201d pour parler de l\u2019intervention militaire \u00e0 Gaza, ce qui sous-entend qu\u2019il n\u2019est pas Juif. Je pourrais multiplier les exemples, ils sont nombreux.<\/p>\n\n\n\n<figure class=\"wp-block-image size-full\"><img loading=\"lazy\" decoding=\"async\" width=\"455\" height=\"131\" src=\"https:\/\/www.inconscient-collectif.com\/wp-content\/uploads\/2024\/03\/image-95.png\" alt=\"\" class=\"wp-image-284\" srcset=\"https:\/\/www.inconscient-collectif.com\/wp-content\/uploads\/2024\/03\/image-95.png 455w, https:\/\/www.inconscient-collectif.com\/wp-content\/uploads\/2024\/03\/image-95-300x86.png 300w\" sizes=\"auto, (max-width: 455px) 100vw, 455px\" \/><\/figure>\n\n\n\n<figure class=\"wp-block-image size-full\"><img loading=\"lazy\" decoding=\"async\" width=\"453\" height=\"157\" src=\"https:\/\/www.inconscient-collectif.com\/wp-content\/uploads\/2024\/03\/image-96.png\" alt=\"\" class=\"wp-image-285\" srcset=\"https:\/\/www.inconscient-collectif.com\/wp-content\/uploads\/2024\/03\/image-96.png 453w, https:\/\/www.inconscient-collectif.com\/wp-content\/uploads\/2024\/03\/image-96-300x104.png 300w\" sizes=\"auto, (max-width: 453px) 100vw, 453px\" \/><\/figure>\n\n\n\n<figure class=\"wp-block-image size-full\"><img loading=\"lazy\" decoding=\"async\" width=\"467\" height=\"123\" src=\"https:\/\/www.inconscient-collectif.com\/wp-content\/uploads\/2024\/03\/image-97.png\" alt=\"\" class=\"wp-image-286\" srcset=\"https:\/\/www.inconscient-collectif.com\/wp-content\/uploads\/2024\/03\/image-97.png 467w, https:\/\/www.inconscient-collectif.com\/wp-content\/uploads\/2024\/03\/image-97-300x79.png 300w\" sizes=\"auto, (max-width: 467px) 100vw, 467px\" \/><\/figure>\n\n\n\n<p>Votre exploration de la th\u00e9orie de l&rsquo;engagement nous m\u00e8ne \u00e0 un moment de r\u00e9flexion. Partagez vos exp\u00e9riences et id\u00e9es en commentant ci-dessous. Pour continuer \u00e0 soutenir notre recherche et nos \u00e9crits, cliquez sur les publicit\u00e9s, rejoignez nos r\u00e9seaux sociaux, d\u00e9couvrez nos publications et, si vous le souhaitez, contribuez \u00e0 notre travail via PayPal. Votre engagement enrichit notre communaut\u00e9 et alimente notre passion pour d\u00e9voiler les myst\u00e8res de l&rsquo;esprit humain. Merci pour votre soutien pr\u00e9cieux !<\/p>\n\n\n\n<ul class=\"wp-block-social-links is-layout-flex wp-block-social-links-is-layout-flex\"><li class=\"wp-social-link wp-social-link-twitter  wp-block-social-link\"><a href=\"https:\/\/twitter.com\/chaulveron\" class=\"wp-block-social-link-anchor\"><svg width=\"24\" height=\"24\" viewBox=\"0 0 24 24\" version=\"1.1\" xmlns=\"http:\/\/www.w3.org\/2000\/svg\" aria-hidden=\"true\" focusable=\"false\"><path d=\"M22.23,5.924c-0.736,0.326-1.527,0.547-2.357,0.646c0.847-0.508,1.498-1.312,1.804-2.27 c-0.793,0.47-1.671,0.812-2.606,0.996C18.324,4.498,17.257,4,16.077,4c-2.266,0-4.103,1.837-4.103,4.103 c0,0.322,0.036,0.635,0.106,0.935C8.67,8.867,5.647,7.234,3.623,4.751C3.27,5.357,3.067,6.062,3.067,6.814 c0,1.424,0.724,2.679,1.825,3.415c-0.673-0.021-1.305-0.206-1.859-0.513c0,0.017,0,0.034,0,0.052c0,1.988,1.414,3.647,3.292,4.023 c-0.344,0.094-0.707,0.144-1.081,0.144c-0.264,0-0.521-0.026-0.772-0.074c0.522,1.63,2.038,2.816,3.833,2.85 c-1.404,1.1-3.174,1.756-5.096,1.756c-0.331,0-0.658-0.019-0.979-0.057c1.816,1.164,3.973,1.843,6.29,1.843 c7.547,0,11.675-6.252,11.675-11.675c0-0.178-0.004-0.355-0.012-0.531C20.985,7.47,21.68,6.747,22.23,5.924z\"><\/path><\/svg><span class=\"wp-block-social-link-label screen-reader-text\">Twitter<\/span><\/a><\/li>\n\n<li class=\"wp-social-link wp-social-link-telegram  wp-block-social-link\"><a href=\"https:\/\/t.me\/astrologie_mondiale\" class=\"wp-block-social-link-anchor\"><svg width=\"24\" height=\"24\" viewBox=\"0 0 128 128\" version=\"1.1\" xmlns=\"http:\/\/www.w3.org\/2000\/svg\" aria-hidden=\"true\" focusable=\"false\"><path d=\"M28.9700376,63.3244248 C47.6273373,55.1957357 60.0684594,49.8368063 66.2934036,47.2476366 C84.0668845,39.855031 87.7600616,38.5708563 90.1672227,38.528 C90.6966555,38.5191258 91.8804274,38.6503351 92.6472251,39.2725385 C93.294694,39.7979149 93.4728387,40.5076237 93.5580865,41.0057381 C93.6433345,41.5038525 93.7494885,42.63857 93.6651041,43.5252052 C92.7019529,53.6451182 88.5344133,78.2034783 86.4142057,89.5379542 C85.5170662,94.3339958 83.750571,95.9420841 82.0403991,96.0994568 C78.3237996,96.4414641 75.5015827,93.6432685 71.9018743,91.2836143 C66.2690414,87.5912212 63.0868492,85.2926952 57.6192095,81.6896017 C51.3004058,77.5256038 55.3966232,75.2369981 58.9976911,71.4967761 C59.9401076,70.5179421 76.3155302,55.6232293 76.6324771,54.2720454 C76.6721165,54.1030573 76.7089039,53.4731496 76.3346867,53.1405352 C75.9604695,52.8079208 75.4081573,52.921662 75.0095933,53.0121213 C74.444641,53.1403447 65.4461175,59.0880351 48.0140228,70.8551922 C45.4598218,72.6091037 43.1463059,73.4636682 41.0734751,73.4188859 C38.7883453,73.3695169 34.3926725,72.1268388 31.1249416,71.0646282 C27.1169366,69.7617838 23.931454,69.0729605 24.208838,66.8603276 C24.3533167,65.7078514 25.9403832,64.5292172 28.9700376,63.3244248 Z\" \/><\/svg><span class=\"wp-block-social-link-label screen-reader-text\">Telegram<\/span><\/a><\/li>\n\n<\/ul>\n\n\n\n<p><strong><a href=\"https:\/\/www.inconscient-collectif.com\/index.php\/2024\/03\/24\/la-theorie-de-lengagement\/\" title=\"Comment l'engagement fa\u00e7onne nos choix et actions.\">Comment l&rsquo;engagement fa\u00e7onne nos choix et actions.<\/a><\/strong><\/p>\n\n\n\n<p><a href=\"http:\/\/www.inconscient-collectif.com\/index.php\/2024\/03\/22\/la-technique-du-pied-dans-la-porte-influence-cachee\/\" title=\"La technique du pied dans la porte : influence cach\u00e9e.\"><strong>La technique du pied dans la porte : influence cach\u00e9e.<\/strong><\/a><\/p>\n\n\n\n<p><a href=\"http:\/\/www.inconscient-collectif.com\/index.php\/2024\/03\/23\/la-porte-dans-le-nez-strategie-de-persuasion\/\" title=\"La porte dans le nez : strat\u00e9gie de persuasion.\"><strong>La porte dans le nez : strat\u00e9gie de persuasion.<\/strong><\/a><\/p>\n\n\n\n<p><strong><a href=\"http:\/\/www.inconscient-collectif.com\/index.php\/2024\/03\/23\/le-coup-sous-la-ceinture-tromperie-subtile-1\/\" title=\"Le coup sous la ceinture : tromperie subtile (1).\">Le coup sous la ceinture : tromperie subtile (1).<\/a><\/strong><\/p>\n\n\n\n<p><strong><a href=\"https:\/\/www.inconscient-collectif.com\/index.php\/2024\/03\/23\/le-coup-sous-la-ceinture-tromperie-subtile-2\/\" title=\"Le coup sous la ceinture : tromperie subtile (2).\">Le coup sous la ceinture : tromperie subtile (2).<\/a><\/strong><\/p>\n","protected":false},"excerpt":{"rendered":"<p>Plongez au c\u0153ur de la dissonance cognitive, un puissant m\u00e9canisme de manipulation mentale, dans cet avant-dernier volet de notre s\u00e9rie. D\u00e9couvrez comment nos convictions et actions entrent parfois en contradiction, nous poussant vers des comportements inattendus pour r\u00e9tablir notre \u00e9quilibre int\u00e9rieur. Cet article offre un regard profond sur la psychologie sociale, \u00e9clairant la mani\u00e8re dont nos pens\u00e9es se fa\u00e7onnent et s\u2019ajustent sous l\u2019influence ext\u00e9rieure, une lecture essentielle pour quiconque s\u2019int\u00e9resse \u00e0 la dynamique du comportement humain.<\/p>\n","protected":false},"author":1,"featured_media":289,"comment_status":"open","ping_status":"open","sticky":false,"template":"","format":"standard","meta":{"_jetpack_memberships_contains_paid_content":false,"footnotes":""},"categories":[22,52,54,53],"tags":[55],"class_list":["post-255","post","type-post","status-publish","format-standard","has-post-thumbnail","hentry","category-communication","category-dissonance-cognitive","category-leon-festinger","category-michel-louis-rouquette","tag-dissonance-cognitive"],"aioseo_notices":[],"jetpack_featured_media_url":"https:\/\/www.inconscient-collectif.com\/wp-content\/uploads\/2024\/03\/shani-louk.jpg","jetpack_sharing_enabled":true,"_links":{"self":[{"href":"https:\/\/www.inconscient-collectif.com\/index.php\/wp-json\/wp\/v2\/posts\/255","targetHints":{"allow":["GET"]}}],"collection":[{"href":"https:\/\/www.inconscient-collectif.com\/index.php\/wp-json\/wp\/v2\/posts"}],"about":[{"href":"https:\/\/www.inconscient-collectif.com\/index.php\/wp-json\/wp\/v2\/types\/post"}],"author":[{"embeddable":true,"href":"https:\/\/www.inconscient-collectif.com\/index.php\/wp-json\/wp\/v2\/users\/1"}],"replies":[{"embeddable":true,"href":"https:\/\/www.inconscient-collectif.com\/index.php\/wp-json\/wp\/v2\/comments?post=255"}],"version-history":[{"count":8,"href":"https:\/\/www.inconscient-collectif.com\/index.php\/wp-json\/wp\/v2\/posts\/255\/revisions"}],"predecessor-version":[{"id":297,"href":"https:\/\/www.inconscient-collectif.com\/index.php\/wp-json\/wp\/v2\/posts\/255\/revisions\/297"}],"wp:featuredmedia":[{"embeddable":true,"href":"https:\/\/www.inconscient-collectif.com\/index.php\/wp-json\/wp\/v2\/media\/289"}],"wp:attachment":[{"href":"https:\/\/www.inconscient-collectif.com\/index.php\/wp-json\/wp\/v2\/media?parent=255"}],"wp:term":[{"taxonomy":"category","embeddable":true,"href":"https:\/\/www.inconscient-collectif.com\/index.php\/wp-json\/wp\/v2\/categories?post=255"},{"taxonomy":"post_tag","embeddable":true,"href":"https:\/\/www.inconscient-collectif.com\/index.php\/wp-json\/wp\/v2\/tags?post=255"}],"curies":[{"name":"wp","href":"https:\/\/api.w.org\/{rel}","templated":true}]}}