{"id":299,"date":"2025-06-01T00:38:09","date_gmt":"2025-05-31T22:38:09","guid":{"rendered":"https:\/\/www.inconscient-collectif.com\/?p=299"},"modified":"2025-06-01T00:38:14","modified_gmt":"2025-05-31T22:38:14","slug":"la-violence-comme-arme-politique","status":"publish","type":"post","link":"https:\/\/www.inconscient-collectif.com\/index.php\/2025\/06\/01\/la-violence-comme-arme-politique\/","title":{"rendered":"La violence comme arme politique."},"content":{"rendered":"\n<p><strong>Plongez dans les m\u00e9canismes sous-jacents de la manipulation mentale \u00e0 travers l\u2019analyse de la fausse accusation de violence. Cet article d\u00e9voile comment des provocations d\u00e9lib\u00e9r\u00e9es peuvent entra\u00eener des r\u00e9actions agressives, permettant ensuite d\u2019accuser injustement l\u2019autre de violence. Apprenez \u00e0 reconna\u00eetre et d\u00e9jouer ces techniques pour prot\u00e9ger votre int\u00e9grit\u00e9 face \u00e0 de telles manipulations. Une lecture essentielle pour quiconque souhaite comprendre les dynamiques de pouvoir et de contr\u00f4le dans les interactions humaines.<\/strong><a href=\"https:\/\/www.astrologie-mondiale.com\/technique-de-manipulation-mentale-le-pied-dans-la-porte-1\/?amp=1\"><\/a><\/p>\n\n\n\n<p>Le destin me confronta a une exp\u00e9rience qui m\u2019opposa \u00e0 Pierre-Yves Rougeyron et a ses adeptes\u2026 Oui, oui adeptes\u2026 Car avec ce genre d\u2019individu, nous ne sommes pas loin de la secte et du gourou. Je fut accus\u00e9 d\u2019\u00eatre violent et fou. Deux accusations que l\u2019on me jeta souvent \u00e0 la figure durant ma vie. Dans plusieurs autres articles, je traiterais de la fausse accusation de violence comme technique de manipulation pour faire taire un adversaire. Je parlerais \u00e9galement de la psychiatrisation de l\u2019ennemi afin de le d\u00e9cr\u00e9dibiliser. Deux sujets qui me tiennent particuli\u00e8rement \u00e0 c\u0153ur.<\/p>\n\n\n\n<p>En mati\u00e8re de manipulation mentale, il faut ici d\u00e9montrer point par point les m\u00e9canismes. Bien expliquer les choses permet de d\u00e9sarmer l\u2019ennemi et de rendre inefficace son attaque. La manipulation psychologique ne fonctionne que lorsqu\u2019elle est inconsciente. Il faut le dire et le r\u00e9p\u00e9ter sans cesse. D\u00e8s lors, que public \u00e0 compris le m\u00e9canisme en jeu, la technique se retourne contre son adversaire. C\u2019est pour cette raison que j\u2019ai entrepris ce travail salutaire d\u2019information du public. La bataille des id\u00e9es est une guerre d\u00e9cisive, bien plus importante que la guerre avec des armes l\u00e9tale. L\u2019oligarchie qui contr\u00f4le le pouvoir ne tient sa supr\u00e9matie que sur la propagande. Elle a compris l\u2019importance de l\u2019enjeu de la diffusion des id\u00e9es. C\u2019est le soft power, enjeu fondamental de notre \u00e9poque.<\/p>\n\n\n\n<p>Comme je l\u2019ai d\u00e9j\u00e0 \u00e9crit, j\u2019ai deux livres de chevet qui me servent de guide depuis de nombreuses ann\u00e9es pour d\u00e9cod\u00e9e le monde actuel : \u201c<em>l\u2019art d\u2019avoir toujours raison<\/em>\u201d de Arthur Schopenhauer et \u201c<em>le ch\u00e2teau<\/em>\u201d de Franz Kafka. Je vais m\u2019appuyer sur eux pour vous expliquer les choses.<\/p>\n\n\n\n<p>Une chose \u00e0 bien comprendre d\u00e8s le d\u00e9but. Une personne intelligente, cultiv\u00e9 r\u00e9pondra \u00e0 son interlocuteur par des arguments structur\u00e9s. La manipulation mentale est un outil utilisable par celui qui n\u2019a pas la capacit\u00e9 d\u2019argumenter. Elle est l\u00e0 pour masquer une certaine d\u00e9ficience au niveau de l\u2019intelligence. C\u2019est souvent un indice \u00e0 prendre en compte pour juger de la comp\u00e9tence d\u2019un interlocuteur.<\/p>\n\n\n\n<p>Je voulais aussi dire, avant de commencer, que mon pr\u00e9c\u00e9dent article sur le pied-dans-la-porte a \u00e9t\u00e9 beaucoup lu et cit\u00e9 par un certain nombre de journalistes venant des m\u00e9dias meanstream ou de la dissidence, parfois quasiment mot pour mot. Cela me touche beaucoup. Mes id\u00e9es p\u00e9n\u00e8trent les esprits. Je regrette seulement que mon nom d\u2019artiste ou celui de mon site ne sont jamais cit\u00e9. Il y a comme un mur du silence autour de moi afin de faire en sorte que je n\u2019existe pas. On prend mes id\u00e9es, mais sans \u00e9voquer celui qui en parle.<\/p>\n\n\n\n<p>Je suis un nobody comme me l\u00e0 dit ce fameux \u201cfollower\u201d de Pierre-Yves Rougeyron.<\/p>\n\n\n\n<p>Je le revendique. Oui, je suis un nobody. Qu\u2019en est-il de Rougeyron ? Est-il nobody lui aussi ? Pourquoi est-il relay\u00e9 artificiellement (sans grand succ\u00e8s) par certaines personnes influentes?<\/p>\n\n\n\n<p>Rougeyron est issu de la grande bourgeoisie que j\u2019ose \u00e0 peine qualifier de Fran\u00e7aise (fils de m\u00e9decin) et surtout il est relay\u00e9 par d\u2019importants r\u00e9seaux ma\u00e7onnique.<\/p>\n\n\n\n<p>Et pourtant, lui aussi, est totalement inconnu du grand public. Et pour cause, lorsqu\u2019un individu, sans talent, est pr\u00e9sent\u00e9 au public, les gens ne s\u2019y int\u00e9resse pas. Vous me trouvez dur avec lui. Il suffit d\u2019\u00e9couter ses vid\u00e9os youtube d\u2019une stupidit\u00e9 sans nom pour comprendre qu\u2019il a moins de chose \u00e0 dire que moi. Lisez son seul article dans Valeurs Actuels. Le vide intersid\u00e9ral. Pourtant, c\u2019est lui qui est mis en avant, car il ne d\u00e9range pas l\u2019oligarchie. Un jour, les masques vont tomber, les trahisons des uns et des autres seront connus, car les temps dans lesquels nous sommes entr\u00e9es vont faire chuter beaucoup de gens ill\u00e9gitime et faire monter d\u2019autres valeurs. C\u2019est le propre des grand boulversements.<\/p>\n\n\n\n<p>J\u2019ai en m\u00e9moire un passage du livre \u201c<em>O\u00f9 allons-nous ?<\/em>\u201d de Georges Bernanos. Un recueil \u00e9crit en 1943 et diffus\u00e9 dans une France occup\u00e9 par la barbarie nazie. Il pr\u00e9sentait alors la future lib\u00e9ration du pays, l\u2019\u00e9mergence du sauveur (le g\u00e9n\u00e9ral de Gaule) et des grands changements qui allaient venir \u00e0 la lib\u00e9ration. C\u2019est \u00e0 cela que l\u2019on reconna\u00eet les grands g\u00e9nies, de sentir les choses \u00e0 l\u2019avance, de deviner avant tout le monde les changements qui s\u2019annoncent. Il manque \u00e0 notre \u00e9poque un g\u00e9nie visionnaire comme Bernanos.<\/p>\n\n\n\n<figure class=\"wp-block-image size-large is-resized\"><img loading=\"lazy\" decoding=\"async\" width=\"590\" height=\"1024\" src=\"https:\/\/www.inconscient-collectif.com\/wp-content\/uploads\/2025\/05\/image-590x1024.png\" alt=\"\" class=\"wp-image-343\" style=\"width:297px;height:auto\" srcset=\"https:\/\/www.inconscient-collectif.com\/wp-content\/uploads\/2025\/05\/image-590x1024.png 590w, https:\/\/www.inconscient-collectif.com\/wp-content\/uploads\/2025\/05\/image-173x300.png 173w, https:\/\/www.inconscient-collectif.com\/wp-content\/uploads\/2025\/05\/image-768x1333.png 768w, https:\/\/www.inconscient-collectif.com\/wp-content\/uploads\/2025\/05\/image.png 800w\" sizes=\"auto, (max-width: 590px) 100vw, 590px\" \/><\/figure>\n\n\n\n<p><a href=\"https:\/\/www.amazon.fr\/gp\/product\/2021454029\/ref=as_li_tl?ie=UTF8&amp;camp=1642&amp;creative=6746&amp;creativeASIN=2021454029&amp;linkCode=as2&amp;tag=astrologiemon-21&amp;linkId=20effe834015328bf5c6be56c6e5ace9\" target=\"_blank\" rel=\"noreferrer noopener\"><\/a><\/p>\n\n\n\n<blockquote class=\"wp-block-quote is-layout-flow wp-block-quote-is-layout-flow\">\n<p>\u201c<em>La paix de demain, comme celle d\u2019hier, ne conna\u00eetra qu\u2019une seule esp\u00e8ce d\u2019hommes r\u00e9ellement inassimilables, le h\u00e9ros, vivant ou mort.<\/em><\/p>\n\n\n\n<p><em>J\u2019\u00e9prouve quelques pudeurs \u00e0 \u00e9crire ce mot diffam\u00e9, mais je n\u2019en \u00e9prouve pas d\u2019autre. Du moins lui donnerai-je son sens le plus humble. J\u2019appelle ici h\u00e9ros quiconque s\u2019est montr\u00e9 capable d\u2019h\u00e9ro\u00efsme, qui a pr\u00e9f\u00e9r\u00e9 une fois \u2013 je ne dis pas une fois pour toutes, je dis une fois seulement \u2013 l\u2019honneur \u00e0 la vie.<\/em>\u201d (<strong>Georges Bernanos,&nbsp;<em>O\u00f9 allons-nous ?<\/em>, Editions du Seuil, p. 87<\/strong>).<\/p>\n<\/blockquote>\n\n\n\n<p>Or, la nature m\u00eame des gens ccmme Rougeyron est de se soumettre \u00e0 genoux (comme les footballeurs) devant le pouvoir. Il n\u2019y a rien d\u2019h\u00e9ro\u00efque chez eux.<\/p>\n\n\n\n<figure class=\"wp-block-image size-large is-resized\"><img loading=\"lazy\" decoding=\"async\" width=\"631\" height=\"1024\" src=\"https:\/\/www.inconscient-collectif.com\/wp-content\/uploads\/2025\/05\/image-1-631x1024.png\" alt=\"\" class=\"wp-image-344\" style=\"width:310px;height:auto\" srcset=\"https:\/\/www.inconscient-collectif.com\/wp-content\/uploads\/2025\/05\/image-1-631x1024.png 631w, https:\/\/www.inconscient-collectif.com\/wp-content\/uploads\/2025\/05\/image-1-185x300.png 185w, https:\/\/www.inconscient-collectif.com\/wp-content\/uploads\/2025\/05\/image-1-768x1245.png 768w, https:\/\/www.inconscient-collectif.com\/wp-content\/uploads\/2025\/05\/image-1.png 925w\" sizes=\"auto, (max-width: 631px) 100vw, 631px\" \/><\/figure>\n\n\n\n<blockquote class=\"wp-block-quote is-layout-flow wp-block-quote-is-layout-flow\">\n<p>\u201c<em>Car nous revenons de loin nous autres Fran\u00e7ais, nous revenons vraiment du bout de la nuit ; n\u2019attendez pas de nous ces messages \u00e9clatants qui tombent du ciel avec la triomphale b\u00e9n\u00e9diction de l\u2019aube. Celui que je vous apporte n\u2019est qu\u2019une sorte de pressentiment, une esp\u00e9rance \u00e0 peine exprimable encore. Anglais, je crois que nous verrons de grandes choses ; mais elles viendront comme toujours, d\u2019o\u00f9 personne ne les attend. D\u00e8s qu\u2019on prononce le mot \u201csalut\u201d, nous levons tous le nez en l\u2019air, ce qui \u2013 permettez-moi de vous le dire \u2013 est une singuli\u00e8re habitude pour des chr\u00e9tiens. Les Juifs de Nazareth aussi levaient le nez en l\u2019air, et le petit J\u00e9sus jouait sur la place de la synagogue ; ils le bousculaient sans le voir, en passant. Anglais, la mis\u00e8re et l\u2019humiliation des hommes sont en train de germer sous la terre ; et, comme toute semence, il leur a fallu d\u2019abord pourrir. Je m\u2019excuse de parler ce langage po\u00e9tique ; je veux dire que l\u2019\u00e9normit\u00e9 de nos d\u00e9ceptions ne saurait \u00eatre une raison de d\u00e9sesp\u00e9rer ; l\u2019id\u00e9e en devrait plut\u00f4t raffermir nos courages.<\/em>\u201d (<strong>Georges Bernanos,&nbsp;<em>O\u00f9 allons-nous ?<\/em>, Editions du Seuil, p. 89<\/strong>).<\/p>\n<\/blockquote>\n\n\n\n<p>Dans un autre chef-d\u2019\u0153uvre de Georges Bernanos, \u201c<em>les grands cimeti\u00e8res sous la lune<\/em>\u201c, il parlait des imb\u00e9ciles pour qualifier les gens comme Rougeyron.<a target=\"_blank\" href=\"https:\/\/www.amazon.fr\/gp\/product\/2757848208\/ref=as_li_tl?ie=UTF8&amp;camp=1642&amp;creative=6746&amp;creativeASIN=2757848208&amp;linkCode=as2&amp;tag=astrologiemon-21&amp;linkId=c931f5dc9523a1f23964a745d4e34ee8\" rel=\"noreferrer noopener\"><img decoding=\"async\" alt=\"\" src=\"blob:https:\/\/www.inconscient-collectif.com\/1c5f3bd6-157f-4f62-a230-381e51593513\"><\/a><\/p>\n\n\n\n<p>Je reprends \u00e0 mon compte la pens\u00e9e de Bernanos sur ce point. Le propre de notre \u00e9poque d\u00e9cadente est que les cr\u00e9tins sont au pouvoir. Et c\u2019est pour cela que tout va si mal. L\u2019intelligence est repouss\u00e9e dans la marginalit\u00e9, elle est pers\u00e9cut\u00e9e.<\/p>\n\n\n\n<p>Concernant la fausse accusation de violence, nous devons distinguer deux m\u00e9thodes, celle qui utilise une provocation \u00e0 la violence (<strong>I<\/strong>) et celle qui consiste a inventer une violence imaginaire (<strong>II<\/strong>).<\/p>\n\n\n\n<h2 class=\"wp-block-heading\"><strong><mark style=\"background-color:rgba(0, 0, 0, 0)\" class=\"has-inline-color has-vivid-red-color\">I. La provocation \u00e0 la violence.<\/mark><\/strong><\/h2>\n\n\n\n<p>La technique dite de la provocation \u00e0 la violence fut th\u00e9oris\u00e9 par Schopenhauer dans \u201c<em>l\u2019art d\u2019avoir toujours raison<\/em>\u201c.<\/p>\n\n\n\n<p><a href=\"https:\/\/www.amazon.fr\/gp\/product\/284205301X\/ref=as_li_tl?ie=UTF8&amp;camp=1642&amp;creative=6746&amp;creativeASIN=284205301X&amp;linkCode=as2&amp;tag=astrologiemon-21&amp;linkId=1c938085096569ba04546f8845e8ac66\" target=\"_blank\" rel=\"noreferrer noopener\"><img decoding=\"async\" src=\"blob:https:\/\/www.inconscient-collectif.com\/253a5304-a2c3-47bb-ae1b-fa96f7418aab\" alt=\"\"><\/a><\/p>\n\n\n\n<figure class=\"wp-block-image size-large is-resized\"><img loading=\"lazy\" decoding=\"async\" width=\"649\" height=\"1024\" src=\"https:\/\/www.inconscient-collectif.com\/wp-content\/uploads\/2025\/05\/image-2-649x1024.png\" alt=\"\" class=\"wp-image-345\" style=\"width:328px;height:auto\" srcset=\"https:\/\/www.inconscient-collectif.com\/wp-content\/uploads\/2025\/05\/image-2-649x1024.png 649w, https:\/\/www.inconscient-collectif.com\/wp-content\/uploads\/2025\/05\/image-2-190x300.png 190w, https:\/\/www.inconscient-collectif.com\/wp-content\/uploads\/2025\/05\/image-2.png 768w\" sizes=\"auto, (max-width: 649px) 100vw, 649px\" \/><\/figure>\n\n\n\n<p>Ce livre est une mine d\u2019or pour comprendre les techniques de propagande. Il donne un certain nombre de stratag\u00e8mes \u00e0 utiliser dans un d\u00e9bat afin de vaincre son adversaire. Ils y en a trente-huit. Trois stratag\u00e8mes concerne l\u2019instrumentalisation de la violence, le huiti\u00e8me, le vingt-septi\u00e8me et l\u2019ultime stratag\u00e8me.<\/p>\n\n\n\n<p>Le huiti\u00e8me s\u2019intitule \u201c<em>f\u00e2cher l\u2019adversaire<\/em>\u201c.<\/p>\n\n\n\n<blockquote class=\"wp-block-quote is-layout-flow wp-block-quote-is-layout-flow\">\n<p>\u201c<em><strong>Stratag\u00e8me VIII<\/strong><br>F\u00e2cher l\u2019adversaire<\/em><\/p>\n\n\n\n<p><em>Provoquez la col\u00e8re de votre adversaire : la col\u00e8re voile le jugement et il perdra de vue o\u00f9 sont ses int\u00e9r\u00eats.&nbsp;<strong>Il est possible de provoquer la col\u00e8re de l\u2019adversaire en \u00e9tant injuste envers lui \u00e0 plusieurs reprises, ou par des chicanes, et en \u00e9tant g\u00e9n\u00e9ralement insolent.<\/strong><\/em>\u201c<\/p>\n<\/blockquote>\n\n\n\n<p>Le vingt-septi\u00e8me d\u00e9clare que \u201c<em>la col\u00e8re est une faiblesse\u201d<\/em>.<\/p>\n\n\n\n<blockquote class=\"wp-block-quote is-layout-flow wp-block-quote-is-layout-flow\">\n<p>\u201c<em><strong>Stratag\u00e8me XXVII<\/strong><br>La col\u00e8re est une faiblesse.<\/em><\/p>\n\n\n\n<p><em><strong>Si l\u2019adversaire se met particuli\u00e8rement en col\u00e8re lorsqu\u2019on utilise un certain argument, il faut l\u2019utiliser avec d\u2019autant plus de z\u00e8le<\/strong>&nbsp;: non seulement parce qu\u2019il est bon de le mettre en col\u00e8re, mais parce qu\u2019on peut pr\u00e9sumer avoir mis le doigt sur le point faible de son argumentation et qu\u2019il est d\u2019autant plus expos\u00e9 que maintenant qu\u2019il s\u2019est trahi.<\/em>\u201c<\/p>\n<\/blockquote>\n\n\n\n<p>Enfin l\u2019ultime stratag\u00e8me nous dit \u201c<em>soyez personnel, insultant, malpoli<\/em>\u201c.<\/p>\n\n\n\n<blockquote class=\"wp-block-quote is-layout-flow wp-block-quote-is-layout-flow\">\n<p>\u201c<em><strong>Ultime stratag\u00e8me<\/strong><br>Soyez personnel, insultant, malpoli<br>Lorsque l\u2019on se rend compte que l\u2019adversaire nous est sup\u00e9rieur et nous \u00f4te toute raison, il faut alors devenir personnel, insultant, malpoli. Cela consiste \u00e0 passer du sujet de la dispute (que l\u2019on a perdue), au d\u00e9bateur lui-m\u00eame en attaquant sa personne : on pourrait appeler \u00e7a unargumentum ad personam pour le distinguer de l\u2019argumentum ad hominem, ce dernier passant de la discussion objective du sujet \u00e0 l\u2019attaque de l\u2019adversaire en le confrontant \u00e0 ses<br>admissions ou \u00e0 ses paroles par rapport \u00e0 ce sujet. En devenant personnel, on abandonne le sujet lui-m\u00eame pour attaquer la personne elle-m\u00eame : on devient insultant, malveillant, injurieux, vulgaire. C\u2019est un appel des forces de l\u2019intelligence dirig\u00e9e \u00e0 celles du corps, ou \u00e0 l\u2019animalisme. C\u2019est une strat\u00e9gie tr\u00e8s appr\u00e9ci\u00e9e car tout le monde peut l\u2019appliquer, et elle est donc particuli\u00e8rement utilis\u00e9e. On peut maintenant se demander quelle est la contre-attaque,<br>car si on a recours \u00e0 la m\u00eame strat\u00e9gie, on risque une bataille, un duel, voire un proc\u00e8s pour diffamation.<\/em><\/p>\n\n\n\n<p><em>Ce serait une erreur que de croire qu\u2019il suffit de ne pas devenir personnel soi-m\u00eame. Car montrer calmement \u00e0 quelqu\u2019un qu\u2019il a tort et que ce qu\u2019il dit et pense est incorrect, processus qui se retrouve dans chaque victoire dialectique, nous l\u2019aigrissons encore plus que si nous avions utilis\u00e9 une expression malpolie ou insultante. Pourquoi donc ? Parce que comme le dit Hobbes dans son de Clive, chap. 1 : Omnis animi voluptas, omnisque alacritas in eo sita est, quod quis habeat, quibuscum conferens se, possit magnifice sentire de seipso. Pour l\u2019homme, rien n\u2019est plus grand que de satisfaire sa vanit\u00e9, et aucune blessure n\u2019est plus douloureuse que celle qui y est inflig\u00e9e. (De l\u00e0 viennent des expressions comme \u00ab l\u2019honneur est plus cher que la vie \u00bb, etc.) La satisfaction de cette vanit\u00e9 se d\u00e9veloppe principalement en se comparant aux autres sous tous aspects, mais essentiellement en comparant la puissance des intellects. La mani\u00e8re la plus effective et la plus puissante de se satisfaire se trouve dans les d\u00e9bats. D\u2019o\u00f9 l\u2019aigreur de celui qui est battu et son recours \u00e0 l\u2019arme ultime, ce dernier stratag\u00e8me : on ne peut y \u00e9chapper par la simple courtoisie. Garder son sang-froid peut cependant \u00eatre salutaire : d\u00e8s que l\u2019adversaire passe aux attaques personnelles, on r\u00e9pond calmement qu\u2019elles n\u2019ont rien \u00e0 voir avec l\u2019objet du d\u00e9bat, on y ram\u00e8ne imm\u00e9diatement la conversation, et on continue de lui montrer \u00e0 quel point il a tort, sans tenir compte de ses insultes, comme le dit Th\u00e9mistocle \u00e0<br>Eurybiade : \u03c0\u03b1\u03c4\u03b1\u03be\u03bf\u03bd \u03bc\u03b5\u03bd, \u03ac\u03ba\u03bf\u03bd\u03c3\u03bf\u03bd \u03b4\u03b5. Mais ce genre de comportement n\u2019est pas donn\u00e9 \u00e0 tout le monde.<\/em>\u201c<\/p>\n<\/blockquote>\n\n\n\n<p>Arthur Schopenhauer explique comment mettre en col\u00e8re son interlocuteur, pour ensuite lui jeter \u00e0 la figure qu\u2019il est agressif. Certains sont pass\u00e9 ma\u00eetre dans ce domaine.<\/p>\n\n\n\n<p>La technique se d\u00e9roule donc en trois \u00e9tapes : la provocation (<strong>A<\/strong>), la r\u00e9action agresive de l\u2019interlocuteur pour ensuite lui reprocher cette violence (<strong>B<\/strong>).<\/p>\n\n\n\n<h3 class=\"wp-block-heading\"><strong><mark style=\"background-color:rgba(0, 0, 0, 0)\" class=\"has-inline-color has-vivid-cyan-blue-color\">A. La provocation.<\/mark><\/strong><\/h3>\n\n\n\n<p>Pour Schopenhauer, il existe plusieurs mani\u00e8res de provoquer une r\u00e9action agressive. Il faut \u00eatre injuste, chicaner sur des points de d\u00e9tail, \u00eatre insolant (VIII), utiliser des arguments qui le mettent en col\u00e8re (XXVII), \u00eatre personnel, insultant ou malpoli (argument ultime).<\/p>\n\n\n\n<p>De mani\u00e8re th\u00e9orique, la provocation \u00e0 la violence entre dans le cadre de la comparaison sociale (<strong>1<\/strong>) d\u00e9velopp\u00e9e par le psychologue sociale L\u00e9on Festinger. Elle doit se faire en mettant en \u0153uvre plusieurs type d\u2019argument (<strong>2<\/strong>).<\/p>\n\n\n\n<h3 class=\"wp-block-heading\"><strong><mark style=\"background-color:rgba(0, 0, 0, 0)\" class=\"has-inline-color has-luminous-vivid-orange-color\">1. La comparaison sociale.<\/mark><\/strong><\/h3>\n\n\n\n<p>Reprenons le texte de Schopenhauer pour aborder point par point sa m\u00e9thode :<\/p>\n\n\n\n<blockquote class=\"wp-block-quote is-layout-flow wp-block-quote-is-layout-flow\">\n<p>\u201c<em><strong>Lorsque l\u2019on se rend compte que l\u2019adversaire nous est sup\u00e9rieur<\/strong>&nbsp;et nous \u00f4te toute raison,&nbsp;<strong>il faut alors devenir personnel, insultant, malpoli<\/strong>.&nbsp;<strong>Cela consiste \u00e0 passer du sujet de la dispute (que l\u2019on a perdue), au d\u00e9bateur lui-m\u00eame en attaquant sa personne<\/strong>..<\/em>\u201c<\/p>\n<\/blockquote>\n\n\n\n<p>L\u2019accusation de violence doit \u00eatre utilis\u00e9e lorsque l\u2019adversaire nous est intellectuellement sup\u00e9rieur, sinon il n\u2019y a aucun int\u00e9r\u00eat. C\u2019est l\u2019arme des faibles. Un interlocuteur a perdu sur le terrain des arguments, il va changer de sujet et s\u2019attaquer brutalement \u00e0 la personne qui d\u00e9bat contre lui.<\/p>\n\n\n\n<p>Il faut bien comprendre le m\u00e9canisme psychologique en jeu. Il est d\u2019une grande importance. Il met en application le m\u00e9canisme de la comparaison sociale. Il fut magistralement mis en \u00e9vidence par L\u00e9on Festinger et am\u00e9lior\u00e9 ensuite par une exp\u00e9rience c\u00e9l\u00e8bre de Lemaine en 1966.<\/p>\n\n\n\n<p>C\u2019est l\u2019exp\u00e9rience dite de la cabane o\u00f9 deux groupes de cinq enfants doivent s\u2019affronter pour construire la plus belle cabane en bois dans un arbre. L\u2019exp\u00e9rimentateur va volontairement favoriser un des deux groupes d\u2019enfants et observer leurs r\u00e9actions r\u00e9ciproque.<\/p>\n\n\n\n<p>Un groupe va recevoir de la ficelle par tirage au sort et l\u2019autre n\u2019aura rien. Avec de la ficelle, c\u2019est beaucoup mieux pour attacher les bouts de bois et les planches entre elles. Il y a un tr\u00e8s net avantage donn\u00e9 a l\u2019un vis-\u00e0-vis de l\u2019autre. Un groupe contr\u00f4le sera organis\u00e9 ou les deux auront de la ficelle.<\/p>\n\n\n\n<p>Lemaine va mettre en \u00e9vidence deux cas de figure qui vont g\u00e9n\u00e9rer deux types de r\u00e9actions.<\/p>\n\n\n\n<p><strong>Dans un premier cas de figure<\/strong>, il observe que lorsque la distance entre les deux groupes d\u2019enfants est faible (les deux ont de la ficelle), les enfants vont se surpasser pour atteindre l\u2019objectif et tenter de d\u00e9passer l\u2019autre. Une comp\u00e9tition s\u2019instaure pour fabriquer la plus belle cabane.<\/p>\n\n\n\n<p><strong>Dans un deuxi\u00e8me cas de figure<\/strong>, lorsque la distance entre les groupes est tr\u00e8s forte, celui qui est d\u00e9favoris\u00e9 se sens menac\u00e9 dans son identit\u00e9. Il va r\u00e9agir de trois mani\u00e8res :<\/p>\n\n\n\n<ul class=\"wp-block-list\">\n<li>Il accepte sa d\u00e9faite et se justifie sur celle-ci.<\/li>\n\n\n\n<li>Il essaye d\u2019apporter une s\u00e9rie d\u2019innovation en se positionnant sur une autre dimension dans laquelle il excelle.<\/li>\n\n\n\n<li>Il essaye d\u2019apporter une s\u00e9rie d\u2019innovation en se positionnant sur une autre dimension dans laquelle il excelle. Mais en plus de cela, il va tenter de faire reconnaitre socialement cette nouvelle dimension et de la substituer \u00e0 l\u2019ancienne.<\/li>\n<\/ul>\n\n\n\n<p>Donc reprenons le cas du d\u00e9bat pour lui appliquer les principes de la comparaison sociale. Dans le cadre d\u2019une confrontation politique, les deux adversaires sont de m\u00eame niveau. Ils vont entrer dans une saine comp\u00e9tition pour faire valoir leurs id\u00e9es sur celle de l\u2019autre. Le d\u00e9bat ne portera que sur des arguments de fond (on dira&nbsp;<em>ad rem<\/em>). C\u2019est le premier cas de figure de Lemaine.<\/p>\n\n\n\n<p>En revanche, parfois, il y a une r\u00e9elle diff\u00e9rence de niveau entre les deux interlocuteurs. Cela se produit souvent. Si l\u2019interlocuteur, pour des raisons d\u2019ego, ne veut pas reconna\u00eetre sa d\u00e9faite, il va alors changer de domaine ou en passant des arguments sur le fonds aux arguments contre la personne. Certains iront m\u00eame jusqu\u2019\u00e0 tenter de substituer la personnalit\u00e9 du d\u00e9batteur \u00e0 ses arguments comme nous le verrons dans l\u2019exemple que je donnerai plus tard.<\/p>\n\n\n\n<h3 class=\"wp-block-heading\"><strong><mark style=\"background-color:rgba(0, 0, 0, 0)\" class=\"has-inline-color has-luminous-vivid-orange-color\">2. Les arguments.<\/mark><\/strong><\/h3>\n\n\n\n<p>Nous avons deux arguments \u00e0 faire valoir pour s\u2019attaquer \u00e0 la personne. Arthur Schopenhauer parle des arguments \u201c<em>ad hominem<\/em>\u201d (<strong>2-1<\/strong>) et \u201c<em>ad personam\u201d&nbsp;<\/em>(<strong>2-2<\/strong>).<\/p>\n\n\n\n<h4 class=\"wp-block-heading\"><strong><mark style=\"background-color:rgba(0, 0, 0, 0)\" class=\"has-inline-color has-vivid-green-cyan-color\">a. Les arguments&nbsp;<em>ad hominem<\/em>.<\/mark><\/strong><\/h4>\n\n\n\n<p>Les&nbsp;<strong><em>arguments ad hominem<\/em><\/strong>&nbsp;vise \u00e0 \u00e9voquer les propres paroles ou actes de son adversaire afin de jeter l\u2019opprobre sur son action et ses id\u00e9es.<\/p>\n\n\n\n<p>Schopenhauer en parle dans le seizi\u00e8me stratag\u00e8me :<\/p>\n\n\n\n<blockquote class=\"wp-block-quote is-layout-flow wp-block-quote-is-layout-flow\">\n<p>\u201c<em><strong>Stratag\u00e8me XVI<\/strong><br>Argument ad hominem<br>L\u2019argumenta ad hominem ou ex concessis :&nbsp;<strong>lorsque notre adversaire fait une proposition, il faut v\u00e9rifier si celle-ci ne serait pas inconsistante<\/strong>&nbsp;\u2013 m\u00eame si ce n\u2019est qu\u2019une apparence \u2013 avec d\u2019autres propositions qu\u2019il a faites ou admises, ou avec les principes de l\u2019\u00e9cole ou de la secte \u00e0 laquelle il appartient, ou avec les actions des membres de son culte, au pire avec ceux qui donnent l\u2019impression d\u2019avoir les m\u00eames opinions, m\u00eame si c\u2019est infond\u00e9.<\/em><\/p>\n\n\n\n<p><em>Par exemple, s\u2019il d\u00e9fend le suicide, on peut lui r\u00e9pondre : \u00ab Alors pourquoi ne te pends-tu pas ? \u00bb Ou encore, s\u2019il soutient qu\u2019il ne fait pas bon vivre \u00e0 Berlin, on peut r\u00e9torquer : \u00ab Pourquoi ne prends-tu pas le premier express pour la quitter ? \u00bb<\/em><\/p>\n\n\n\n<p><em>Tel est le genre de chicanes que l\u2019on peut utiliser<\/em>.\u201d<\/p>\n<\/blockquote>\n\n\n\n<p>Je n\u2019en dirais pas plus, les propos son suffisamment claire.<\/p>\n\n\n\n<h4 class=\"wp-block-heading\"><strong><mark style=\"background-color:rgba(0, 0, 0, 0)\" class=\"has-inline-color has-vivid-green-cyan-color\">b. Les arguments&nbsp;<em>ad personam<\/em>.<\/mark><\/strong><\/h4>\n\n\n\n<p>Les arguments \u201c<em>ad personam<\/em>\u201d vise \u00e0 discr\u00e9diter l\u2019adversaire sur sa personne m\u00eame.<\/p>\n\n\n\n<p>Schopenhauer en dit quelques mots dans sa strat\u00e9gie ultime.<\/p>\n\n\n\n<blockquote class=\"wp-block-quote is-layout-flow wp-block-quote-is-layout-flow\">\n<p>\u201c<em>Lorsque l\u2019on se rend compte que l\u2019adversaire nous est sup\u00e9rieur et nous \u00f4te toute raison,&nbsp;<strong>il faut alors devenir personnel, insultant, malpoli<\/strong>. Cela consiste \u00e0 passer du sujet de la dispute (que l\u2019on a perdue), au d\u00e9bateur lui-m\u00eame en attaquant sa personne.<\/em>&nbsp;(\u2026)&nbsp;<em>En devenant personnel, on abandonne le sujet lui-m\u00eame pour attaquer la personne elle-m\u00eame : on devient insultant, malveillant, injurieux, vulgaire.<\/em>\u201c<\/p>\n<\/blockquote>\n\n\n\n<h3 class=\"wp-block-heading\"><strong><mark style=\"background-color:rgba(0, 0, 0, 0)\" class=\"has-inline-color has-vivid-cyan-blue-color\">B. La r\u00e9action violente et le reproche de la violence.<\/mark><\/strong><\/h3>\n\n\n\n<p>L\u2019utilisation des arguments&nbsp;<em>ab hominem<\/em>&nbsp;ou&nbsp;<em>ab persona<\/em>&nbsp;ont pour objectif de d\u00e9stabiliser l\u2019interlocuteur, de provoquer sa col\u00e8re et ensuite l\u2019accuser d\u2019\u00eatre violent. Il faut bien comprendre l\u2019encha\u00eenement du processus en trois actes.<\/p>\n\n\n\n<p><strong>Premier acte :<\/strong>&nbsp;on provoque l\u2019interlocuteur en l\u2019attaquant personnellement.<\/p>\n\n\n\n<p><strong>Deuxi\u00e8me acte<\/strong>&nbsp;: la personne attaqu\u00e9e r\u00e9agit avec violence contre cette attaque quelle consid\u00e8re comme injuste.<\/p>\n\n\n\n<p><strong>Troisi\u00e8me acte<\/strong>&nbsp;: On accuse l\u2019interlocuteur d\u2019\u00eatre agressif.<\/p>\n\n\n\n<p>Il faut faire remarque, et cela est tr\u00e8s important, que l\u2019interlocuteur n\u2019est pas violent de mani\u00e8re spontan\u00e9e. Il a \u00e9t\u00e9 provoqu\u00e9 et son agressivit\u00e9 est une r\u00e9action a cette attaque initiale. Or, l\u2019adversaire va tout faire pour laisser croire que la personne est agressive de mani\u00e8re naturelle. Il est n\u00e9 comme cela. C\u2019est un \u201cforcen\u00e9\u201d, c\u2019est-\u00e0-dire quelqu\u2019un n\u00e9 avec de la violence en lui. Lorsqu\u2019on analyse finement la chose, on se rencontre que c\u2019est un mensonge, que l\u2019on trompe le spectateur. C\u2019est une m\u00e9thode redoutable, car naturellement l\u2019\u00eatre humain a peur des gens agressifs. On fuit ses gens-l\u00e0.<\/p>\n\n\n\n<p>L\u2019attention n\u2019est plus port\u00e9e sur le message, mais sur le messager. On ne s\u2019int\u00e9resse plus a ce que dit l\u2019interlocuteur, mais sur sa suppos\u00e9e personnalit\u00e9. L\u2019accusation de folie n\u2019est d\u2019ailleurs jamais loin, mais nous en parlerons dans l\u2019article suivant.<\/p>\n\n\n\n<p>Donnons un exemple tir\u00e9 de la vie politique fran\u00e7aise. Un d\u00e9bat politique rest\u00e9 dans la l\u00e9gende. Ils permettent de mettre en \u00e9vidence le m\u00e9canisme de mani\u00e8re plus concret. Cela concerne Jean-Marie Le Pen, qui fut accus\u00e9 d\u2019\u00eatre agressif. Observons son d\u00e9bat contre Bernard Tapie en 1989.<\/p>\n\n\n\n<p>D\u00e8s le d\u00e9but de l\u2019\u00e9change, Bernard Tapie va jeter \u00e0 la figure de Jean-Marie Le Pen sa violence verbale, et m\u00eame physique dans une sc\u00e8ne qui semble avoir \u00e9t\u00e9 pr\u00e9par\u00e9 \u00e0 l\u2019avance par l\u2019ancien pr\u00e9sident de l\u2019OM. Un mod\u00e8le du genre qui devrait \u00eatre \u00e9tudi\u00e9 dans les \u00e9coles de communication.<\/p>\n\n\n\n<p>Voici la retranscription des \u00e9changes verbaux r\u00e9alis\u00e9 par mes soins. J\u2019ai eu la chance de pouvoir regarder le d\u00e9bat en direct \u00e0 l\u2019\u00e9poque devant ma t\u00e9l\u00e9vision comme simple t\u00e9l\u00e9spectateur. J\u2019\u00e9tais tr\u00e8s jeune, j\u2019avais \u00e0 peine 17 ans. Un souvenir imp\u00e9rissable qui me marqua \u00e0 vie. La preuve, j\u2019en parle aujourd\u2019hui avec une certaine \u00e9motion. Un de ses tournants majeurs qui marque une vie \u00e0 jamais. Je pense que mes propos ne sont pas exag\u00e9r\u00e9s, loin de l\u00e0. Bien s\u00fbr, je n\u2019ai pas honte d\u2019avouer que je n\u2019avais pas bien compris ce qui se passa pr\u00e9cis\u00e9ment dans leur \u00e9change. Juste un sentiment \u00e9trange que la t\u00e9l\u00e9vision me mentait. Une petite graine qui fut plant\u00e9e dans mon cerveau. C\u2019\u00e9tait normal, j\u2019\u00e9tais si jeune. Il me faudra plusieurs ann\u00e9es pour comprendre ce qui se passa ce jour-l\u00e0, pour que la petite graine germe.<\/p>\n\n\n\n<p>Rappelons-nous, il y a trois \u00e9tapes.<\/p>\n\n\n\n<p>Pour retrouver la premi\u00e8re \u00e9tape du processus, c\u2019est-\u00e0-dire la provocation de l\u2019interlocuteur, il faut rechercher dans le contexte d\u2019avant d\u00e9bat. Nous \u00e9tions dans le cadre de la campagne \u00e9lectorale des \u00e9lections europ\u00e9ennes de 1989. TF1 souhaitait organiser un grand d\u00e9bat entre les t\u00eates de listes.<\/p>\n\n\n\n<p>Or tr\u00e8s vite, TF1 va feindre de s\u2019apercevoir que personne ne veux d\u00e9battre avec Jean-Marie Le Pen. Sans doute la peur et le manque de courage de ses adversaires. A mon avis, ce n\u2019est pas la seule raison. On ne voulait pas rendre cr\u00e9dible la parole du pr\u00e9sident du Front National, en discutant sur un pied d\u2019\u00e9galit\u00e9 avec lui. Pour justifier leurs refus, ils vont inventer une strat\u00e9gie.<\/p>\n\n\n\n<p>En effet, quelques jours, plus t\u00f4t, Monsieur Le Pen avait d\u00e9battu avec Lionel Stoleru, ancien ministre de Giscard (de 1974 \u00e0 1981) puis de Fran\u00e7ois Mitterrand. Le d\u00e9bat eut lieu le midi sur la Cinq avec Jean-Claude Bourret comme arbitre.<\/p>\n\n\n\n<p>Soudain, alors que les \u00e9changes \u00e9taient cordiaux, Jean-Marie Le Pen demande \u00e0 son interlocuteur si celui-ci avait une double nationalit\u00e9 franco-isra\u00e9lienne. Cette simple question va se transformer en une incroyable accusation d\u2019antis\u00e9mitisme. Condamnation unanime de la classe politico-m\u00e9diatique. L\u2019affaire servira de pr\u00e9texte pour justifier le refuser de d\u00e9battre.<\/p>\n\n\n\n<figure class=\"wp-block-embed is-type-video is-provider-dailymotion wp-block-embed-dailymotion wp-embed-aspect-4-3 wp-has-aspect-ratio\"><div class=\"wp-block-embed__wrapper\">\n<iframe loading=\"lazy\" title=\"Duel sur la 5 : &quot;Immigration : un danger pour la France ?&quot;\" frameborder=\"0\" width=\"800\" height=\"600\" src=\"https:\/\/geo.dailymotion.com\/player.html?video=xfe4q3&#038;\" allowfullscreen allow=\"autoplay; fullscreen; picture-in-picture; web-share\"><\/iframe>\n<\/div><\/figure>\n\n\n\n<p>Nous avons la premi\u00e8re \u00e9tape. C\u2019est une attaque&nbsp;<em>ad hominem<\/em>. On reproche \u00e0 Jean-Marie Le Pen d\u2019\u00eatre antis\u00e9mite, car il demandait \u00e0 un ministre de Mitterrand s\u2019il avait la nationalit\u00e9 isra\u00e9lienne. Aujourd\u2019hui, la pol\u00e9mique fait sourire. Il y a tellement de bi-nationaux, voir de tri-nationaux en politique et dans le gouvernement. D\u2019ailleurs pas seulement franco-isra\u00e9lien, mais aussi franco-marocain, franco-alg\u00e9rien ou franco-s\u00e9n\u00e9galaise.<\/p>\n\n\n\n<p>Finalement ne restera que Bernard Tapie pour mener la contradiction face \u00e0 Jean-Marie Le Pen.<\/p>\n\n\n\n<p>Le pr\u00e9sident du FN va d\u00e8s le d\u00e9but des \u00e9changes, d\u00e9noncer ce lynchage m\u00e9diatique et accuser la bande des quatre, c\u2019est-\u00e0-dire les quatre partis politique qui monopolisait le pouvoir depuis 1945 (PS, PCF, RPR et UDF) de monopoliser le pouvoir. Je me rappelle tr\u00e8s bien de ce moment o\u00f9 il porta ses accusations sur la bande des quatre. Une expression d\u2019une redoutable efficacit\u00e9, qui fut ensuite d\u00e9clin\u00e9e en UMPS (bande r\u00e9duite \u00e0 deux partis) puis LRPS (prononc\u00e9 l\u2019herp\u00e9s).<\/p>\n\n\n\n<p>Bernard Tapie, homme d\u2019une remarquable intelligence, avait remarqu\u00e9 que Monsieur Le Pen parlait fort. C\u2019est une habitude que j\u2019ai aussi. Je connais tr\u00e8s bien son probl\u00e8me. C\u2019est une mauvaise habitude que l\u2019on retrouve chez ceux priv\u00e9 du droit \u00e0 la parole publique. On a quelques minutes, une fois de temps en temps, pour s\u2019exprimer, on se fait interrompre sans cesse (ce qui est aussi une forme de censure). Pour compenser cette inf\u00e9riorit\u00e9 que l\u2019on consid\u00e8re comme injuste, on parle haut et fort pour couvrir la voix de celui qui vous interrompe. On parle vite et fort, pour dire le plus de chose possible, en quelques minutes.<\/p>\n\n\n\n<p>Une personne souvent invit\u00e9e et que l\u2019on laisse s\u2019exprimer sans interruption peut parler calmement sans avoir besoin de hausser le ton. On lui laisse finir ce qu\u2019elle dit. Elle peut donc parler calmement. A la m\u00eame \u00e9poque, il faut observer le ton calme et pos\u00e9 d\u2019un Fran\u00e7ois Mitterand qui disposa durant toute sa carri\u00e8re politique d\u2019un temps de parole consid\u00e9rable.<\/p>\n\n\n\n<p>Or, Bernard Tapie va utiliser ce d\u00e9faut de locution en le jetant \u00e0 la figure de Jean-Marie Le Pen. C\u2019est l\u00e0 que l\u2019on comprend, que le pr\u00e9sident de l\u2019OM \u00e0 pr\u00e9parer sa \u201cpunch line\u201d. C\u2019est incontestable \u00e0 la lecture des images. Il suffit d\u2019observer son comportement lorsque Jean-Marie Le Pen parle. La communication non-verbale est tr\u00e8s importante. Elle en dit beaucoup plus sur ce que l\u2019on pense, que les mots eux-m\u00eames.<\/p>\n\n\n\n<figure class=\"wp-block-embed is-type-video is-provider-youtube wp-block-embed-youtube wp-embed-aspect-16-9 wp-has-aspect-ratio\"><div class=\"wp-block-embed__wrapper\">\n<iframe loading=\"lazy\" title=\"Jean-Marie Le Pen et Bernard Tapie d\u00e9battent de l&#039;immigration en 1989 | Archive INA\" width=\"800\" height=\"450\" src=\"https:\/\/www.youtube.com\/embed\/T7OGs3RdTuM?feature=oembed\" frameborder=\"0\" allow=\"accelerometer; autoplay; clipboard-write; encrypted-media; gyroscope; picture-in-picture; web-share\" referrerpolicy=\"strict-origin-when-cross-origin\" allowfullscreen><\/iframe>\n<\/div><\/figure>\n\n\n\n<p>Que voit-on ?<\/p>\n\n\n\n<p>Bernard Tapie, \u00e0 le sourire en coin pendant que Jean-Marie Le Pen parle. Il le laisse s\u2019exprimer calmement sans l\u2019interrompre, en attendant le moment favorable pour frapper. A plusieurs reprises, on peut voir Monsieur Tapie commencer une phrase pour interrompre Monsieur Le Pen. Mais il se ravise. Etonnant pour un homme qui lui aussi \u00e0 le verbe haut (mais lui, il a le droit). Nous avons ici, la deuxi\u00e8me \u00e9tape, c\u2019est-\u00e0-dire un Jean-Marie Le Pen qui parle de mani\u00e8re agressive.<a href=\"https:\/\/www.youtube.com\/watch?v=O8TdIB9mQKU\"><\/a><\/p>\n\n\n\n<p>Voici la retranscription du fameux \u00e9change.<\/p>\n\n\n\n<blockquote class=\"wp-block-quote is-layout-flow wp-block-quote-is-layout-flow\">\n<p><strong>Bernard Tapie :<\/strong>&nbsp;\u201c<em>Attendez, c\u2019est pas parce que vous avez une grande gueule et que vous criez fort\u2026\u201d<\/em><\/p>\n\n\n\n<p><em>Jean-Marie Le Pen : \u201cSoyez polie s\u2019il vous&nbsp;<\/em>pla<em>\u00eet\u2026\u201d<\/em><\/p>\n\n\n\n<p><em>Bernard Tapie : \u201cMais je ne peux pas \u00eatre polie avec vous\u201d.<\/em><\/p>\n\n\n\n<p><em>Jean-Marie Le Pen : \u201cVous \u00eates sorti des bas-fonds, on le sait, mais soyez poli. Vous avez d\u00fb apprendre \u00e0 parler depuis que vous \u00eates sorti\u201d.<\/em><\/p>\n\n\n\n<p><em>Bernard Tapie : \u201cla seule&nbsp;<\/em>diff\u00e9re<em>nce, c\u2019est que c\u2019est que ce n\u2019est pas parce que vous affirmez fort quelque chose que ce que vous dites est vrai, parceque vous dites n\u2019importe quoi.\u201d<\/em><\/p>\n<\/blockquote>\n\n\n\n<p>Bernard Tapie jette \u00e0 la figure de Jean-Marie Le Pen, \u201c<em>c\u2019est pas parce que vous avez une grande gueule et que vous criez fort\u201d. C\u2019est une accusation de violence, c\u2019est-\u00e0-dire la troisi\u00e8me \u00e9tape. Jean-Marie Le Pen va m\u00eame en rajouter en accusant Tapie de sortir des&nbsp;<\/em>bas<em>-fonds et de ne pas savoir parl\u00e9 correctement. Et Bernard Tapie d\u2019en remettre une couche \u201cla seule diff\u00e9rence, c\u2019est que c\u2019est que ce n\u2019est pas parce que vous affirmez fort quelque chose que ce que vous dites est vrai.\u201d<\/em><\/p>\n\n\n\n<p>R\u00e9sumons :<\/p>\n\n\n\n<p><strong>Premi\u00e8re \u00e9tape<\/strong>&nbsp;: refus de d\u00e9battre de ses interlocuteur en raison de son antis\u00e9mitisme.<\/p>\n\n\n\n<p><strong>Deuxi\u00e8me \u00e9tape<\/strong>&nbsp;: Jean-Marie Le Pen parle fort et accuse ses adversaires d\u2019\u00eatre des peureux.<\/p>\n\n\n\n<p><strong>Troisi\u00e8me \u00e9tape<\/strong>&nbsp;: Bernard Tapie accuse Jean-Marie Le Pen de parl\u00e9 fort, d\u2019\u00eatre agressif.<\/p>\n\n\n\n<p>Ensuite les m\u00e9dias diffuseront l\u2019image d\u2019un Jean-Marie Le Pen \u00e9ructant et accusant la bande des quatre. Il reprendrons le moment o\u00f9 il hurle \u201c, c\u2019est un h\u00e2bleur, un&nbsp;matamore, un tartarin\u201d, et Bernard Tapie lui disant calmement \u201cc\u2019est pas parc<em>e que vous avez une grande gueule et que vous criez fort\u201d. Il n\u2019expliqueront jamais que c\u2019est le refus du d\u00e9bat des autres adversaires politiques de Le Pen qui auront provoqu\u00e9 sa col\u00e8re.<\/em><a href=\"https:\/\/www.youtube.com\/watch?v=DbQt3TDnaKI\"><\/a><\/p>\n\n\n\n<p>Les Guignols de l\u2019info joueront sur ce registre durant plusieurs d\u00e9cennies, en montrant le pr\u00e9sident du FN, avec une marionnette au visage haineux, le coin de la bouche pour faire voir une dent. Il ressemble \u00e0 un terrifiant bulldog. Lorsqu\u2019il s\u2019exprime, il hurle et crache de volumineux postillons blancs. Une terrible caricature.<\/p>\n\n\n\n<figure class=\"wp-block-image\"><img loading=\"lazy\" decoding=\"async\" width=\"1280\" height=\"720\" src=\"https:\/\/www.inconscient-collectif.com\/wp-content\/uploads\/2025\/06\/maxresdefault.jpg\" alt=\"Fronting - Les Guignols - CANAL+ - YouTube\" class=\"wp-image-350\" srcset=\"https:\/\/www.inconscient-collectif.com\/wp-content\/uploads\/2025\/06\/maxresdefault.jpg 1280w, https:\/\/www.inconscient-collectif.com\/wp-content\/uploads\/2025\/06\/maxresdefault-300x169.jpg 300w, https:\/\/www.inconscient-collectif.com\/wp-content\/uploads\/2025\/06\/maxresdefault-1024x576.jpg 1024w, https:\/\/www.inconscient-collectif.com\/wp-content\/uploads\/2025\/06\/maxresdefault-768x432.jpg 768w\" sizes=\"auto, (max-width: 1280px) 100vw, 1280px\" \/><\/figure>\n\n\n\n<p>L\u2019image invent\u00e9e par les m\u00e9dias renvoi immanquablement au meeting d\u2019Adolf hitler dans les ann\u00e9es trente. Luis aussi parlait fort et accusait les gens. Une comparaison qui fait peur, m\u00eame chez les gens les plus mod\u00e9r\u00e9s. Il y a comme cela des images qui frappe l\u2019inconscient collectif du peuple. Rien ne peut contrecarrer une telle strat\u00e9gie.<\/p>\n\n\n\n<h2 class=\"wp-block-heading\"><strong><mark style=\"background-color:rgba(0, 0, 0, 0)\" class=\"has-inline-color has-vivid-red-color\">II. L\u2019invocation d\u2019une violence imaginaire.<\/mark><\/strong><\/h2>\n\n\n\n<p>Parfois, il n\u2019est m\u00eame pas n\u00e9cessaire de provoquer une r\u00e9action agressive de son adversaire Il suffit simplement d\u2019affirmer qu\u2019il a \u00e9t\u00e9 violent. Une affirmation imaginaire. Le plus bel exemple de ce que je dis se trouve dans le roman de Franz Kafka, \u201cle ch\u00e2teau\u201d.<a href=\"https:\/\/www.amazon.fr\/gp\/product\/2253150169\/ref=as_li_tl?ie=UTF8&amp;camp=1642&amp;creative=6746&amp;creativeASIN=2253150169&amp;linkCode=as2&amp;tag=astrologiemon-21&amp;linkId=b607e85bc37b3b102a2077917777619a\" target=\"_blank\" rel=\"noreferrer noopener\"><\/a><\/p>\n\n\n\n<figure class=\"wp-block-image size-large is-resized\"><img loading=\"lazy\" decoding=\"async\" width=\"616\" height=\"1024\" src=\"https:\/\/www.inconscient-collectif.com\/wp-content\/uploads\/2025\/05\/image-3-616x1024.png\" alt=\"\" class=\"wp-image-347\" style=\"width:294px;height:auto\" srcset=\"https:\/\/www.inconscient-collectif.com\/wp-content\/uploads\/2025\/05\/image-3-616x1024.png 616w, https:\/\/www.inconscient-collectif.com\/wp-content\/uploads\/2025\/05\/image-3-181x300.png 181w, https:\/\/www.inconscient-collectif.com\/wp-content\/uploads\/2025\/05\/image-3-768x1276.png 768w, https:\/\/www.inconscient-collectif.com\/wp-content\/uploads\/2025\/05\/image-3.png 800w\" sizes=\"auto, (max-width: 616px) 100vw, 616px\" \/><\/figure>\n\n\n\n<p>K a \u00e9t\u00e9 recrut\u00e9 comme arpenteur dans le village du comte WestWest. Il va rencontrer les plus grandes difficult\u00e9s pour se faire reconna\u00eetre par les habitants et les fonctionnaires du village. Un entretien est pr\u00e9vu sur son avenir avec le maire.<\/p>\n\n\n\n<blockquote class=\"wp-block-quote is-layout-flow wp-block-quote-is-layout-flow\">\n<p>\u201c<em>L\u2019id\u00e9e que K. se faisait des autorit\u00e9s de l\u2019endroit se trouva d\u2019abord fortement confirm\u00e9e par sa visite au maire. Ce maire, un gros homme aimable et enti\u00e8rement ras\u00e9, \u00e9tait malade ; il avait un grave acc\u00e8s de goutte et re\u00e7ut K. au lit.<\/em><\/p>\n\n\n\n<p><em>\u2013 Voici donc Monsieur notre Arpenteur, dit-il, et il chercha \u00e0 se redresser pour saluer ; mais il ne put y parvenir et se rejeta sur ses oreillers en montrant ses jambes comme excuse.<\/em><\/p>\n\n\n\n<p><em>Une femme silencieuse, qui avait presque l\u2019air d\u2019une ombre dans le cr\u00e9puscule de cette chambre aux fen\u00eatres minuscules encore assombrie de rideaux, apporta une chaise \u00e0 K. et la pla\u00e7a aupr\u00e8s du lit.<\/em><\/p>\n\n\n\n<p><em>\u2013 Asseyez-vous, asseyez-vous, Monsieur l\u2019Arpenteur, fit le maire, et dites-moi vos d\u00e9sirs.<\/em><\/p>\n\n\n\n<p><em>K. lui lut la lettre de Klamm et ajouta quelques r\u00e9flexions. Il \u00e9prouvait une fois de plus la sensation de l\u2019extraordinaire dans ses rapports avec l\u2019autorit\u00e9. L\u2019autorit\u00e9 acceptait tous les fardeaux, on pouvait tout lui mettre sur le dos et on restait personnellement libre et serein. Le maire, comme s\u2019il e\u00fbt aussi senti cela \u00e0 sa fa\u00e7on, se tourna p\u00e9niblement dans le lit. Finalement il dit \u00e0 K. :<\/em><\/p>\n\n\n\n<p><em>\u2013 Comme vous avez pu le remarquer, Monsieur l\u2019Arpenteur, j\u2019ai bien eu connaissance de toute cette affaire. Si je n\u2019ai encore rien fait, c\u2019est d\u2019abord \u00e0 cause de ma maladie, puis parce que, ne vous ayant pas encore vu, je pensais que vous aviez renonc\u00e9 \u00e0 la chose. Mais, puisque vous avez l\u2019amabilit\u00e9 de venir me voir personnellement, il faut bien que je vous dise toute la v\u00e9rit\u00e9, la d\u00e9sagr\u00e9able v\u00e9rit\u00e9.&nbsp;<strong>Vous \u00eates engag\u00e9 comme arpenteur, ainsi que vous le dites, mais malheureusement nous n\u2019avons pas besoin d\u2019arpenteur. Il n\u2019y aurait pas pour vous le moindre travail ici. Les limites de mes petits domaines sont toutes trac\u00e9es, tout est cadastr\u00e9 fort r\u00e9guli\u00e8rement.&nbsp;<\/strong>Il ne se produit gu\u00e8re de changement de propri\u00e9taire ;&nbsp;<strong>quant \u00e0 mes petites disputes au sujet des limites, nous les liquidons en famille.&nbsp;<\/strong>Que ferions-nous dans ces conditions d\u2019un arpenteur ?<\/em><\/p>\n\n\n\n<p><em>Bien qu\u2019il n\u2019y e\u00fbt encore jamais r\u00e9fl\u00e9chi, K. se trouvait convaincu dans son for int\u00e9rieur qu\u2019il s\u2019\u00e9tait toujours attendu \u00e0 une d\u00e9claration de ce genre. Ce fut ce qui le rendit capable de r\u00e9pondre imm\u00e9diatement :<\/em><\/p>\n\n\n\n<p><em>\u2013 Voil\u00e0 qui me surprend beaucoup. Cela renverse tous mes calculs. Je ne puis qu\u2019esp\u00e9rer qu\u2019il y a l\u00e0 une m\u00e9prise.<\/em><\/p>\n\n\n\n<p><em>\u2013 H\u00e9las non, r\u00e9pondit le maire, la situation est telle que je vous la d\u00e9peins.<\/em><\/p>\n\n\n\n<p><em>\u2013 Mais comment cela est-il possible ! s\u2019\u00e9cria K., je n\u2019ai tout de m\u00eame pas fait cet interminable voyage pour \u00eatre<br>encore renvoy\u00e9 !<\/em>\u201d (<strong>Franz Kafka,&nbsp;<em>le ch\u00e2teau<\/em>, folio, p. 91-92<\/strong>).<\/p>\n<\/blockquote>\n\n\n\n<p>K va produire sa lettre d\u2019engagement au Maire. Cela ne changera rien. On lui fait bien comprendre qu\u2019il est \u00e9tranger et que les probl\u00e8mes de limites de terrain se r\u00e8gle entre eux. Bien comprendre ici, que le texte parle d\u2019une lutte des classes, entre une oligarchie qui r\u00e8gle ses conflits en interne et un prol\u00e9tariat qui ne peut jamais acc\u00e9der aux hautes sph\u00e8res du pouvoir. Nous sommes au c\u0153ur de la probl\u00e9matique kafka\u00efenne. Elle traverse toutes son \u0153uvre.<\/p>\n\n\n\n<blockquote class=\"wp-block-quote is-layout-flow wp-block-quote-is-layout-flow\">\n<p>\u201c<em>Mizzi vint ; elle parut encore plus terne et insignifiante quand elle se trouva assise au bord du lit, press\u00e9e contre<br>cet homme fort et \u00e9clatant de vie, qu\u2019elle tenait presque embrass\u00e9. Seul son petit visage frappait, dans la lumi\u00e8re<br>de la bougie, avec ses traits nets et s\u00e9v\u00e8res que l\u2019\u00e2ge avait \u00e0 peine adoucis. Elle n\u2019eut pas plus t\u00f4t jet\u00e9 les yeux sur la<br>lettre qu\u2019elle joignit les mains l\u00e9g\u00e8rement : de Klamm ! dit-elle. Puis ils lurent la lettre ensemble, \u00e9chang\u00e8rent<br>quelques mots \u00e0 voix basse et finalement, juste au moment o\u00f9 les deux aides criaient : \u00ab Hourra ! \u00bb car ils venaient de r\u00e9ussir \u00e0 fermer la porte de l\u2019armoire et Mizzi leur adressait un regard de reconnaissance muette, le maire dit :<\/em><\/p>\n\n\n\n<p><em>\u2013 Mizzi partage enti\u00e8rement mon opinion et je puis bien maintenant vous la communiquer.&nbsp;<strong>Cette lettre n\u2019est pas un \u00e9crit officiel, mais un document d\u2019ordre priv\u00e9<\/strong>. La suscription \u00ab Monsieur \u00bb suffirait \u00e0 le montrer.&nbsp;<strong>De plus nul mot n\u2019y dit que vous soyez engag\u00e9 comme arpenteur, il n\u2019est question que du \u00ab service du comte \u00bb en g\u00e9n\u00e9ral<\/strong>&nbsp;; encore n\u2019est-ce pas exprim\u00e9 d\u2019une fa\u00e7on qui engage le signataire, vous \u00eates pris \u00ab comme vous le savez \u00bb, c\u2019est-\u00e0-dire que la charge de faire la preuve vous incombe. Enfin, en mati\u00e8re de service, c\u2019est \u00e0 moi uniquement que vous avez \u00e0 vous adresser, \u00e0 moi le maire qui doit vous renseigner, ce qui est d\u00e9j\u00e0 fait dans l\u2019ensemble. Pour quelqu\u2019un qui sait lire les pi\u00e8ces officielles, \u00e0 plus forte raison celles qui ne le sont pas, tout cela cr\u00e8ve les yeux. Que vous, un \u00e9tranger, vous ne l\u2019ayez pas compris, je n\u2019en suis pas \u00e9tonn\u00e9. En gros cette lettre n\u2019a pas d\u2019autre sens que de vous montrer que Klamm a l\u2019intention de s\u2019occuper de vous au cas o\u00f9 vous entreriez au service du comte.<\/em>\u201d (<strong>Franz Kafka,&nbsp;<em>le ch\u00e2teau<\/em>, folio, p. 108-109<\/strong>).<\/p>\n<\/blockquote>\n\n\n\n<p>Il va s\u2019ensuivre une discussion fort courtoise o\u00f9 K va seulement contester le refus du Maire et s\u2019\u00e9tonner de l\u2019erreur administrative. Il faut lire le chapitre V en entier pour s\u2019apercevoir de la politesse et de la courtoisie de K. Il remet en cause la comp\u00e9tence de l\u2019administration d\u2019une fa\u00e7on polie. Et pourtant.<\/p>\n\n\n\n<blockquote class=\"wp-block-quote is-layout-flow wp-block-quote-is-layout-flow\">\n<p>\u201c<em>K. se trouva seul avec l\u2019instituteur qui avait repris silencieusement sa place \u00e0 table ; il le laissa attendre encore un peu, \u00f4ta sa chemise et commen\u00e7a \u00e0 se laver dans la cuvette. Ce ne fut qu\u2019alors, le dos tourn\u00e9, qu\u2019il lui demanda le motif de sa venue.<\/em><\/p>\n\n\n\n<p><em>\u2013 Je viens de la part de Monsieur le Maire, r\u00e9pondit l\u2019instituteur.<\/em><\/p>\n\n\n\n<p><em>K. dit qu\u2019il \u00e9tait pr\u00eat \u00e0 l\u2019\u00e9couter. Mais, comme le clapotis de l\u2019eau emp\u00eachait de l\u2019entendre nettement, l\u2019instituteur dut se rapprocher, il s\u2019appuya au mur, tout pr\u00e8s de K. ; K. s\u2019excusa de son impatience et de sa lessive sur l\u2019urgence de la visite qu\u2019il projetait. L\u2019instituteur passa l\u00e0-dessus et dit seulement :<\/em><\/p>\n\n\n\n<p><em>\u2013&nbsp;<strong>Vous avez \u00e9t\u00e9 impoli avec Monsieur le Maire, ce vieil homme respectable qui a tant de m\u00e9rite et d\u2019exp\u00e9rience<\/strong>.<\/em><\/p>\n\n\n\n<p><em>\u2013 Je ne savais pas que j\u2019eusse \u00e9t\u00e9 impoli, dit K. en se s\u00e9chant, mais il est vrai que pendant notre entretien, j\u2019avais d\u2019autres soucis que celui des belles mani\u00e8res, car il y allait de mon existence menac\u00e9e par le honteux fonctionnement d\u2019une administration dont je n\u2019ai pas \u00e0 vous d\u00e9peindre le d\u00e9tail puisque vous en \u00eates un membre<br>actif. Le Maire s\u2019est-il plaint de moi ?<\/em><\/p>\n\n\n\n<p><em>\u2013 \u00c0 qui donc auriez-vous donc voulu qu\u2019il se plaign\u00eet ? demanda l\u2019instituteur, et, m\u00eame s\u2019il avait quelqu\u2019un sous<br>la main, se plaindrait-il jamais ? Non, mais&nbsp;<strong>j\u2019ai eu \u00e0 \u00e9tablir sous sa dict\u00e9e un petit proc\u00e8s-verbal de votre entrevue<br>qui m\u2019en a suffisamment appris sur sa bont\u00e9 et sur le ton de vos r\u00e9ponses.<\/strong><\/em><\/p>\n\n\n\n<p><em>Tout en cherchant son peigne, que Frieda avait d\u00fb ranger Dieu savait o\u00f9, K. r\u00e9pondit :<\/em><\/p>\n\n\n\n<p><em>\u2013&nbsp;<strong>Comment ? Un proc\u00e8s-verbal ? Dress\u00e9 apr\u00e8s coup ! En mon absence ! Et par quelqu\u2019un qui n\u2019assistait pas \u00e0<br>l\u2019entrevue ! Ce n\u2019est pas mal ! Et pourquoi un proc\u00e8sverbal ? Notre entretien \u00e9tait-il donc officiel ?<\/strong><\/em><\/p>\n\n\n\n<p><em>\u2013&nbsp;<strong>Non, dit l\u2019instituteur, mais semi-officiel, tout comme mon proc\u00e8s-verbal. On n\u2019a dress\u00e9 ce proc\u00e8s-verbal que<br>pour la bonne r\u00e8gle. En tout cas maintenant il existe, et il ne vous fait pas honneur.<\/strong><\/em><\/p>\n\n\n\n<p><em>K., ayant enfin trouv\u00e9 le peigne qui avait gliss\u00e9 dans le lit, dit plus calmement :<\/em><\/p>\n\n\n\n<p><em>\u2013 Il existe ! Est-ce pour m\u2019annoncer cela que vous \u00eates venu ?<\/em><\/p>\n\n\n\n<p><em>\u2013 Non, dit l\u2019instituteur, mais je ne suis pas un automate, et je ne pouvais pas m\u2019emp\u00eacher de vous dire ma fa\u00e7on de penser. Ma mission, elle, n\u2019est qu\u2019une nouvelle preuve de la bont\u00e9 de Monsieur le Maire ; bont\u00e9 que je ne puis comprendre, j\u2019y insiste ; et si j\u2019ex\u00e9cute la mission que m\u2019a confi\u00e9e Monsieur le Maire, c\u2019est uniquement pour remplir les devoirs de la profession et par respect pour Monsieur le Maire.<\/em>\u201d (<strong>Franz Kafka,&nbsp;<em>le Ch\u00e2teau<\/em>, folio, p. 134-136<\/strong>)<\/p>\n<\/blockquote>\n\n\n\n<p>Le cas de figure pos\u00e9 par Kafka dans son roman, c\u2019est l\u2019outrage sur un agent d\u00e9positaire de l\u2019autorit\u00e9 publique. L\u2019arme de guerre de la dictature pour faire taire un interlocuteur. Il faut distinguer l\u2019injure, la diffamation (<strong>A<\/strong>) de l\u2019outrage (<strong>B<\/strong>).<\/p>\n\n\n\n<h3 class=\"wp-block-heading\"><strong><mark style=\"background-color:rgba(0, 0, 0, 0)\" class=\"has-inline-color has-vivid-cyan-blue-color\">A. L&rsquo;injure et la diffamation.<\/mark><\/strong><\/h3>\n\n\n\n<p>La loi de 1881 sur la libert\u00e9 (sic) de la presse interdit la diffamation et l\u2019injure :<\/p>\n\n\n\n<blockquote class=\"wp-block-quote is-layout-flow wp-block-quote-is-layout-flow\">\n<p>\u201c<em><strong>Toute all\u00e9gation ou imputation d\u2019un fait qui porte atteinte \u00e0 l\u2019honneur ou \u00e0 la consid\u00e9ration de la personne ou du corps auquel le fait est imput\u00e9 est une diffamation.<\/strong>&nbsp;La publication directe ou par voie de reproduction de cette all\u00e9gation ou de cette imputation est punissable, m\u00eame si elle est faite sous forme dubitative ou si elle vise une personne ou un corps non express\u00e9ment nomm\u00e9s, mais dont l\u2019identification est rendue possible par les termes des discours, cris, menaces, \u00e9crits ou imprim\u00e9s, placards ou affiches incrimin\u00e9s.<\/em><\/p>\n\n\n\n<p><em><strong>Toute expression outrageante, termes de m\u00e9pris ou invective qui ne renferme l\u2019imputation d\u2019aucun fait est une injure.<\/strong><\/em>\u201d (<strong>Article 29, loi du 29 juillet 1881<\/strong>).<\/p>\n<\/blockquote>\n\n\n\n<p>La diffamation concerne un propos mensonger port\u00e9 contre une personne sans preuve. La qualification est assez simple \u00e0 d\u00e9finir. Soit vous pouvez prouver ce que vous dites et il n\u2019y a pas diffamation, soit vous ne pouvez pas le prouver et il y a diffamation. Par exemple dire que Pierre-Yves Rougeyron est franc-ma\u00e7on peut \u00eatre une diffamation si je ne produis aucune preuve \u00e0 l\u2019appui de mon propos.<\/p>\n\n\n\n<p>L\u2019injure rel\u00e8ve des propos outrageant, m\u00e9prisant qui ne comporte aucun fait pr\u00e9cis. Un des exemples le plus c\u00e9l\u00e8bre concerne Jean-Marie Le Pen. Je sais encore lui. Aujourd\u2019hui, j\u2019ai deux obsessions (et moi, vous le savez d\u00e9j\u00e0, lorsque j\u2019ai une obsession), Jean-Marie Le Pen et Pierre-Yves Rougeyron. Bon enfin bref. Revenons a nos moutons.<\/p>\n\n\n\n<p>Le 2 septembre 1988 \u00e0 l\u2019Universit\u00e9 d\u2019\u00e9t\u00e9 du Cap d\u2019Agde, le Pr\u00e9sident du Front National va prononcer un discours que je reprends mot pour mot.<\/p>\n\n\n\n<blockquote class=\"wp-block-quote is-layout-flow wp-block-quote-is-layout-flow\">\n<p>\u201c<em>Monsieur Durafour, obscur ministre de l\u2019ouverture dans laquelle il a imm\u00e9diatement disparu, a d\u00e9clar\u00e9 : nous devons nous allier aux \u00e9lections municipales, y compris avec le Parti communiste, car le parti communiste, lui, perd des forces, tandis que l\u2019extr\u00eame droite ne cesse d\u2019en gagner ; M. Durafour cr\u00e9matoire, merci de cet aveu.<\/em>\u201c<\/p>\n<\/blockquote>\n\n\n\n<p>Monsieur Durafour n\u2019ayant pas port\u00e9 plainte contre Jean-Marie Le Pen, fut quand m\u00eame poursuivi par le parquet sur le fondement de l\u2019injure publique.<\/p>\n\n\n\n<p>Il fut relax\u00e9 par la Cour d\u2019Appel de Versailles :<\/p>\n\n\n\n<blockquote class=\"wp-block-quote is-layout-flow wp-block-quote-is-layout-flow\">\n<p>\u201c<em>L\u2019expression incrimin\u00e9e a \u00e9t\u00e9 inspir\u00e9e par la derni\u00e8re syllabe du nom patronymique de la personne vis\u00e9e et que ni la personnalit\u00e9 priv\u00e9e de celle-ci ni sa carri\u00e8re politique ne pouvaient donner \u00e0 penser \u00e0 l\u2019auditoire que M. Durafour pourrait la ressentir comme une atteinte li\u00e9e \u00e0 l\u2019\u00e9vocation des crimes nazis que certes l\u2019expression appelle.<\/em>\u201c<\/p>\n<\/blockquote>\n\n\n\n<p>La derni\u00e8re syllabe du nom de famille du ministre (four) associ\u00e9 \u00e0 cr\u00e9matoire est un jeu de mots qui renvoi aux crimes de guerre des nazis. C\u2019est incontestable, mais c\u2019est une blague, un calembour, certes de mauvais go\u00fbt, mais un calembour qui fait partie de la tradition fran\u00e7aise, comme le dit si justement la Cour d\u2019Appel. Il ne pouvait donc y avoir d\u2019injure publique.<\/p>\n\n\n\n<blockquote class=\"wp-block-quote is-layout-flow wp-block-quote-is-layout-flow\">\n<p>\u201c<em><strong>il convient d\u2019analyser cette expression comme un calembour<\/strong>, prof\u00e9r\u00e9 en p\u00e9riode pr\u00e9\u00e9lectorale, contre un adversaire politique qui n\u2019avait pas cach\u00e9 sa volont\u00e9 d\u2019\u00e9liminer un parti opposant, et&nbsp;<strong>qu\u2019il est conforme \u00e0 la tradition fran\u00e7aise dans un tel contexte, le d\u00e9bat f\u00fbt-il violemment pol\u00e9mique, de ne pas l\u2019entraver par une conception \u00e9troite de la susceptibilit\u00e9 des personnes qui acceptent de se trouver expos\u00e9es \u00e0 la contradiction<\/strong>&nbsp;; que les juges ajoutent que les limites de la tol\u00e9rance usuellement admise en la mati\u00e8re n\u2019ont pas \u00e9t\u00e9 d\u00e9pass\u00e9es, d\u2019aussi mauvais go\u00fbt que f\u00fbt ledit calembour.<\/em>\u201c<\/p>\n<\/blockquote>\n\n\n\n<p>La Cour de cassation va pourtant casser la d\u00e9cision, en retenant que le calembour portait sur un ministre. Qu\u2019il est important de tenir compte de la d\u00e9licatesse d\u2019un ministre. Un ministre est une personne particuli\u00e8re au sein de la R\u00e9publique, comme le maire du ch\u00e2teau. Jean-Marie Le Pen comme K auraient d\u00fb tenir compte de la susceptibilit\u00e9 (c\u2019est la m\u00eame chose que la d\u00e9licatesse) du ministre ou du maire du village. Il y a des gens qui sont sup\u00e9rieures aux autres. Nier cette \u00e9vidence, c\u2019est \u00eatre violent.<\/p>\n\n\n\n<blockquote class=\"wp-block-quote is-layout-flow wp-block-quote-is-layout-flow\">\n<p>\u201c<em>l\u2019adjonction de l\u2019\u00e9pith\u00e8te cr\u00e9matoire au patronyme de Michel Y\u2026 \u00e9voquait les crimes contre l\u2019humanit\u00e9 perp\u00e9tr\u00e9s par les adeptes du nazisme, et portait ainsi atteinte \u00e0 la d\u00e9licatesse de la personne invectiv\u00e9e, \u00e0 raison de sa qualit\u00e9 de ministre.<\/em>\u201c<\/p>\n<\/blockquote>\n\n\n\n<p>Une d\u00e9cision historique qui marque un tournant majeur dans l\u2019histoire politique fran\u00e7aise. Une guerre s\u00e9mantique va \u00eatre men\u00e9e contre l\u2019esprit fran\u00e7ais par des associations communautaires dont la \u201ccancel culture\u201d et le \u201cwoke\u201d est la continuatrice moderne.<\/p>\n\n\n\n<h3 class=\"wp-block-heading\"><strong><mark style=\"background-color:rgba(0, 0, 0, 0)\" class=\"has-inline-color has-vivid-cyan-blue-color\">B. L&rsquo;outrage.<\/mark><\/strong><\/h3>\n\n\n\n<p>L\u2019outrage se distingue de l\u2019injure et de la diffamation par son caract\u00e8re priv\u00e9. Si les propos sont tenus en public, c\u2019est de l\u2019injure et de la diffamation. Si c\u2019est priv\u00e9 c\u2019est de l\u2019outrage.<\/p>\n\n\n\n<p>Attardons-nous plus longuement sur l\u2019outrage qui est l\u2019arme la plus utilis\u00e9e par les dictatures pour faire taire ses opposants. Elle est d\u2019une redoutable efficacit\u00e9 comme le montre l\u2019exemple du roman de Kafka.<\/p>\n\n\n\n<p>J\u2019aime refaire l\u2019histoire d\u2019une notion afin de bien percevoir l\u2019\u00e9volution sur une longue dur\u00e9e. C\u2019est essentiel pour bien comprendre. C\u2019est l\u2019une de mes technique de travail.<\/p>\n\n\n\n<p>Remontons donc \u00e0 l\u2019\u00e9poque de l\u2019Empire romain.<\/p>\n\n\n\n<p>Il faut bien comprendre que l\u2019outrage est une infraction de nature religieuse. Sous l\u2019Ancien R\u00e9gime, elle concernait la personne du Roi (le crime de l\u00e8se-majest\u00e9) ou le monde religieux (le blasph\u00e8me). Le Roi par le sacre de Reims \u00e9tait consid\u00e9r\u00e9 comme le repr\u00e9sentant de Dieu sur terre. Pour cette raison, il \u00e9tait interdit de le toucher par des mots ou par un contact physique. C\u2019\u00e9tait le crime absolu qui \u00e9tait puni avec la plus grande s\u00e9v\u00e9rit\u00e9. L\u2019exemple de Damiens le montre bien. Il avait os\u00e9 effleura Louis XV avec un couteau et du subir un effroyable ch\u00e2timent.<\/p>\n\n\n\n<p>Lorsqu\u2019on vous parle d\u2019outrage, nous sommes pleinement dans le domaine religieux. Les personnes que la loi (autre mot de nature religieuse) prot\u00e8ge contre l\u2019outrage se consid\u00e8rent comme investies d\u2019une mission quasi-divine. Pour cette raison, ils consid\u00e8rent qu\u2019un simple citoyen (un gueux) n\u2019a pas le droit de critiquer son travail, de le contredire ou m\u00eame de simplement d\u2019\u00e9mettre une r\u00e9serve sur sa d\u00e9cision. L\u2019accusation d\u2019outrage prend une dimension particuli\u00e8re d\u2019interdiction de la critique, une critique qui revient \u00e0 remettre en cause l\u2019infaillibilit\u00e9 de celui qui se pense au-dessus des lois.<\/p>\n\n\n\n<p>Le crime de l\u00e8se-majest\u00e9 reprend \u00e0 son compte un vieux concept du droit romain, le \u201c<em>crimen maiestatum<\/em>\u201c. La&nbsp;\u201c<em>maiestas\u201d<\/em>, en latin, c\u2019est la grandeur du peuple romain dans son ensemble comme nous l\u2019explique Tacite dans ses \u201c<em>annales<\/em>\u201c.<\/p>\n\n\n\n<blockquote class=\"wp-block-quote is-layout-flow wp-block-quote-is-layout-flow\">\n<p>\u201c<em>On d\u00e9cerna cette ann\u00e9e les ornements du triomphe \u00e0 C\u00e9cina, \u00e0 L. Apronius et \u00e0 C. Silius, pour la part qu\u2019ils avaient eue aux succ\u00e8s de Germanicus. Tib\u00e8re refusa le nom de P\u00e8re de la patrie, dont le peuple s\u2019obstinait \u00e0 le saluer ; et, malgr\u00e9 l\u2019avis du s\u00e9nat, il ne permit pas qu\u2019on jur\u00e2t sur ses actes, affectant de r\u00e9p\u00e9ter \u201cque rien n\u2019est stable dans la vie, et que, plus on l\u2019aurait plac\u00e9 haut, plus le poste serait glissant.\u201d&nbsp;<strong>Et cependant cette fausse popularit\u00e9 n\u2019en imposait \u00e0 personne. Il avait remis en vigueur la loi de majest\u00e9 ; loi qui chez les anciens, avec le m\u00eame nom, embrassait des objets tout diff\u00e9rents, trahisons \u00e0 l\u2019arm\u00e9e, s\u00e9ditions \u00e0 Rome, atteinte port\u00e9e par un magistrat pr\u00e9varicateur \u00e0 la majest\u00e9 du peuple romain. On condamnait les actions, les paroles restaient impunies : Auguste le premier \u00e9tendit cette loi aux libelles scandaleux<\/strong>, indign\u00e9 de l\u2019audace de Cassius S\u00e9v\u00e9rus, dont les \u00e9crits insolents avaient diffam\u00e9 des hommes et des femmes d\u2019un rang illustre. Dans la suite Tib\u00e8re, consult\u00e9, par le pr\u00e9teur Pomp\u00e9ius Macer, s\u2019il fallait recevoir les accusations de l\u00e8se-majest\u00e9, r\u00e9pondit que les lois devaient \u00eatre ex\u00e9cut\u00e9es. Lui aussi avait \u00e9t\u00e9 aigri par des vers anonymes qui coururent alors sur sa cruaut\u00e9, son orgueil, et son aversion pour sa m\u00e8re.<\/em>\u201d (<strong>Tacite,&nbsp;<em>Annales<\/em>, I,&nbsp;<small>LXXII<\/small><\/strong>).<\/p>\n<\/blockquote>\n\n\n\n<p>Auguste puis Tib\u00e8re vont modifier le principe du \u201c<em>crimen maiestatum<\/em>\u201d en l\u2019appliquant \u00e0 la personne de l\u2019Empereur comme le montre un extrait des \u201c<em>vies des douze C\u00e9sars<\/em>\u201d de Su\u00e9tone au sujet de Tib\u00e8re.<\/p>\n\n\n\n<blockquote class=\"wp-block-quote is-layout-flow wp-block-quote-is-layout-flow\">\n<p>\u201c<em>Vers le m\u00eame temps, comme&nbsp;<strong>un pr\u00e9teur demandait \u00e0 Tib\u00e8re s\u2019il voulait faire poursuivre les crimes de l\u00e8se-majest\u00e9, il r\u00e9pondit \u00ab&nbsp;qu\u2019il fallait appliquer les lois&nbsp;\u00bb, et il les appliqua de la mani\u00e8re la plus atroce.&nbsp;<\/strong>Quelqu\u2019un avait enlev\u00e9 la t\u00eate d\u2019une statue d\u2019Auguste pour lui en substituer une autre&nbsp;; l\u2019affaire fut d\u00e9battue au S\u00e9nat et, comme il y avait doute, on eut recours \u00e0 la torture. L\u2019inculp\u00e9 ayant \u00e9t\u00e9 condamn\u00e9, ce genre d\u2019accusation fut insensiblement port\u00e9 si loin qu\u2019on fit un crime capital m\u00eame d\u2019avoir battu un esclave ou chang\u00e9 de v\u00eatements pr\u00e8s d\u2019une statue d\u2019Auguste, d\u2019avoir \u00e9t\u00e9 aux latrines ou dans un lieu de d\u00e9bauche avec une pi\u00e8ce de monnaie ou une bague portant son effigie, d\u2019avoir critiqu\u00e9 l\u2019une de ses paroles ou de ses actions. Enfin on alla jusqu\u2019\u00e0 faire p\u00e9rir un citoyen qui s\u2019\u00e9tait laiss\u00e9 investir d\u2019une magistrature dans sa colonie, le m\u00eame jour o\u00f9 l\u2019on avait autrefois d\u00e9cern\u00e9 des charges \u00e0 Auguste.<\/em>\u201d (<strong>Su\u00e9tone,&nbsp;<em>Vies des douze C\u00e9sars<\/em>, \u00ab&nbsp;Tib\u00e8re&nbsp;\u00bb, LVIII<\/strong>)<\/p>\n<\/blockquote>\n\n\n\n<p>Les papes, les empereurs et les rois reprendront \u00e0 leurs comptes le principe de \u201ccrimen maiestatum\u201d. En 1199, le pape Innocent III par la d\u00e9cr\u00e9tale \u201cvergentis in senium\u201d en incluant les aspects religieux dans le crime de l\u00e8se-majest\u00e9. D\u00e9sormais, les h\u00e9r\u00e9sies, les blasph\u00e8me et le sacril\u00e8ge seront punie sur le m\u00eame fondement.<\/p>\n\n\n\n<p>Avec la R\u00e9volution fran\u00e7aise, et son code p\u00e9nal de 1791, le crime de l\u00e8se-majest\u00e9 va \u00eatre aboli et remplac\u00e9 par celui de crime d\u2019offense \u00e0 la loi et d\u2019outrage.<\/p>\n\n\n\n<blockquote class=\"wp-block-quote is-layout-flow wp-block-quote-is-layout-flow\">\n<p>\u201c<em>Lorsqu\u2019un ou plusieurs agents pr\u00e9pos\u00e9s, soit \u00e0 l\u2019ex\u00e9cution d\u2019une loi, soit \u00e0 la perception d\u2019une contribution l\u00e9galement \u00e9tablie, soit \u00e0 l\u2019ex\u00e9cution d\u2019un jugement, mandat, d\u2019une ordonnance de justice ou de police ; lorsque tout d\u00e9positaire quelconque de la force publique, agissant l\u00e9galement dans l\u2019ordre de ses fonctions, aura prononc\u00e9 cette formule&nbsp;:&nbsp;Ob\u00e9issance \u00e0 la loi&nbsp;;<\/em><\/p>\n\n\n\n<p><em>Quiconque opposera des violences et voies de fait, sera coupable<strong>&nbsp;du crime d\u2019offense \u00e0 la loi<\/strong>, et sera puni de la peine de deux ann\u00e9es de d\u00e9tention.<\/em>\u201d (<strong>article 1, section IV, titre I, 2e partie<\/strong>)<\/p>\n<\/blockquote>\n\n\n\n<blockquote class=\"wp-block-quote is-layout-flow wp-block-quote-is-layout-flow\">\n<p>\u201c<em><strong>Quiconque aura outrag\u00e9 un fonctionnaire public en le f<\/strong>rappant au moment o\u00f9 il exer\u00e7ait ses fonctions, sera puni de la peine de deux ann\u00e9es de d\u00e9tention.<\/em>\u201d (<strong>article 7, section IV, titre I, 2e partie<\/strong>)<\/p>\n<\/blockquote>\n\n\n\n<p>Ne sont vis\u00e9 que les actes de violence. Il faudra attendre le code p\u00e9nal de 1810 pour que soit r\u00e9introduit l\u2019outrage par les mots et les gestes.<\/p>\n\n\n\n<blockquote class=\"wp-block-quote is-layout-flow wp-block-quote-is-layout-flow\">\n<p>\u201c<em>Lorsqu\u2019un ou plusieurs magistrats de l\u2019ordre administratif ou judiciaire auront re\u00e7u dans l\u2019exercice de leurs fonctions, ou \u00e0 l\u2019occasion cet exercice,&nbsp;<strong>quelque outrage par paroles tendant \u00e0 inculper leur honneur, ou leur d\u00e9licatesse,<\/strong>&nbsp;celui qui les aura ainsi outrag\u00e9s sera puni d\u2019un emprisonnement d\u2019un mois \u00e0 deux ans.<\/em><\/p>\n\n\n\n<p><em>Si l\u2019outrage a eu lieu \u00e0 l\u2019audience d\u2019une cour ou d\u2019un tribunal, l\u2019emprisonnement sera de deux \u00e0 cinq ans.<\/em>\u201d (<strong>article 222 ancien code p\u00e9nal<\/strong>).<\/p>\n<\/blockquote>\n\n\n\n<blockquote class=\"wp-block-quote is-layout-flow wp-block-quote-is-layout-flow\">\n<p>\u201c<em><strong>L\u2019outrage fait par gestes ou menaces<\/strong>&nbsp;\u00e0 un magistrat dans l\u2019exercice ou \u00e0 l\u2019occasion de l\u2019exercice de ses fonctions, sera puni d\u2019un mois \u00e0 six mois d\u2019emprisonnement&nbsp;; et si l\u2019outrage a eu lieu \u00e0 l\u2019audience d\u2019une cour ou d\u2019un tribunal, il sera puni d\u2019un emprisonnement d\u2019un mois \u00e0 deux ans.<\/em>\u201d (<strong>article 223 ancien code p\u00e9nal<\/strong>).<\/p>\n<\/blockquote>\n\n\n\n<blockquote class=\"wp-block-quote is-layout-flow wp-block-quote-is-layout-flow\">\n<p>\u201c<em><strong>L\u2019outrage fait par paroles, gestes ou menaces \u00e0 tout officier minist\u00e9riel, ou agent d\u00e9positaire de la force publique,<\/strong>&nbsp;dans l\u2019exercice ou \u00e0 l\u2019occasion de l\u2019exercice de ses fonctions, sera puni d\u2019une amende de seize francs \u00e0 deux cents francs.<\/em>\u201d (<strong>article 224 ancien code p\u00e9nal<\/strong>).<\/p>\n<\/blockquote>\n\n\n\n<p>Le nouveau code p\u00e9nal de 1994 reprend la m\u00eame id\u00e9e \u00e0 l\u2019article 433-5 :<\/p>\n\n\n\n<blockquote class=\"wp-block-quote is-layout-flow wp-block-quote-is-layout-flow\">\n<p>\u201c<em>Constituent un outrage puni de 7 500 euros d\u2019amende&nbsp;<strong>les paroles, gestes ou menaces, les \u00e9crits ou images de toute nature non rendus publics ou l\u2019envoi d\u2019objets quelconques adress\u00e9s \u00e0 une personne charg\u00e9e d\u2019une mission de service public, dans l\u2019exercice ou \u00e0 l\u2019occasion de l\u2019exercice de sa mission, et de nature \u00e0 porter atteinte \u00e0 sa dignit\u00e9 ou au respect d\u00fb \u00e0 la fonction dont elle est investie.<\/strong><\/em><\/p>\n\n\n\n<p><em>Lorsqu\u2019il est adress\u00e9 \u00e0 une personne d\u00e9positaire de l\u2019autorit\u00e9 publique, l\u2019outrage est puni d\u2019un an d\u2019emprisonnement et de 15 000 euros d\u2019amende.<\/em><\/p>\n\n\n\n<p><em>Lorsqu\u2019il est adress\u00e9 \u00e0 une personne charg\u00e9e d\u2019une mission de service public et que les faits ont \u00e9t\u00e9 commis \u00e0 l\u2019int\u00e9rieur d\u2019un \u00e9tablissement scolaire ou \u00e9ducatif, ou, \u00e0 l\u2019occasion des entr\u00e9es ou sorties des \u00e9l\u00e8ves, aux abords d\u2019un tel \u00e9tablissement, l\u2019outrage est puni de six mois d\u2019emprisonnement et de 7 500 euros d\u2019amende.<\/em><\/p>\n\n\n\n<p><em>Lorsqu\u2019il est commis en r\u00e9union, l\u2019outrage pr\u00e9vu au premier alin\u00e9a est puni de six mois d\u2019emprisonnement et de 7 500 euros d\u2019amende, et l\u2019outrage pr\u00e9vu au deuxi\u00e8me alin\u00e9a est puni de deux ans d\u2019emprisonnement et de 30 000 euros d\u2019amende.<\/em>\u201d (<strong>Article 433-5 du Code P\u00e9nal<\/strong>).<\/p>\n<\/blockquote>\n\n\n\n<p>L\u00e0 o\u00f9, de l\u2019\u00e9poque romaine jusqu\u2019\u00e0 la r\u00e9volution de 1789, seul l\u2019Empereur, le Pape ou le Roi pouvaient poursuivre un r\u00e9calcitrant, avec l\u2019outrage moderne, n\u2019importe quel imb\u00e9cile avec un uniforme de juge, de policier ou de gendarmes peut invoquer cet article lorsqu\u2019il se sent \u201coutrag\u00e9e\u201d par un mot, un geste ou une menace. C\u2019est la porte ouverte a tout les abus.<\/p>\n\n\n\n<p>D\u2019ailleurs depuis quelques ann\u00e9es, nous assistons \u00e0 une explosion des plaintes pour outrages. Si nous regardons les chiffres publi\u00e9s par le minist\u00e8re de l\u2019Int\u00e9rieur, entre 1996 (17 602 infractions constat\u00e9es) et 2020 (28 591 infractions) on observe une augmentation de 75% en vingt-cinq ans. Les chiffres sont ceux de l\u2019\u00e9tat 4001, index 72 publi\u00e9 sur le site du minist\u00e8re de l\u2019Int\u00e9rieur.<\/p>\n\n\n\n<p>L\u2019augmentation s\u2019explique par le comportement de la police qui a compris tout l\u2019int\u00e9r\u00eat du syst\u00e8me. Le d\u00e9p\u00f4t d\u2019une plainte permet une condamnation quasi-automatique par le tribunal (souvent solidaire de la police) et un substantiel compl\u00e9ment de revenue. Tr\u00e8s souvent, le policier re\u00e7oit 750 euros de dommage et int\u00e9r\u00eat sans que la proc\u00e9dure ne lui co\u00fbt rien, car les frais d\u2019avocat son prit en charge par l\u2019Etat.<\/p>\n\n\n\n<p>La crise des gilets jaunes d\u00e9montre cette utilisation de l\u2019outrage comme arme politique contre l\u2019opposition. Elle permet de voir une augmentation massive des plaintes pour outrage sur un an. Une augmentation de 76 % en un an entre 2017 et 2018 sur la phase 1 (dite P1 dans les tableaux). La phase 1 concerne la p\u00e9riode la plus violente du mouvement, celle o\u00f9 la r\u00e9publique \u00e0 failli vaciller (entre le 17 novembre 2018 et le 29 d\u00e9cembre 2018).<\/p>\n\n\n\n<figure class=\"wp-block-image size-large\"><a href=\"https:\/\/www.astrologie-mondiale.com\/wp-content\/uploads\/2021\/06\/image-15.png\"><img decoding=\"async\" src=\"https:\/\/www.astrologie-mondiale.com\/wp-content\/uploads\/2021\/06\/image-15-1024x739.png\" alt=\"\" class=\"wp-image-7735\"\/><\/a><\/figure>\n\n\n\n<p>On d\u00e9couvre que la r\u00e9pression fut surtout un ph\u00e9nom\u00e8ne qui marqua de petites villes de province, cette France p\u00e9riph\u00e9rique dont parlait Christophe Guilluy. Pour la phase 1, nous avons : Quimper (+1400% d\u2019augmentation), Charleville-Mezi\u00e8res (+800%) ou Tarbes (+688%). Alors que le ph\u00e9nom\u00e8ne va tr\u00e8s nettement s\u2019urbaniser dans les phase 2 et 3.<\/p>\n\n\n\n<figure class=\"wp-block-image size-large\"><a href=\"https:\/\/www.astrologie-mondiale.com\/wp-content\/uploads\/2021\/06\/image-17.png\"><img decoding=\"async\" src=\"https:\/\/www.astrologie-mondiale.com\/wp-content\/uploads\/2021\/06\/image-17-1024x773.png\" alt=\"\" class=\"wp-image-7737\"\/><\/a><\/figure>\n\n\n\n<p>Il faut conclure en expliquant que traditionnellement, l\u2019outrage concernait aussi la protection des bonnes m\u0153urs.<\/p>\n\n\n\n<blockquote class=\"wp-block-quote is-layout-flow wp-block-quote-is-layout-flow\">\n<p>\u201c<em>Toute personne qui aura commis un outrage public \u00e0 la pudeur sera punie d\u2019un emprisonnement de trois mois \u00e0 deux ans, et d\u2019une amende de 500 F \u00e0 15000 F<\/em>.\u201d (<strong>article 330 ancien code p\u00e9nal<\/strong>)<\/p>\n<\/blockquote>\n\n\n\n<p>L\u2019outrage \u00e0 la pudeur ne sera pas repris dans le nouveau code p\u00e9nal de 1994 et remplac\u00e9 par le d\u00e9lit d\u2019exhibition sexuelle (article 222-32) ce qui en limite consid\u00e9rablement le domaine.<\/p>\n\n\n\n<p>Tien d\u2019ailleurs. Petit pause Rougeyron. Oui encore\u2026 je sais\u2026<\/p>\n\n\n\n<p>Pourquoi Pierre-Yves (l\u00e2chons-nous) porte-t-il deux alliances comme le pr\u00e9sident Emmanuel Macron. Une alliance \u00e0 chaque main. l\u2019une pour indiquer son mariage \u201cofficiel\u201d avec une femme et l\u2019autre pour\u2026 Je vous laisse deviner.<\/p>\n\n\n\n<p><strong>Nous avons explor\u00e9 ensemble les abysses et les sommets des techniques de manipulation mentale, un voyage qui, nous l\u2019esp\u00e9rons, vous a offert des cl\u00e9s de compr\u00e9hension essentielles sur les forces invisibles qui mod\u00e8lent notre perception du monde. Mais l\u2019aventure ne s\u2019arr\u00eate pas l\u00e0, et votre voix compte dans cette exploration continue de la conscience humaine.<\/strong><\/p>\n\n\n\n<p><strong>Partagez vos r\u00e9flexions :<\/strong>&nbsp;Avez-vous d\u00e9j\u00e0 ressenti l\u2019influence de ces techniques dans votre vie quotidienne ? Connaissiez-vous leur profondeur et leur port\u00e9e ? Votre avis nous est pr\u00e9cieux, alors n\u2019h\u00e9sitez pas \u00e0 enrichir le d\u00e9bat en partageant vos commentaires ci-dessous.<\/p>\n\n\n\n<p><strong>Rejoignez notre communaut\u00e9 :<\/strong>&nbsp;Pour ne rien manquer de nos futures explorations et analyses, suivez-nous sur&nbsp;<a href=\"https:\/\/chat.openai.com\/g\/g-ojPSFETAR-marketing-gpt\">Twitter<\/a>&nbsp;et<br>rejoignez notre groupe sur&nbsp;<a href=\"https:\/\/chat.openai.com\/g\/g-ojPSFETAR-marketing-gpt\">Telegram<\/a>. Ensemble, creusons encore plus profond\u00e9ment les myst\u00e8res de la psych\u00e9 humaine.<\/p>\n\n\n\n<p><strong>Soutenez notre qu\u00eate de savoir :<\/strong>&nbsp;Si vous avez trouv\u00e9 de la valeur dans cet article et souhaitez contribuer \u00e0 l\u2019avenir de notre site, consid\u00e9rez un clic sur nos publicit\u00e9s partenaires ou un don, aussi modeste soit-il. Chaque geste de soutien nous aide \u00e0 continuer \u00e0 vous fournir des contenus<br>riches, approfondis et libres d\u2019acc\u00e8s.<\/p>\n\n\n\n<p>Votre curiosit\u00e9, votre engagement et votre soutien sont les moteurs de notre passion. Ensemble, continuons \u00e0 d\u00e9voiler les secrets de l\u2019esprit humain, pour un avenir plus conscient et \u00e9clair\u00e9.<\/p>\n","protected":false},"excerpt":{"rendered":"<p>Plongez dans les m\u00e9canismes sous-jacents de la manipulation mentale \u00e0 travers l\u2019analyse de la fausse accusation de violence. Cet article<\/p>\n","protected":false},"author":1,"featured_media":349,"comment_status":"open","ping_status":"open","sticky":false,"template":"","format":"standard","meta":{"_jetpack_memberships_contains_paid_content":false,"footnotes":""},"categories":[1],"tags":[],"class_list":["post-299","post","type-post","status-publish","format-standard","has-post-thumbnail","hentry","category-non-classe"],"aioseo_notices":[],"jetpack_featured_media_url":"https:\/\/www.inconscient-collectif.com\/wp-content\/uploads\/2025\/05\/baffe-macron.jpg","jetpack_sharing_enabled":true,"_links":{"self":[{"href":"https:\/\/www.inconscient-collectif.com\/index.php\/wp-json\/wp\/v2\/posts\/299","targetHints":{"allow":["GET"]}}],"collection":[{"href":"https:\/\/www.inconscient-collectif.com\/index.php\/wp-json\/wp\/v2\/posts"}],"about":[{"href":"https:\/\/www.inconscient-collectif.com\/index.php\/wp-json\/wp\/v2\/types\/post"}],"author":[{"embeddable":true,"href":"https:\/\/www.inconscient-collectif.com\/index.php\/wp-json\/wp\/v2\/users\/1"}],"replies":[{"embeddable":true,"href":"https:\/\/www.inconscient-collectif.com\/index.php\/wp-json\/wp\/v2\/comments?post=299"}],"version-history":[{"count":4,"href":"https:\/\/www.inconscient-collectif.com\/index.php\/wp-json\/wp\/v2\/posts\/299\/revisions"}],"predecessor-version":[{"id":351,"href":"https:\/\/www.inconscient-collectif.com\/index.php\/wp-json\/wp\/v2\/posts\/299\/revisions\/351"}],"wp:featuredmedia":[{"embeddable":true,"href":"https:\/\/www.inconscient-collectif.com\/index.php\/wp-json\/wp\/v2\/media\/349"}],"wp:attachment":[{"href":"https:\/\/www.inconscient-collectif.com\/index.php\/wp-json\/wp\/v2\/media?parent=299"}],"wp:term":[{"taxonomy":"category","embeddable":true,"href":"https:\/\/www.inconscient-collectif.com\/index.php\/wp-json\/wp\/v2\/categories?post=299"},{"taxonomy":"post_tag","embeddable":true,"href":"https:\/\/www.inconscient-collectif.com\/index.php\/wp-json\/wp\/v2\/tags?post=299"}],"curies":[{"name":"wp","href":"https:\/\/api.w.org\/{rel}","templated":true}]}}