{"id":309,"date":"2025-07-06T15:25:28","date_gmt":"2025-07-06T13:25:28","guid":{"rendered":"https:\/\/www.inconscient-collectif.com\/?p=309"},"modified":"2025-10-17T21:05:22","modified_gmt":"2025-10-17T19:05:22","slug":"histoire-de-la-pychologie-1-naissance-du-mot-psychologie","status":"publish","type":"post","link":"https:\/\/www.inconscient-collectif.com\/index.php\/2025\/07\/06\/histoire-de-la-pychologie-1-naissance-du-mot-psychologie\/","title":{"rendered":"Histoire de la pychologie : (1) naissance du mot psychologie."},"content":{"rendered":"\n<p>Avant de plonger dans les textes des auteurs de l\u2019Antiquit\u00e9, du Moyen \u00c2ge ou de la Renaissance, comme Hom\u00e8re, Platon, Aristote, Saint Augustin ou Saint Thomas d\u2019Aquin, il est indispensable de clarifier les termes que nous allons manipuler tout au long des articles. Les mots, surtout dans la pens\u00e9e antique, ne sont jamais neutres\u202f: ils portent une histoire, un horizon d\u2019attente, une conception implicite de l\u2019homme et du monde. Il en va ainsi du terme <em>psychologie<\/em> (<strong>II)<\/strong>, qui ne fut utilis\u00e9 qu\u2019\u00e0 partir de la Renaissance. Sous l\u2019Antiquit\u00e9 et le Moyen \u00c2ge, on utilisait des termes \u00e9quivalents dont il faut raconter l\u2019histoire (<strong>I<\/strong>).<\/p>\n\n\n\n<h2 class=\"wp-block-heading\"><strong><mark style=\"background-color:rgba(0, 0, 0, 0)\" class=\"has-inline-color has-vivid-red-color\">I. L&rsquo;\u00e9tude de l&rsquo;\u00e2me sous l&rsquo;Antiquit\u00e9 et le Moyen \u00e2ge.<\/mark><\/strong><\/h2>\n\n\n\n<p>Il convient de distinguer deux p\u00e9riodes durant l\u2019Antiquit\u00e9 et le Moyen \u00c2ge : la p\u00e9riode grecque (<strong>A<\/strong>) et la p\u00e9riode romaine, qui se prolonge jusqu\u2019\u00e0 la fin du Moyen \u00c2ge (<strong>B<\/strong>).<\/p>\n\n\n\n<h3 class=\"wp-block-heading\"><strong><mark style=\"background-color:rgba(0, 0, 0, 0)\" class=\"has-inline-color has-vivid-cyan-blue-color\">A. L&rsquo;Antiquit\u00e9 grecque<\/mark><\/strong>.<\/h3>\n\n\n\n<p>Sous la p\u00e9riode grecque, on parlait de \u00ab\u00a0<em>psych\u00e9<\/em>\u00a0\u00bb (\u03c8\u03c5\u03c7\u03ae en grec). Cela d\u00e9signait une id\u00e9e tr\u00e8s importante, mais qui n\u2019a pas tout \u00e0 fait le m\u00eame sens que notre mot \u00ab\u00a0psychologie\u00a0\u00bb aujourd\u2019hui. \u00c0 l\u2019\u00e9poque, la \u00ab\u00a0psych\u00e9\u00a0\u00bb, c\u2019est un peu comme l\u2019essence de la vie, ce qui fait qu\u2019un \u00eatre humain est vivant, qu\u2019il respire, qu\u2019il pense et qu\u2019il ressent. C\u2019est une sorte de souffle ou d\u2019\u00e9nergie vitale.<\/p>\n\n\n\n<h4 class=\"wp-block-heading\"><strong><mark style=\"background-color:rgba(0, 0, 0, 0)\" class=\"has-inline-color has-luminous-vivid-orange-color\">1. Dans l&rsquo;<em>Illiad<\/em>e et l&rsquo;<em>Odys\u00e9e<\/em> d&rsquo;Hom\u00e8re (vers VIIIe si\u00e8cle av. J.-C).<\/mark><\/strong><\/h4>\n\n\n\n<p>Dans les textes anciens, comme chez Hom\u00e8re, dans <em>L\u2019Iliade<\/em> ou <em>L\u2019Odyss\u00e9e<\/em>, la psych\u00e9, est surtout ce qui quitte le corps quand quelqu\u2019un meurt.<\/p>\n\n\n\n<p>Par exemple, quand un h\u00e9ros est tu\u00e9, on dit que sa psych\u00e9 s\u2019\u00e9chappe par la bouche ou une blessure et descend aux Enfers. Elle n\u2019est pas encore vue comme quelque chose qui pense ou qui d\u00e9cide, mais plut\u00f4t comme une ombre ou un souffle qui repr\u00e9sente la vie. La psych\u00e9 est rarement associ\u00e9e \u00e0 la pens\u00e9e ou aux \u00e9motions, mais elle repr\u00e9sente ce qui fait qu\u2019un \u00eatre est vivant.<\/p>\n\n\n\n<figure class=\"wp-block-image size-large is-resized\"><img loading=\"lazy\" decoding=\"async\" width=\"622\" height=\"1024\" src=\"https:\/\/www.inconscient-collectif.com\/wp-content\/uploads\/2025\/07\/image-622x1024.png\" alt=\"\" class=\"wp-image-509\" style=\"width:229px;height:auto\" srcset=\"https:\/\/www.inconscient-collectif.com\/wp-content\/uploads\/2025\/07\/image-622x1024.png 622w, https:\/\/www.inconscient-collectif.com\/wp-content\/uploads\/2025\/07\/image-182x300.png 182w, https:\/\/www.inconscient-collectif.com\/wp-content\/uploads\/2025\/07\/image.png 638w\" sizes=\"auto, (max-width: 622px) 100vw, 622px\" \/><\/figure>\n\n\n\n<p>Un exemple embl\u00e9matique de la psych\u00e9 se trouve dans <em>l\u2019Iliade<\/em>, au Chant V, vers 696-698, o\u00f9 le h\u00e9ros troyen Pandaros est mortellement bless\u00e9 par le Grec Diom\u00e8de lors d\u2019une bataille. Hom\u00e8re d\u00e9crit la mort de Pandaros et le d\u00e9part de sa psych\u00e9 :<\/p>\n\n\n\n<blockquote class=\"wp-block-quote is-layout-flow wp-block-quote-is-layout-flow\">\n<p>\u00ab La lance de Diom\u00e8de per\u00e7a la m\u00e2choire et la langue, et la pointe apparut sous le menton. Pandaros tomba du char, ses armes \u00e9clatantes r\u00e9sonn\u00e8rent sur lui, et ses chevaux s\u2019\u00e9cart\u00e8rent, effray\u00e9s. L\u00e0, sa psych\u00e9 et sa force vitale s\u2019envol\u00e8rent, et il s\u2019effondra. \u00bb (<em>Iliade<\/em>, Chant V, 696-698)<\/p>\n<\/blockquote>\n\n\n\n<p>Dans ce passage, la psych\u00e9 de Pandaros est d\u00e9crite comme quittant son corps au moment de sa mort. Elle est associ\u00e9e \u00e0 la force vitale (<em>menos<\/em>), qui d\u00e9signe l\u2019\u00e9nergie ou la vigueur physique. Cela montre que, pour Hom\u00e8re, la psych\u00e9 est avant tout ce qui maintient une personne en vie.<\/p>\n\n\n\n<p>La psych\u00e9 n\u2019est pas d\u00e9crite comme pensante ou \u00e9motionnelle, mais comme une entit\u00e9 \u00e9ph\u00e9m\u00e8re qui s\u2019\u00e9chappe \u00e0 la mort, souvent pour rejoindre les Enfers. Dans <em>l\u2019Odyss\u00e9e<\/em>, on voit d\u2019ailleurs les psych\u00e9s des morts comme des ombres au royaume d\u2019Had\u00e8s lors de la descente d\u2019Ulysse aux Enfers.<\/p>\n\n\n\n<figure class=\"wp-block-image size-large is-resized\"><img loading=\"lazy\" decoding=\"async\" width=\"622\" height=\"1024\" src=\"https:\/\/www.inconscient-collectif.com\/wp-content\/uploads\/2025\/07\/image-1-622x1024.png\" alt=\"\" class=\"wp-image-510\" style=\"width:238px;height:auto\" srcset=\"https:\/\/www.inconscient-collectif.com\/wp-content\/uploads\/2025\/07\/image-1-622x1024.png 622w, https:\/\/www.inconscient-collectif.com\/wp-content\/uploads\/2025\/07\/image-1-182x300.png 182w, https:\/\/www.inconscient-collectif.com\/wp-content\/uploads\/2025\/07\/image-1.png 638w\" sizes=\"auto, (max-width: 622px) 100vw, 622px\" \/><\/figure>\n\n\n\n<p>Dans <em>l\u2019Odyss\u00e9e<\/em>, on d\u00e9couvre la psych\u00e9 dans les Enfers, renfor\u00e7ant l\u2019id\u00e9e qu\u2019elle est une ombre apr\u00e8s la mort, dans le Chant XI, vers 51-83. Ulysse descend aux Enfers pour consulter le devin Tir\u00e9sias. Il y rencontre les psych\u00e9s des morts, qui sont d\u00e9crites comme des ombres flottantes, sans substance, jusqu\u2019\u00e0 ce qu\u2019elles boivent du sang pour retrouver temporairement la parole :<\/p>\n\n\n\n<blockquote class=\"wp-block-quote is-layout-flow wp-block-quote-is-layout-flow\">\n<p>\u00ab Je vis la psych\u00e9 de ma m\u00e8re morte, Anticl\u00e9e, fille du grand c\u0153ur Autolycos. Elle \u00e9tait encore vivante quand j\u2019avais quitt\u00e9 Ithaque pour Troie. Je pleurai en la voyant, le c\u0153ur plein de piti\u00e9, mais je ne la laissai pas approcher du sang avant d\u2019avoir interrog\u00e9 Tir\u00e9sias. \u00bb (<em>Odyss\u00e9e<\/em>, Chant XI, 85-89)<\/p>\n<\/blockquote>\n\n\n\n<p>Ici, la psych\u00e9 d\u2019Anticl\u00e9e est son ombre ou son esprit apr\u00e8s la mort, r\u00e9sidant aux Enfers. Elle n\u2019a pas de conscience active ni de corps, mais elle peut parler une fois qu\u2019elle a bu du sang (un rituel pour redonner vie aux ombres). Cela montre que la psych\u00e9, chez Hom\u00e8re, est une entit\u00e9 s\u00e9par\u00e9e du corps, mais faible et sans personnalit\u00e9 propre.<\/p>\n\n\n\n<p>Ce passage met en lumi\u00e8re la croyance grecque archa\u00efque selon laquelle la psych\u00e9 survit \u00e0 la mort, mais dans un \u00e9tat diminu\u00e9, loin de l\u2019\u00e2me immortelle et rationnelle de Platon ou Aristote.<\/p>\n\n\n\n<p>Cette vision de la psych\u00e9 comme une ombre dans les Enfers pr\u00e9figure les d\u00e9bats ult\u00e9rieurs sur l\u2019immortalit\u00e9 de l\u2019\u00e2me, par exemple chez Platon.<\/p>\n\n\n\n<p>Dans <em>l\u2019Iliade<\/em>, la mort de Pandaros montre la psych\u00e9 comme un souffle vital qui quitte le corps \u00e0 la mort, une conception typique de la pens\u00e9e hom\u00e9rique. Dans <em>l\u2019Odyss\u00e9e<\/em>, les psych\u00e9s dans les Enfers compl\u00e8tent cette id\u00e9e en montrant que la psych\u00e9 persiste apr\u00e8s la mort, mais comme une ombre sans vie propre. Ensemble, ces passages illustrent la vision archa\u00efque de la psych\u00e9. Ces id\u00e9es poseront les bases des r\u00e9flexions philosophiques ult\u00e9rieures, comme celles de Platon, qui donne \u00e0 la psych\u00e9 une dimension rationnelle et morale, et d\u2019Aristote, qui la voit comme la forme du corps.<\/p>\n\n\n\n<h4 class=\"wp-block-heading\"><strong><mark style=\"background-color:rgba(0, 0, 0, 0)\" class=\"has-inline-color has-luminous-vivid-orange-color\">2. Chez les philosophes (vers le IV\u1d49 si\u00e8cle av. J.-C.)<\/mark><\/strong>.<\/h4>\n\n\n\n<ol start=\"2\" class=\"wp-block-list\">\n<li><\/li>\n<\/ol>\n\n\n\n<p>Plus tard, avec les philosophes, la psych\u00e9 prend un sens plus riche avec Platon (a) et Aristote (b).<\/p>\n\n\n\n<h4 class=\"wp-block-heading\"><strong><mark style=\"background-color:rgba(0, 0, 0, 0)\" class=\"has-inline-color has-vivid-purple-color\">a. Platon.<\/mark><\/strong><\/h4>\n\n\n\n<p>Pour Platon, la psych\u00e9, c\u2019est l\u2019\u00e2me, et elle est bien plus qu\u2019un simple souffle. Elle est immortelle, elle pense, elle ressent, elle choisit entre le bien et le mal.<\/p>\n\n\n\n<figure class=\"wp-block-image size-large is-resized\"><img loading=\"lazy\" decoding=\"async\" width=\"622\" height=\"1024\" src=\"https:\/\/www.inconscient-collectif.com\/wp-content\/uploads\/2025\/07\/image-3-622x1024.png\" alt=\"\" class=\"wp-image-512\" style=\"width:235px;height:auto\" srcset=\"https:\/\/www.inconscient-collectif.com\/wp-content\/uploads\/2025\/07\/image-3-622x1024.png 622w, https:\/\/www.inconscient-collectif.com\/wp-content\/uploads\/2025\/07\/image-3-182x300.png 182w, https:\/\/www.inconscient-collectif.com\/wp-content\/uploads\/2025\/07\/image-3.png 638w\" sizes=\"auto, (max-width: 622px) 100vw, 622px\" \/><\/figure>\n\n\n\n<p>Dans <em>La R\u00e9publique<\/em>, Platon discute de la justice, \u00e0 la fois dans la cit\u00e9 et dans l\u2019\u00e2me individuelle\u202f:<\/p>\n\n\n\n<blockquote class=\"wp-block-quote is-layout-flow wp-block-quote-is-layout-flow\">\n<p>\u00ab N\u2019est-il pas vrai que l\u2019\u00e2me humaine contient une partie par laquelle elle raisonne, une autre par laquelle elle s\u2019irrite, et une troisi\u00e8me, multiple, par laquelle elle d\u00e9sire\u202f? [\u2026] Nous dirons donc que l\u2019\u00e2me de chacun poss\u00e8de en elle-m\u00eame ces trois esp\u00e8ces\u202f: l\u2019\u00e9l\u00e9ment raisonnable, l\u2019\u00e9l\u00e9ment irascible et l\u2019\u00e9l\u00e9ment d\u00e9sirant. Quand ces trois parties sont en harmonie, et que la raison commande, l\u2019\u00e2me est juste. \u00bb (<em>La R\u00e9publique<\/em>, Livre IV, 439d-440a)<\/p>\n<\/blockquote>\n\n\n\n<p>Dans ce passage, Platon d\u00e9finit la psych\u00e9 comme l\u2019ensemble de l\u2019\u00e2me humaine.<\/p>\n\n\n\n<p>Il divise la psych\u00e9 en trois composantes\u202f:<\/p>\n\n\n\n<ul class=\"wp-block-list\">\n<li><strong>La raison\u202f: <\/strong>comme un conducteur de char (le no\u00fbs ou le logos).<\/li>\n\n\n\n<li><strong>Le courage (irascible)\u202f:<\/strong> les \u00e9motions nobles (le thumos).<\/li>\n\n\n\n<li><strong>Les d\u00e9sirs\u202f: <\/strong>les instincts (\u00e9ros).<\/li>\n<\/ul>\n\n\n\n<p>Cette division tripartite permet de comprendre comment l\u2019\u00e2me fonctionne et comment la justice consiste \u00e0 maintenir un \u00e9quilibre entre ces parties, avec la raison dominant les autres.<\/p>\n\n\n\n<figure class=\"wp-block-image size-full is-resized\"><img loading=\"lazy\" decoding=\"async\" width=\"1024\" height=\"1024\" src=\"https:\/\/www.inconscient-collectif.com\/wp-content\/uploads\/2025\/07\/schema-psyche-Platon.bmp\" alt=\"\" class=\"wp-image-516\" style=\"width:435px;height:auto\" srcset=\"https:\/\/www.inconscient-collectif.com\/wp-content\/uploads\/2025\/07\/schema-psyche-Platon.bmp 1024w, https:\/\/www.inconscient-collectif.com\/wp-content\/uploads\/2025\/07\/schema-psyche-Platon-300x300.jpg 300w, https:\/\/www.inconscient-collectif.com\/wp-content\/uploads\/2025\/07\/schema-psyche-Platon-150x150.jpg 150w, https:\/\/www.inconscient-collectif.com\/wp-content\/uploads\/2025\/07\/schema-psyche-Platon-768x768.jpg 768w\" sizes=\"auto, (max-width: 1024px) 100vw, 1024px\" \/><\/figure>\n\n\n\n<p>Pour Platon, une \u00e2me juste est celle o\u00f9 la raison (no\u00fbs) domine, le thumos soutient la raison et les d\u00e9sirs sont ma\u00eetris\u00e9s. Cette harmonie refl\u00e8te la justice dans la cit\u00e9, o\u00f9 les philosophes gouvernent, les guerriers prot\u00e8gent et les artisans produisent.<\/p>\n\n\n\n<p>Contrairement \u00e0 <em>l\u2019Iliade<\/em> et <em>l\u2019Odyss\u00e9e<\/em>, o\u00f9 la psych\u00e9 est un souffle vital qui s\u2019\u00e9chappe \u00e0 la mort (comme dans le passage de Pandaros), Platon donne \u00e0 la psych\u00e9 une dimension complexe et active. Elle n\u2019est plus seulement une essence vitale, mais le si\u00e8ge de la pens\u00e9e, des \u00e9motions et des d\u00e9sirs, avec une vocation morale qui permet d\u2019atteindre la vertu.<\/p>\n\n\n\n<p>Ce passage est crucial, car il introduit l\u2019id\u00e9e d\u2019une psych\u00e9 divis\u00e9e, avec des parties en conflit ou en collaboration. Cette conception pr\u00e9figure les th\u00e9ories modernes, comme la deuxi\u00e8me topique de Freud (\u00c7a, Moi, Surmoi)\u202f:<\/p>\n\n\n\n<ul class=\"wp-block-list\">\n<li>Le \u00c7a ressemble \u00e0 l\u2019\u00e9l\u00e9ment d\u00e9sirant (pulsions instinctives).<\/li>\n\n\n\n<li>Le Moi correspond \u00e0 l\u2019\u00e9l\u00e9ment raisonnable (no\u00fbs), qui n\u00e9gocie entre les d\u00e9sirs et la morale.<\/li>\n\n\n\n<li>Le Surmoi \u00e9voque le thumos (quand il soutient la raison) et le da\u00efmon (comme guide moral).<\/li>\n<\/ul>\n\n\n\n<p><\/p>\n\n\n\n<h4 class=\"wp-block-heading\"><strong><mark style=\"background-color:rgba(0, 0, 0, 0)\" class=\"has-inline-color has-vivid-purple-color\">b. Aristote.<\/mark><\/strong><\/h4>\n\n\n\n<p>Dans <em>De Anima<\/em>, Aristote d\u00e9veloppe une th\u00e9orie syst\u00e9matique de l\u2019\u00e2me (psych\u00e9), qu\u2019il d\u00e9finit comme le principe vital de tous les \u00eatres vivants (plantes, animaux, humains).<\/p>\n\n\n\n<figure class=\"wp-block-image size-large is-resized\"><img loading=\"lazy\" decoding=\"async\" width=\"622\" height=\"1024\" src=\"https:\/\/www.inconscient-collectif.com\/wp-content\/uploads\/2025\/07\/image-7-622x1024.png\" alt=\"\" class=\"wp-image-517\" style=\"width:293px;height:auto\" srcset=\"https:\/\/www.inconscient-collectif.com\/wp-content\/uploads\/2025\/07\/image-7-622x1024.png 622w, https:\/\/www.inconscient-collectif.com\/wp-content\/uploads\/2025\/07\/image-7-182x300.png 182w, https:\/\/www.inconscient-collectif.com\/wp-content\/uploads\/2025\/07\/image-7.png 638w\" sizes=\"auto, (max-width: 622px) 100vw, 622px\" \/><\/figure>\n\n\n\n<p>Contrairement \u00e0 Platon, qui voit l\u2019\u00e2me comme une entit\u00e9 s\u00e9par\u00e9e du corps, Aristote consid\u00e8re la psych\u00e9 comme la \u00ab\u202fforme\u202f\u00bb du corps, ins\u00e9parable de lui. Il explore ses diff\u00e9rentes fonctions (nutrition, perception, pens\u00e9e) dans une approche plus naturaliste.<\/p>\n\n\n\n<blockquote class=\"wp-block-quote is-layout-flow wp-block-quote-is-layout-flow\">\n<p>\u00ab L\u2019\u00e2me [psych\u00e9] est l\u2019acte premier d\u2019un corps naturel ayant la vie en puissance. Ce corps est un corps organis\u00e9. [\u2026] L\u2019\u00e2me est donc la cause et le principe du corps vivant. [\u2026] Par exemple, si l\u2019\u0153il \u00e9tait un animal, la vue serait son \u00e2me, car la vue est la substance de l\u2019\u0153il en tant qu\u2019\u0153il. De m\u00eame, l\u2019\u00e2me est la substance du corps vivant tout entier. \u00bb (<em>De Anima<\/em>, Livre II, chapitre 1, 412a19-28)<\/p>\n<\/blockquote>\n\n\n\n<p>Aristote d\u00e9finit la psych\u00e9 comme le principe vital qui donne vie et fonctionnalit\u00e9 \u00e0 un corps. C\u2019est la \u00ab\u202fforme\u202f\u00bb (ou l\u2019organisation) d\u2019un corps vivant, ce qui fait qu\u2019un \u00eatre peut accomplir ses fonctions (grandir, sentir, penser).<\/p>\n\n\n\n<p>Il distingue trois types de psych\u00e9 selon les \u00eatres vivants\u202f:<\/p>\n\n\n\n<ul class=\"wp-block-list\">\n<li>V\u00e9g\u00e9tative\u202f: pour les plantes, responsable de la nutrition et de la croissance.<\/li>\n\n\n\n<li>Sensitive\u202f: pour les animaux, ajoutant la perception et le mouvement.<\/li>\n\n\n\n<li>Rationnelle\u202f: pour les humains, incluant la pens\u00e9e et la raison (no\u00fbs).<\/li>\n<\/ul>\n\n\n\n<p>Dans ce passage, Aristote utilise l\u2019analogie de l\u2019\u0153il\u202f: la psych\u00e9 est \u00e0 l\u2019ensemble du corps ce que la vue est \u00e0 l\u2019\u0153il, c\u2019est-\u00e0-dire ce qui lui donne sa fonction essentielle.<\/p>\n\n\n\n<p>Contrairement \u00e0 Platon, qui voit la psych\u00e9 comme immortelle et s\u00e9parable du corps, Aristote consid\u00e8re que la psych\u00e9 est ins\u00e9parable du corps (sauf peut-\u00eatre le no\u00fbs actif, qu\u2019il mentionne ailleurs comme potentiellement \u00e9ternel).<\/p>\n\n\n\n<figure class=\"wp-block-image size-large is-resized\"><img loading=\"lazy\" decoding=\"async\" width=\"1024\" height=\"683\" src=\"https:\/\/www.inconscient-collectif.com\/wp-content\/uploads\/2025\/07\/psyche-selon-Aristote-1024x683.jpg\" alt=\"\" class=\"wp-image-520\" style=\"width:562px;height:auto\" srcset=\"https:\/\/www.inconscient-collectif.com\/wp-content\/uploads\/2025\/07\/psyche-selon-Aristote-1024x683.jpg 1024w, https:\/\/www.inconscient-collectif.com\/wp-content\/uploads\/2025\/07\/psyche-selon-Aristote-300x200.jpg 300w, https:\/\/www.inconscient-collectif.com\/wp-content\/uploads\/2025\/07\/psyche-selon-Aristote-768x512.jpg 768w, https:\/\/www.inconscient-collectif.com\/wp-content\/uploads\/2025\/07\/psyche-selon-Aristote.bmp 1536w\" sizes=\"auto, (max-width: 1024px) 100vw, 1024px\" \/><\/figure>\n\n\n\n<p>Par rapport \u00e0 Hom\u00e8re, Aristote donne \u00e0 la psych\u00e9 une d\u00e9finition plus large et fonctionnelle. Elle n\u2019est pas juste un souffle, mais la cause de toutes les activit\u00e9s vitales.<\/p>\n\n\n\n<p>Compar\u00e9 \u00e0 Platon, Aristote rejette l\u2019id\u00e9e d\u2019une \u00e2me divis\u00e9e en parties conflictuelles (raison, thumos, d\u00e9sirs). Pour lui, la psych\u00e9 est un tout unifi\u00e9, avec des fonctions hi\u00e9rarchis\u00e9es (nutrition, sensation, raison). Cependant, la raison (no\u00fbs) reste la facult\u00e9 la plus noble, comme chez Platon. Le thumos et l\u2019eros apparaissent dans <em>De Anima<\/em> comme des aspects de la psych\u00e9 sensitive (\u00e9motions et d\u00e9sirs), mais ils sont moins centraux que chez Platon.<\/p>\n\n\n\n<p>Ce passage est fondamental, car il pose les bases d\u2019une approche naturaliste de l\u2019\u00e2me, qui influencera la psychologie comme science. Aristote \u00e9tudie la psych\u00e9 \u00e0 travers ses fonctions observables (perception, pens\u00e9e), pr\u00e9figurant les m\u00e9thodes empiriques modernes.<\/p>\n\n\n\n<p>L\u2019\u0153uvre d\u2019Aristote, en particulier <em>De Anima<\/em>, est directement \u00e0 l\u2019origine du mot \u00ab\u00a0psychologie\u00a0\u00bb au XVI\u1d49 si\u00e8cle (avec des penseurs comme G\u00f6ckel), car elle fournit un cadre syst\u00e9matique pour \u00e9tudier l\u2019\u00e2me.<\/p>\n\n\n\n<p>Aristote s\u2019inspire des pr\u00e9socratiques (comme Anaxagore, qui voyait le no\u00fbs comme une force cosmique) mais adopte une approche plus scientifique, bas\u00e9e sur l\u2019observation. Sa vision de la psych\u00e9 comme \u00ab\u00a0forme\u00a0\u00bb du corps influence la scolastique m\u00e9di\u00e9vale (notamment Thomas d\u2019Aquin) et la Renaissance, o\u00f9 le terme \u00ab\u00a0psychologie\u00a0\u00bb \u00e9merge.<\/p>\n\n\n\n<h3 class=\"wp-block-heading\"><strong><mark style=\"background-color:rgba(0, 0, 0, 0)\" class=\"has-inline-color has-vivid-cyan-blue-color\">B. L&rsquo;Antiquit\u00e9 romaine et le Moyen \u00e2ge<\/mark><\/strong>.<\/h3>\n\n\n\n<p>Il convient de distinguer entre la p\u00e9riode romaine (<strong>1<\/strong>) et le Moyen \u00e2ge (<strong>2<\/strong>).<\/p>\n\n\n\n<h4 class=\"wp-block-heading\"><strong><mark style=\"background-color:rgba(0, 0, 0, 0)\" class=\"has-inline-color has-luminous-vivid-orange-color\">1. La notion d&rsquo;anima chez les Romains.<\/mark><\/strong><\/h4>\n\n\n\n<p>Chez les Romains, l\u2019anima (mot latin qui veut dire \u00ab\u00a0souffle\u202f\u00a0\u00bb ou \u00ab\u00a0\u00e2me\u00a0\u00bb) est assez proche de la psych\u00e9 grecque, mais avec des nuances li\u00e9es \u00e0 la culture romaine. Les Romains \u00e9taient tr\u00e8s influenc\u00e9s par les Grecs\u202f; ils ont donc repris beaucoup de leurs id\u00e9es, mais les ont adapt\u00e9es \u00e0 leur fa\u00e7on de voir le monde, plus pratique et moins sp\u00e9culative.<\/p>\n\n\n\n<p>Dans la religion romaine, l\u2019anima, c\u2019est ce qui rend un \u00eatre vivant. Comme chez les Grecs, c\u2019est une sorte de souffle vital qui quitte le corps \u00e0 la mort. Les Romains croyaient que l\u2019anima des d\u00e9funts devenait des m\u00e2nes, des esprits des anc\u00eatres qu\u2019on honorait pour qu\u2019ils prot\u00e8gent la famille. On retrouve cette id\u00e9e dans les rituels fun\u00e9raires, o\u00f9 l\u2019on faisait des offrandes pour apaiser ces \u00e2mes.<\/p>\n\n\n\n<p>Dans la philosophie romaine, des penseurs comme Cic\u00e9ron ou S\u00e9n\u00e8que (influenc\u00e9s par Platon et Aristote) parlent de l\u2019anima comme de l\u2019\u00e2me immortelle, capable de raison et de vertu. Pour eux, l\u2019anima est ce qui distingue l\u2019humain des animaux et le rapproche des dieux. Les sto\u00efciens, par exemple, insistent sur le fait que l\u2019anima doit \u00eatre guid\u00e9e par la raison pour mener une vie sage et \u00e9quilibr\u00e9e.<\/p>\n\n\n\n<p>Les Romains sont moins port\u00e9s sur les grandes th\u00e9ories abstraites que les Grecs\u202f; ils se concentrent plus sur la mani\u00e8re dont l\u2019anima influence la morale et les actions dans la vie quotidienne. Par exemple, l\u2019id\u00e9e que l\u2019\u00e2me doit \u00eatre \u00ab\u00a0pure\u00a0\u00bb pour m\u00e9riter une bonne r\u00e9putation ou une vie apr\u00e8s la mort.<\/p>\n\n\n\n<p>En somme, pour les Romains, l\u2019anima, c\u2019est \u00e0 la fois ce qui donne la vie et ce qui porte les qualit\u00e9s morales et spirituelles d\u2019une personne. C\u2019est une id\u00e9e pratique, li\u00e9e \u00e0 la religion et \u00e0 la vie sociale.<\/p>\n\n\n\n<h4 class=\"wp-block-heading\"><strong><mark style=\"background-color:rgba(0, 0, 0, 0)\" class=\"has-inline-color has-luminous-vivid-orange-color\">2. La notion d&rsquo;anima au Moyen \u00e2ge<\/mark><\/strong><\/h4>\n\n\n\n<p>Au Moyen \u00c2ge, la notion d\u2019anima \u00e9volue \u00e9norm\u00e9ment \u00e0 cause de l\u2019influence du christianisme, qui devient la religion dominante en Europe. Les id\u00e9es grecques et romaines sont reprises, mais elles sont transform\u00e9es pour correspondre \u00e0 la vision chr\u00e9tienne du monde.<\/p>\n\n\n\n<h4 class=\"wp-block-heading\"><strong><mark style=\"background-color:rgba(0, 0, 0, 0)\" class=\"has-inline-color has-vivid-purple-color\">a. L&rsquo;anima comme \u00e2me immortelle.<\/mark><\/strong><\/h4>\n\n\n\n<p>Avec le christianisme, l\u2019anima devient clairement l\u2019\u00e2me immortelle cr\u00e9\u00e9e par Dieu. Elle est vue comme une partie divine en chaque humain, distincte du corps, qui survit apr\u00e8s la mort pour \u00eatre jug\u00e9e (paradis, enfer ou purgatoire).<\/p>\n\n\n\n<p>Cette id\u00e9e s\u2019inspire de Platon, mais elle est beaucoup plus centr\u00e9e sur Dieu.<\/p>\n\n\n\n<p>Des th\u00e9ologiens comme saint Augustin (IV\u1d49-V\u1d49 si\u00e8cle) ou saint Thomas d\u2019Aquin (XIII\u1d49 si\u00e8cle) expliquent que l\u2019anima est ce qui permet \u00e0 l\u2019humain de conna\u00eetre Dieu, de r\u00e9fl\u00e9chir et de choisir entre le bien et le mal.<\/p>\n\n\n\n<h4 class=\"wp-block-heading\"><strong><mark style=\"background-color:rgba(0, 0, 0, 0)\" class=\"has-inline-color has-vivid-purple-color\">b. Une vision morale.<\/mark><\/strong><\/h4>\n\n\n\n<p>Au Moyen \u00c2ge, l\u2019anima est au c\u0153ur des pr\u00e9occupations religieuses. On se demande si elle est pure ou souill\u00e9e par le p\u00e9ch\u00e9. Les gens doivent prendre soin de leur \u00e2me en suivant les r\u00e8gles de l\u2019\u00c9glise (pri\u00e8res, confession, bonnes actions) pour \u00e9viter l\u2019enfer.<\/p>\n\n\n\n<p>L\u2019anima devient donc une sorte de \u00ab\u00a0juge int\u00e9rieur\u00a0\u00bb qui doit \u00eatre en accord avec la volont\u00e9 divine.<\/p>\n\n\n\n<h4 class=\"wp-block-heading\"><strong><mark style=\"background-color:rgba(0, 0, 0, 0)\" class=\"has-inline-color has-vivid-purple-color\">c. Influence d&rsquo;Aristote.<\/mark><\/strong><\/h4>\n\n\n\n<p>\u00c0 partir du XII\u1d49-XIII\u1d49 si\u00e8cle, les \u00e9crits d\u2019Aristote sont red\u00e9couverts en Europe gr\u00e2ce aux traductions arabes et latines.<\/p>\n\n\n\n<p>Saint Thomas d\u2019Aquin, par exemple, utilise l\u2019id\u00e9e aristot\u00e9licienne que l\u2019anima est la \u00ab\u00a0forme\u00a0\u00bb du corps, c\u2019est-\u00e0-dire ce qui lui donne sa structure et sa vie. Mais il y ajoute une touche chr\u00e9tienne\u202f: l\u2019anima est cr\u00e9\u00e9e directement par Dieu et elle est immortelle.<\/p>\n\n\n\n<h4 class=\"wp-block-heading\"><strong><mark style=\"background-color:rgba(0, 0, 0, 0)\" class=\"has-inline-color has-vivid-purple-color\">d. Une vision plus mystique.<\/mark><\/strong><\/h4>\n\n\n\n<p>Au Moyen \u00c2ge, certains mystiques chr\u00e9tiens parlent de l\u2019anima comme d\u2019une \u00e9tincelle divine qui peut s\u2019unir \u00e0 Dieu \u00e0 travers la pri\u00e8re ou la contemplation. C\u2019est une id\u00e9e qu\u2019on retrouve chez des figures comme sainte Th\u00e9r\u00e8se d\u2019Avila ou Ma\u00eetre Eckhart.<\/p>\n\n\n\n<p>En r\u00e9sum\u00e9, au Moyen \u00c2ge, l\u2019anima devient une notion tr\u00e8s spirituelle, centr\u00e9e sur la relation avec Dieu. Elle est vue comme l\u2019\u00e2me immortelle, responsable des choix moraux et destin\u00e9e \u00e0 une vie \u00e9ternelle, soit dans la joie (paradis), soit dans la souffrance (enfer).<\/p>\n\n\n\n<h2 class=\"wp-block-heading\"><strong><mark style=\"background-color:rgba(0, 0, 0, 0)\" class=\"has-inline-color has-vivid-red-color\">II. Apparition du mot \u00ab\u00a0psychologie\u00a0\u00bb.<\/mark><\/strong><\/h2>\n\n\n\n<p>Le mot \u00ab\u202fpsychologie\u202f\u00bb appara\u00eet pour la premi\u00e8re fois \u00e0 la fin du XVI\u1d49 si\u00e8cle, mais il n\u2019a pas tout \u00e0 fait le sens que nous lui donnons aujourd\u2019hui (l\u2019\u00e9tude scientifique de l\u2019esprit et du comportement). \u00c0 l\u2019\u00e9poque, il est li\u00e9 \u00e0 des r\u00e9flexions philosophiques et th\u00e9ologiques sur l\u2019\u00e2me.<\/p>\n\n\n\n<p>Le mot \u00ab\u202fpsychologie\u202f\u00bb provient du grec ancien et a une \u00e9tymologie riche (<strong>A<\/strong>). Il appara\u00eet (<strong>B<\/strong>) dans le contexte tr\u00e8s particulier de la Renaissance (<strong>C<\/strong>) et conna\u00eet ensuite une \u00e9volution \u00e0 partir du XVI\u1d49 si\u00e8cle (<strong>D<\/strong>).<\/p>\n\n\n\n<h3 class=\"wp-block-heading\"><strong><mark style=\"background-color:rgba(0, 0, 0, 0)\" class=\"has-inline-color has-vivid-cyan-blue-color\">A. Etymologie du mot psychologie<\/mark><\/strong>.<\/h3>\n\n\n\n<p>Le terme \u00ab\u00a0psychologie\u00a0\u00bb vient de deux mots grecs\u202f: psych\u00e9 (<strong>1<\/strong>) et logos (<strong>2<\/strong>). Ensemble, \u00ab\u00a0psychologie\u00a0\u00bb signifie donc litt\u00e9ralement \u00ab\u00a0l\u2019\u00e9tude de l\u2019\u00e2me\u00a0\u00bb, \u00ab\u00a0le discours sur l\u2019\u00e2me\u00a0\u00bb.<\/p>\n\n\n\n<h4 class=\"wp-block-heading\"><strong><mark style=\"background-color:rgba(0, 0, 0, 0)\" class=\"has-inline-color has-luminous-vivid-orange-color\">1. La \u00ab\u00a0psych\u00e9\u00a0\u00bb.<\/mark><\/strong><\/h4>\n\n\n\n<p>Comme nous l\u2019avons d\u00e9j\u00e0 vu, le mot \u00ab\u00a0psych\u00e9\u00a0\u00bb (\u03c8\u03c5\u03c7\u03ae) signifie l\u2019\u00e2me.<\/p>\n\n\n\n<h4 class=\"wp-block-heading\"><strong><mark style=\"background-color:rgba(0, 0, 0, 0)\" class=\"has-inline-color has-luminous-vivid-orange-color\">2. Le \u00ab\u00a0logos\u00a0\u00bb.<\/mark><\/strong><\/h4>\n\n\n\n<p>Le logos (\u03bb\u03cc\u03b3\u03bf\u03c2) signifie \u00e0 la fois raison, discours et ordre dans la pens\u00e9e grecque. C\u2019est la capacit\u00e9 \u00e0 penser logiquement, \u00e0 organiser ses id\u00e9es et \u00e0 comprendre l\u2019ordre du monde. C\u2019est aussi le pouvoir des mots pour exprimer la v\u00e9rit\u00e9.<\/p>\n\n\n\n<h3 class=\"wp-block-heading\"><strong><mark style=\"background-color:rgba(0, 0, 0, 0)\" class=\"has-inline-color has-vivid-cyan-blue-color\">B. Le premier usage du mot.<\/mark><\/strong><\/h3>\n\n\n\n<p>Le mot est attribu\u00e9 \u00e0 deux penseurs de la fin du XVI\u1d49 si\u00e8cle\u202f: Marko Maruli\u0107, Marc Marulic, en latin (<strong>1<\/strong>), un humaniste croate, et Rudolf G\u00f6ckel ou Goclenius, un philosophe allemand (<strong>2<\/strong>).<\/p>\n\n\n\n<h4 class=\"wp-block-heading\"><strong><mark style=\"background-color:rgba(0, 0, 0, 0)\" class=\"has-inline-color has-luminous-vivid-orange-color\">1. Marko Marulic (1450-1524).<\/mark><\/strong><\/h4>\n\n\n\n<ol class=\"wp-block-list\">\n<li><\/li>\n<\/ol>\n\n\n\n<p>Marko Maruli\u0107 (1450\u20131524), un savant croate, aurait utilis\u00e9 le terme \u00ab\u00a0psychologia\u00a0\u00bb dans un manuscrit intitul\u00e9 \u00ab\u00a0<em>Psichiologia de ratione animae humanae\u00a0\u00bb<\/em> vers 1520, bien que la date exacte soit d\u00e9battue.<\/p>\n\n\n\n<figure class=\"wp-block-image size-large is-resized\"><img loading=\"lazy\" decoding=\"async\" width=\"768\" height=\"1024\" src=\"https:\/\/www.inconscient-collectif.com\/wp-content\/uploads\/2025\/07\/image-9-768x1024.png\" alt=\"\" class=\"wp-image-521\" style=\"width:491px;height:auto\" srcset=\"https:\/\/www.inconscient-collectif.com\/wp-content\/uploads\/2025\/07\/image-9-768x1024.png 768w, https:\/\/www.inconscient-collectif.com\/wp-content\/uploads\/2025\/07\/image-9-225x300.png 225w, https:\/\/www.inconscient-collectif.com\/wp-content\/uploads\/2025\/07\/image-9.png 800w\" sizes=\"auto, (max-width: 768px) 100vw, 768px\" \/><figcaption class=\"wp-element-caption\">Marko Marulic.<\/figcaption><\/figure>\n\n\n\n<p>Ce texte, aujourd\u2019hui perdu, semble avoir trait\u00e9 de la nature de l\u2019\u00e2me humaine, en s\u2019appuyant sur des id\u00e9es aristot\u00e9liciennes et chr\u00e9tiennes. Maruli\u0107 voyait l\u2019\u00e2me comme le si\u00e8ge des facult\u00e9s humaines (raison, volont\u00e9, \u00e9motions), dans la lign\u00e9e de la psych\u00e9 grecque.<\/p>\n\n\n\n<p>Cependant, c\u2019est surtout G\u00f6ckel qui est cr\u00e9dit\u00e9 pour avoir popularis\u00e9 le terme.<\/p>\n\n\n\n<h4 class=\"wp-block-heading\"><strong><mark style=\"background-color:rgba(0, 0, 0, 0)\" class=\"has-inline-color has-luminous-vivid-orange-color\">2. Rudolf Gockel (1547-1628).<\/mark><\/strong><\/h4>\n\n\n\n<p>Rudolf G\u00f6ckel (1547\u20131628) rend le terme plus visible. En 1590, il publie un ouvrage intitul\u00e9 \u00ab\u00a0<em>Psychologia hoc est de hominis perfectione, anima, ortu\u00a0\u00bb<\/em> (\u00ab\u00a0Psychologie, c\u2019est-\u00e0-dire sur la perfection de l\u2019homme, l\u2019\u00e2me, son origine\u00a0\u00bb).<\/p>\n\n\n\n<figure class=\"wp-block-image size-full is-resized\"><img loading=\"lazy\" decoding=\"async\" width=\"444\" height=\"566\" src=\"https:\/\/www.inconscient-collectif.com\/wp-content\/uploads\/2025\/07\/image-10.png\" alt=\"\" class=\"wp-image-522\" style=\"width:286px;height:auto\" srcset=\"https:\/\/www.inconscient-collectif.com\/wp-content\/uploads\/2025\/07\/image-10.png 444w, https:\/\/www.inconscient-collectif.com\/wp-content\/uploads\/2025\/07\/image-10-235x300.png 235w\" sizes=\"auto, (max-width: 444px) 100vw, 444px\" \/><figcaption class=\"wp-element-caption\">Rudolf Goclenius l&rsquo;Ancien (extrait de la&nbsp;<em>Bibliotheca chalcographica<\/em>&nbsp;de&nbsp;<a href=\"https:\/\/fr.wikipedia.org\/wiki\/Jean-Jacques_Boissard\">Jean-Jacques Boissard<\/a>)<\/figcaption><\/figure>\n\n\n\n<p>Dans ce livre, il explore l\u2019\u00e2me humaine en s\u2019inspirant d\u2019Aristote, qui consid\u00e9rait la psych\u00e9 comme le principe vital de tous les \u00eatres vivants (plantes, animaux, humains), avec des facult\u00e9s sp\u00e9cifiques chez l\u2019homme (comme la raison, ou no\u00fbs).<\/p>\n\n\n\n<p>\u00c0 cette \u00e9poque, la \u00ab\u00a0psychologie\u202f\u00a0\u00bb n\u2019est pas une discipline scientifique, mais une branche de la philosophie et de la th\u00e9ologie, qui cherche \u00e0 comprendre l\u2019\u00e2me en combinant les id\u00e9es grecques (surtout Aristote) avec la doctrine chr\u00e9tienne (l\u2019\u00e2me immortelle cr\u00e9\u00e9e par Dieu).<\/p>\n\n\n\n<h3 class=\"wp-block-heading\"><strong><mark style=\"background-color:rgba(0, 0, 0, 0)\" class=\"has-inline-color has-vivid-cyan-blue-color\">C. Le contexte : la Renaissance et le retour des id\u00e9es grecques.<\/mark><\/strong><\/h3>\n\n\n\n<p>Au XVI\u1d49 si\u00e8cle, l\u2019Europe vit la Renaissance, une p\u00e9riode de red\u00e9couverte des textes grecs et romains gr\u00e2ce aux traductions et \u00e0 la diffusion des \u0153uvres de Platon, Aristote et d\u2019autres penseurs antiques.<\/p>\n\n\n\n<ol start=\"2\" class=\"wp-block-list\">\n<li><\/li>\n<\/ol>\n\n\n\n<p>Les humanistes, fascin\u00e9s par l\u2019Antiquit\u00e9, s\u2019int\u00e9ressent \u00e0 l\u2019\u00e2me humaine (psych\u00e9) et \u00e0 ses facult\u00e9s (raison, \u00e9motions, moralit\u00e9). Cependant, \u00e0 cette \u00e9poque, ces r\u00e9flexions restent tr\u00e8s marqu\u00e9es par la th\u00e9ologie chr\u00e9tienne, qui domine la pens\u00e9e. L\u2019\u00e2me est vue comme une cr\u00e9ation divine, et son \u00e9tude est souvent li\u00e9e \u00e0 des questions spirituelles (comme le salut ou la vie apr\u00e8s la mort).<\/p>\n\n\n\n<p>Aristote est une influence majeure au XVI\u1d49 si\u00e8cle, car ses \u00e9crits, red\u00e9couverts gr\u00e2ce aux traductions arabes et latines, dominent la pens\u00e9e universitaire. Les id\u00e9es d&rsquo;Aristote influencent directement G\u00f6ckel et d\u2019autres penseurs, qui utilisent le mot \u00ab\u00a0psychologie\u00a0\u00bb pour d\u00e9signer l\u2019\u00e9tude de ces facult\u00e9s de l\u2019\u00e2me. Les universit\u00e9s europ\u00e9ennes, comme celles de Padoue ou Wittenberg, \u00e9tudient intens\u00e9ment Aristote, en particulier \u00ab\u00a0<em>De Anima\u00a0\u00bb<\/em>. Le mot \u00ab\u00a0psychologie\u00a0\u00bb \u00e9merge pour nommer cette \u00e9tude syst\u00e9matique de l\u2019\u00e2me.<\/p>\n\n\n\n<p>Dans ce contexte, le mot \u00ab\u00a0psychologie\u00a0\u00bb appara\u00eet pour d\u00e9signer une r\u00e9flexion syst\u00e9matique sur l\u2019\u00e2me, mais pas encore une science au sens moderne. A l\u2019\u00e9poque, il y a des d\u00e9bats sur la nature de l\u2019\u00e2me : est-elle immortelle comme le dit le christianisme\u202f? Est-elle mat\u00e9rielle ou spirituelle\u202f? Des penseurs comme G\u00f6ckel utilisent le terme \u00ab\u00a0psychologie\u00a0\u00bb pour structurer ces discussions. Les humanistes veulent comprendre l\u2019homme dans toutes ses dimensions (corps, \u00e2me, esprit), et la psychologie devient un moyen d\u2019explorer la nature humaine en combinant les id\u00e9es grecques et chr\u00e9tiennes.<\/p>\n\n\n\n<h3 class=\"wp-block-heading\"><strong><mark style=\"background-color:rgba(0, 0, 0, 0)\" class=\"has-inline-color has-vivid-cyan-blue-color\">D. Evolution apr\u00e8s le XVIe si\u00e8cle.<\/mark><\/strong><\/h3>\n\n\n\n<p>Au XVIe et XVIIe si\u00e8cles, la \u00ab\u00a0psychologie\u00a0\u00bb reste une discipline philosophique, pas une science exp\u00e9rimentale. Des penseurs comme Philipp Melanchthon, un r\u00e9formateur protestant, ou Juan Luis Vives, un humaniste espagnol, utilisent des id\u00e9es similaires pour \u00e9tudier l\u2019\u00e2me et ses \u00e9motions.<\/p>\n\n\n\n<p>Ce n\u2019est qu\u2019au XVIIIe si\u00e8cle, avec des philosophes comme Christian Wolff, que la psychologie commence \u00e0 se structurer comme une discipline \u00e0 part, divis\u00e9e en \u00ab\u00a0psychologie rationnelle\u00a0\u00bb (sur l\u2019\u00e2me) et \u00ab\u00a0psychologie empirique\u00a0\u00bb (sur les comportements observables).<\/p>\n\n\n\n<p>Il distingue deux forme de psychologie :<\/p>\n\n\n\n<ul class=\"wp-block-list\">\n<li>\u00ab\u00a0<strong>Psychologia empirica\u00a0\u00bb<\/strong> : bas\u00e9e sur l\u2019observation int\u00e9rieure<\/li>\n<\/ul>\n\n\n\n<ul class=\"wp-block-list\">\n<li>\u00ab\u00a0<strong>Psychologia rationalis\u00a0\u00bb<\/strong> : d\u00e9duite a priori par la raison.<\/li>\n<\/ul>\n\n\n\n<figure class=\"wp-block-image size-large is-resized\"><img loading=\"lazy\" decoding=\"async\" width=\"1024\" height=\"683\" src=\"https:\/\/www.inconscient-collectif.com\/wp-content\/uploads\/2025\/07\/schema-Wolff-1024x683.jpg\" alt=\"\" class=\"wp-image-524\" style=\"width:408px;height:auto\" srcset=\"https:\/\/www.inconscient-collectif.com\/wp-content\/uploads\/2025\/07\/schema-Wolff-1024x683.jpg 1024w, https:\/\/www.inconscient-collectif.com\/wp-content\/uploads\/2025\/07\/schema-Wolff-300x200.jpg 300w, https:\/\/www.inconscient-collectif.com\/wp-content\/uploads\/2025\/07\/schema-Wolff-768x512.jpg 768w, https:\/\/www.inconscient-collectif.com\/wp-content\/uploads\/2025\/07\/schema-Wolff.bmp 1536w\" sizes=\"auto, (max-width: 1024px) 100vw, 1024px\" \/><\/figure>\n\n\n\n<p>Au XIXe si\u00e8cle, avec des figures comme Wilhelm Wundt, la psychologie devient une science exp\u00e9rimentale, utilisant des m\u00e9thodes scientifiques pour \u00e9tudier l\u2019esprit, bien loin de l\u2019\u00e9tude th\u00e9ologique de l\u2019\u00e2me du XVIe si\u00e8cle.<\/p>\n\n\n\n<p>Au XIXe si\u00e8cle, la psychologie se distingue progressivement de la philosophie. En 1879, c&rsquo;est la cr\u00e9ation du premier laboratoire de psychologie exp\u00e9rimentale par Wilhelm Wundt.<\/p>\n\n\n\n<p>Aujourd\u2019hui, le mot \u00ab\u00a0psychologie\u00a0\u00bb d\u00e9signe la science du comportement et des processus mentaux, qu&rsquo;ils soient conscients ou inconscients.<\/p>\n\n\n\n<p>Elle se divise en quatre branches :<\/p>\n\n\n\n<ul class=\"wp-block-list\">\n<li>psychologie clinique.<\/li>\n<\/ul>\n\n\n\n<ul class=\"wp-block-list\">\n<li>psychologie cognitive.<\/li>\n<\/ul>\n\n\n\n<ul class=\"wp-block-list\">\n<li>psychologie sociale.<\/li>\n<\/ul>\n\n\n\n<ul class=\"wp-block-list\">\n<li>psychologie du d\u00e9veloppement.<\/li>\n<\/ul>\n\n\n\n<figure class=\"wp-block-image size-full is-resized\"><img loading=\"lazy\" decoding=\"async\" width=\"1024\" height=\"1024\" src=\"https:\/\/www.inconscient-collectif.com\/wp-content\/uploads\/2025\/07\/schema-branche-psychologie-1.bmp\" alt=\"\" class=\"wp-image-527\" style=\"width:514px;height:auto\" srcset=\"https:\/\/www.inconscient-collectif.com\/wp-content\/uploads\/2025\/07\/schema-branche-psychologie-1.bmp 1024w, https:\/\/www.inconscient-collectif.com\/wp-content\/uploads\/2025\/07\/schema-branche-psychologie-1-300x300.jpg 300w, https:\/\/www.inconscient-collectif.com\/wp-content\/uploads\/2025\/07\/schema-branche-psychologie-1-150x150.jpg 150w, https:\/\/www.inconscient-collectif.com\/wp-content\/uploads\/2025\/07\/schema-branche-psychologie-1-768x768.jpg 768w\" sizes=\"auto, (max-width: 1024px) 100vw, 1024px\" \/><\/figure>\n\n\n\n<figure class=\"wp-block-embed is-type-wp-embed is-provider-inconscient-collectif-com wp-block-embed-inconscient-collectif-com\"><div class=\"wp-block-embed__wrapper\">\n<blockquote class=\"wp-embedded-content\" data-secret=\"TwhnlWRDyc\"><a href=\"https:\/\/www.inconscient-collectif.com\/index.php\/2025\/10\/17\/histoire-de-la-psychologie-2-la-psychologie-archaique-grecque\/\">Histoire de la psychologie : (2) La psychologie archa\u00efque grecque.<\/a><\/blockquote><iframe loading=\"lazy\" class=\"wp-embedded-content\" sandbox=\"allow-scripts\" security=\"restricted\" style=\"position: absolute; visibility: hidden;\" title=\"\u00ab\u00a0Histoire de la psychologie : (2) La psychologie archa\u00efque grecque.\u00a0\u00bb &#8212; inconscient-collectif.com\" src=\"https:\/\/www.inconscient-collectif.com\/index.php\/2025\/10\/17\/histoire-de-la-psychologie-2-la-psychologie-archaique-grecque\/embed\/#?secret=GsqSf8zfvq#?secret=TwhnlWRDyc\" data-secret=\"TwhnlWRDyc\" width=\"600\" height=\"338\" frameborder=\"0\" marginwidth=\"0\" marginheight=\"0\" scrolling=\"no\"><\/iframe>\n<\/div><\/figure>\n\n\n\n<p><\/p>\n","protected":false},"excerpt":{"rendered":"<p>Avant de plonger dans les textes des auteurs de l\u2019Antiquit\u00e9, du Moyen \u00c2ge ou de la Renaissance, comme Hom\u00e8re, Platon,<\/p>\n","protected":false},"author":1,"featured_media":530,"comment_status":"open","ping_status":"open","sticky":false,"template":"","format":"standard","meta":{"_jetpack_memberships_contains_paid_content":false,"footnotes":""},"categories":[1],"tags":[],"class_list":["post-309","post","type-post","status-publish","format-standard","has-post-thumbnail","hentry","category-non-classe"],"aioseo_notices":[],"jetpack_featured_media_url":"https:\/\/www.inconscient-collectif.com\/wp-content\/uploads\/2025\/07\/coucerture-article-1-histoire-psychologie.bmp","jetpack_sharing_enabled":true,"_links":{"self":[{"href":"https:\/\/www.inconscient-collectif.com\/index.php\/wp-json\/wp\/v2\/posts\/309","targetHints":{"allow":["GET"]}}],"collection":[{"href":"https:\/\/www.inconscient-collectif.com\/index.php\/wp-json\/wp\/v2\/posts"}],"about":[{"href":"https:\/\/www.inconscient-collectif.com\/index.php\/wp-json\/wp\/v2\/types\/post"}],"author":[{"embeddable":true,"href":"https:\/\/www.inconscient-collectif.com\/index.php\/wp-json\/wp\/v2\/users\/1"}],"replies":[{"embeddable":true,"href":"https:\/\/www.inconscient-collectif.com\/index.php\/wp-json\/wp\/v2\/comments?post=309"}],"version-history":[{"count":12,"href":"https:\/\/www.inconscient-collectif.com\/index.php\/wp-json\/wp\/v2\/posts\/309\/revisions"}],"predecessor-version":[{"id":610,"href":"https:\/\/www.inconscient-collectif.com\/index.php\/wp-json\/wp\/v2\/posts\/309\/revisions\/610"}],"wp:featuredmedia":[{"embeddable":true,"href":"https:\/\/www.inconscient-collectif.com\/index.php\/wp-json\/wp\/v2\/media\/530"}],"wp:attachment":[{"href":"https:\/\/www.inconscient-collectif.com\/index.php\/wp-json\/wp\/v2\/media?parent=309"}],"wp:term":[{"taxonomy":"category","embeddable":true,"href":"https:\/\/www.inconscient-collectif.com\/index.php\/wp-json\/wp\/v2\/categories?post=309"},{"taxonomy":"post_tag","embeddable":true,"href":"https:\/\/www.inconscient-collectif.com\/index.php\/wp-json\/wp\/v2\/tags?post=309"}],"curies":[{"name":"wp","href":"https:\/\/api.w.org\/{rel}","templated":true}]}}