{"id":335,"date":"2025-06-01T16:39:55","date_gmt":"2025-06-01T14:39:55","guid":{"rendered":"https:\/\/www.inconscient-collectif.com\/?p=335"},"modified":"2025-06-02T00:20:58","modified_gmt":"2025-06-01T22:20:58","slug":"les-personnalites-psychotiques","status":"publish","type":"post","link":"https:\/\/www.inconscient-collectif.com\/index.php\/2025\/06\/01\/les-personnalites-psychotiques\/","title":{"rendered":"Les personnalit\u00e9s psychotiques."},"content":{"rendered":"\n<p><strong>D\u00e9couvrez l&rsquo;exploitation de la fausse accusation de folie comme outil de manipulation mentale, une technique utilis\u00e9e tant par les r\u00e9gimes d\u00e9mocratiques que totalitaires. Cet article profond plonge dans l&rsquo;histoire et l&rsquo;utilisation politique de la maladie mentale pour r\u00e9duire au silence les voix dissidentes, en s&rsquo;appuyant sur des perspectives historiques, religieuses, et psychologiques. Une exploration captivante qui vous fera r\u00e9fl\u00e9chir sur la fine ligne entre la sant\u00e9 mentale et la manipulation politique.<\/strong><\/p>\n\n\n\n<figure class=\"wp-block-embed is-type-wp-embed is-provider-inconscient-collectif-com wp-block-embed-inconscient-collectif-com\"><div class=\"wp-block-embed__wrapper\">\n<blockquote class=\"wp-embedded-content\" data-secret=\"oczbhwVZ1m\"><a href=\"https:\/\/www.inconscient-collectif.com\/index.php\/2025\/06\/01\/psychiatrisation-des-adversaires-politiques\/\">Psychiatrisation des adversaires politiques.<\/a><\/blockquote><iframe loading=\"lazy\" class=\"wp-embedded-content\" sandbox=\"allow-scripts\" security=\"restricted\" style=\"position: absolute; visibility: hidden;\" title=\"\u00ab\u00a0Psychiatrisation des adversaires politiques.\u00a0\u00bb &#8212; inconscient-collectif.com\" src=\"https:\/\/www.inconscient-collectif.com\/index.php\/2025\/06\/01\/psychiatrisation-des-adversaires-politiques\/embed\/#?secret=BnMqf5V6Lv#?secret=oczbhwVZ1m\" data-secret=\"oczbhwVZ1m\" width=\"600\" height=\"338\" frameborder=\"0\" marginwidth=\"0\" marginheight=\"0\" scrolling=\"no\"><\/iframe>\n<\/div><\/figure>\n\n\n\n<p>Pour Bergeret, les personnalit\u00e9s psychotiques ont arr\u00eat\u00e9 leur \u00e9volution psychologique au stade oral. Ils sont encore dans un rapport fusionnel et indiff\u00e9renci\u00e9 avec la m\u00e8re. Ils ne se sont pas s\u00e9par\u00e9s du premier objet d\u2019amour. Pour cette raison, ils ne font pas de diff\u00e9rence entre leur monde int\u00e9rieur et la r\u00e9alit\u00e9.<\/p>\n\n\n\n<p>Dans les psychoses, il y a rupture entre la r\u00e9alit\u00e9 ext\u00e9rieure et son monde int\u00e9rieur. La r\u00e9alit\u00e9 ext\u00e9rieure est d\u00e9ni\u00e9e et remplac\u00e9e par une \u00ab&nbsp;n\u00e9o-r\u00e9alit\u00e9&nbsp;\u00bb (son monde int\u00e9rieur). Il y a donc deux r\u00e9alit\u00e9s concurrentes, le monde r\u00e9el et une n\u00e9o-r\u00e9alit\u00e9.<\/p>\n\n\n\n<p>Cela ne vous rappelle rien ?<\/p>\n\n\n\n<p>Depuis plusieurs ann\u00e9es, le discours politico-m\u00e9diatique explique \u00e0 longueur de journ\u00e9e que les gilets jaunes, les anti-vaccins comme les anti-dictatures sanitaires sont des complotistes. Il faut bien comprendre les implications psychiatriques sous-jacentes derri\u00e8re le mot \u00ab&nbsp;complotiste&nbsp;\u00bb. Le \u00ab&nbsp;complotiste&nbsp;\u00bb imaginerait une \u00ab&nbsp;n\u00e9o-r\u00e9alit\u00e9&nbsp;\u00bb remplie de complot, alors que dans le \u00ab&nbsp;monde r\u00e9el&nbsp;\u00bb, c\u2019est bien connu, il n\u2019y a jamais de complot. Personne ne se r\u00e9unit en secret pour organiser une prise de pouvoir, un coup d\u2019Etat ou un meurtre. Jules C\u00e9sar, Henri IV, JFK, le retour du g\u00e9n\u00e9ral de Gaule, l\u2019\u00e9lection d\u2019Emmanuel Macron, la dictature sanitaire\u2026 Circuler il n\u2019y a rien \u00e0 voir, rien \u00e0 dire, ceux qui en parle sont des complotistes.<\/p>\n\n\n\n<p>A l\u2019inverse, je ne pense pas que ceux qui accuse les autres de complotiste en niant la r\u00e9alit\u00e9 souterraine de la politique soit des psychotiques. Pour en avoir fr\u00e9quent\u00e9 certains lorsque j\u2019\u00e9tais fonctionnaire en Pr\u00e9fecture, ils savent tr\u00e8s bien qu\u2019il y a des complots. Ils y participent eux-m\u00eames. L\u2019accusation de complotiste est port\u00e9e contre l\u2019ennemi pour le faire taire et le discr\u00e9diter par une accusation de type psychiatrique infamante.<\/p>\n\n\n\n<p>Le psychotique, va utiliser principalement deux types de m\u00e9canismes de d\u00e9fenses, les hallucinations et les scotomisations. Le psychotique n\u2019est pas capable de critiquer ses propres perceptions.<\/p>\n\n\n\n<p>Les&nbsp;<strong>hallucinations<\/strong>&nbsp;concernent la perception de choses que les autres ne per\u00e7oivent pas.<\/p>\n\n\n\n<p>Les&nbsp;<strong>scotomisations<\/strong>&nbsp;sont des choses qui disparaissent alors que les autres les voient toujours.<\/p>\n\n\n\n<p>Les psychotiques n\u2019ont pas conscience de leur maladie mentale, ce qui est pratique pour interdire a une personne de se d\u00e9fendre. Ayant un probl\u00e8me entre son monde int\u00e9rieur et la r\u00e9alit\u00e9, il se per\u00e7oit comme normal. Il n\u2019est donc pas en mesure de comprendre sa propre folie. Comme c\u2019est pratique. J\u2019adore lorsque la psychiatrie organise sa propre d\u00e9fense en discr\u00e9ditant d\u2019avance celui qu\u2019elle va accuser. Du grand art.<\/p>\n\n\n\n<p>Une redoutable m\u00e9canique. Il faut dire aussi, ce qui explique beaucoup de chose, que les psychiatres et les psychologues sont recrut\u00e9s quasi-exclusivement parmi la franc-ma\u00e7onnerie. Une chasse gard\u00e9e de la loge. Les accusations de psychose portent toujours contre ceux qui s\u2019opposent \u00e0 la franc-ma\u00e7onnerie.<\/p>\n\n\n\n<p>Le DSM IV dans le groupe A, celui des psychotiques, comprenait trois types de personnalit\u00e9 : la personnalit\u00e9 parano\u00efaque, la personnalit\u00e9 schizo\u00efde et la personnalit\u00e9 schizotypique. Bergeret, lui, en distingue deux : la schizophr\u00e9nique (<strong>I<\/strong>) et la parano\u00efaque (<strong>II<\/strong>).<\/p>\n\n\n\n<h2 class=\"wp-block-heading\"><mark style=\"background-color:rgba(0, 0, 0, 0)\" class=\"has-inline-color has-vivid-red-color\"><strong>I. Les personnalit\u00e9s Schizophr\u00e9niques.<\/strong><\/mark><\/h2>\n\n\n\n<p>La schizophr\u00e9nie est une maladie mentale r\u00e9cente. Elle fut invent\u00e9e au XIX<sup>e<\/sup>&nbsp;si\u00e8cle. Elle fut initialement appel\u00e9e \u00ab&nbsp;d\u00e9mence pr\u00e9coce&nbsp;\u00bb par Arnold Pick, en 1891, puis par Emil Kraepelin en 1893. Elle prendra le nom de schizophr\u00e9nie en 1911 avec Eugen Bleuler.<\/p>\n\n\n\n<p>La schizophr\u00e9nie serait une maladie propre \u00e0 l\u2019Homme, qui affecterait les fonctions sup\u00e9rieures du cerveau et qui serait caract\u00e9ris\u00e9e par la pr\u00e9sence d\u2019une dissociation mentale et d\u2019affects \u00e9mouss\u00e9s ou inappropri\u00e9s, d\u2019hallucinations et de d\u00e9lire. Ces sympt\u00f4mes se traduisent par un comportement bizarre ou inadapt\u00e9.<\/p>\n\n\n\n<p>Lors de mes \u00e9tudes de psychologie, je me rappelle que plusieurs TD et TP de psychologie clinique furent consacr\u00e9s \u00e0 la schizophr\u00e9nie. Le professeur, un psychiatre, nous fit aborder le cas de sainte-Jeanne d\u2019Arc comme exemple typique de schizophr\u00e9nie. Cela souleva une discussion enflamm\u00e9e parmi les \u00e9tudiants. Ce sera mon fil rouge pour expliquer la schizophr\u00e9nie.<\/p>\n\n\n\n<p>La personnalit\u00e9 schizophr\u00e9nique disposerait de quatre traits de caract\u00e8res selon Bergeret, l\u2019ambivalence (<strong>A<\/strong>), la bizarrerie (<strong>B<\/strong>), l\u2019herm\u00e9tisme (<strong>C<\/strong>) et le d\u00e9tachement (<strong>D<\/strong>).<\/p>\n\n\n\n<h3 class=\"wp-block-heading\"><strong><mark style=\"background-color:rgba(0, 0, 0, 0)\" class=\"has-inline-color has-vivid-cyan-blue-color\">A. L&rsquo;ambivalence.<\/mark><\/strong><\/h3>\n\n\n\n<p>L\u2019ambivalence est la tendance \u00e0 consid\u00e9rer, en m\u00eame temps, une chose sous son aspect n\u00e9gatif et positif. C\u2019est une constante dans la schizophr\u00e9nie, m\u00eame si cet aspect est parfois discret. Le psychiatre d\u00e9tecte les indices de l\u2019ambivalence \u00e0 trois niveaux : au niveau intellectuel, au niveau affectif et au niveau comportemental.<\/p>\n\n\n\n<p>Au niveau intellectuel, on observe des contradictions dans le jugement.<\/p>\n\n\n\n<p>Au niveau de l\u2019affectivit\u00e9, il y a une juxtaposition de l\u2019amour et de la haine pour la m\u00eame personne ou objet.<\/p>\n\n\n\n<p>Au niveau du comportement, les d\u00e9cisions sont difficiles \u00e0 prendre, les gestes sont ind\u00e9cis.<\/p>\n\n\n\n<p>Ce trait de caract\u00e8re me fait hurler de rire. D\u00e8s que vous \u00eates h\u00e9sitant sur un sujet devant un psychologue, celui-ci va cocher la petite case \u00ab&nbsp;ambivalence&nbsp;\u00bb sur sa fiche \u00ab&nbsp;Schizophr\u00e9nie&nbsp;\u00bb. Qui n\u2019a jamais h\u00e9sit\u00e9 une fois dans sa vie surtout dans le cadre d\u2019une passion amoureuse. De m\u00eame, il n\u2019est pas interdit de tenir compte, du pour et du contre, des avantages et des inconv\u00e9nients, m\u00eame simultan\u00e9ment. C\u2019est m\u00eame plut\u00f4t le signe d\u2019une personne \u00e9quilibr\u00e9 et coh\u00e9rente.<\/p>\n\n\n\n<p>Dans le cadre de Jeanne d\u2019Arc, ce trait de caract\u00e8re ne tient pas une seconde la route, puisque lors de son proc\u00e8s, la sainte r\u00e9pondit \u00e0 toutes les questions de mani\u00e8re coh\u00e9rente et adapt\u00e9e aux questions des juges sans aucune contradiction.<\/p>\n\n\n\n<h3 class=\"wp-block-heading\"><strong><mark style=\"background-color:rgba(0, 0, 0, 0)\" class=\"has-inline-color has-vivid-cyan-blue-color\">B. La bizarrerie.<\/mark><\/strong><\/h3>\n\n\n\n<p>La pens\u00e9e des schizophr\u00e8nes, leurs \u00e9motions, leurs comportements, rev\u00eatent un caract\u00e8re insolite, \u00e9trange, fantasque, d\u00e9concertant, par rapport au syst\u00e8me de r\u00e9f\u00e9rence et de valeurs commun\u00e9ment admis. C\u2019est toujours et encore cette contradiction entre la r\u00e9alit\u00e9 du monde et la n\u00e9o-r\u00e9alit\u00e9 du psychotique. Il faut s\u2019arr\u00eater sur un autre aspect important. Le schizophr\u00e8ne va \u00eatre per\u00e7u comme \u00e9trange, par son entourage, car sa n\u00e9o-r\u00e9alit\u00e9 n\u2019est pas conforme \u00e0 la pens\u00e9e des autres. Chaque soci\u00e9t\u00e9 va cr\u00e9er un certain nombre de normes sociales, pour permettre une vie en commun. Tous les gens qui vont s\u2019\u00e9loigner de cette norme commune vont \u00eatre per\u00e7us comme d\u00e9viant.<\/p>\n\n\n\n<p>Chaque \u00e9poque a g\u00e9n\u00e9r\u00e9 un certain nombre de marginaux qui vivaient en marge de la soci\u00e9t\u00e9. De l\u00e0, \u00e0 qualifier ces personnes de fous, il y a une \u00e9tonnante latitude qui ouvre la porte \u00e0 tous les abus. C\u2019est la porte ouverte au totalitarisme. Dans notre r\u00e9gime politique actuel, cette porte a \u00e9t\u00e9 largement d\u00e9fonc\u00e9e au b\u00e9lier. Une simple d\u00e9viance de la pens\u00e9e m\u00e9diatique (consid\u00e9r\u00e9e par l\u2019\u00e9lite comme \u00ab&nbsp;LA&nbsp;\u00bb norme de r\u00e9f\u00e9rence) vaut a celui qui la commise une qualification psychiatrique et une mise au banc de la soci\u00e9t\u00e9. Le r\u00e9calcitrant est qualifi\u00e9 de bizarre.<\/p>\n\n\n\n<p>Concernant Jeanne la pucelle, c\u2019est le trait de caract\u00e8re le moins convaincant des schizophr\u00e8nes. Certes, elle recevait des messages de Dieu par l\u2019interm\u00e9diaire de certaines saintes. Elle se disait messag\u00e8re de Dieu avec pour mission d\u2019emmener le dauphin se faire sacrer roi \u00e0 Reims. Si un tel personnage venait de nos jours, il serait per\u00e7u comme fou par certaines personnes de l\u2019\u00e9lite d\u00e9christianis\u00e9. Mais dans la France du XV<sup>e<\/sup>&nbsp;si\u00e8cle, baign\u00e9 par l\u2019imaginaire catholique, Jeanne \u00e9tait per\u00e7ue comme normale par l\u2019ensemble de la soci\u00e9t\u00e9. Elle fut crue sur parole, car de nombreuses proph\u00e9ties annon\u00e7aient son av\u00e8nement. Les portes des villes s\u2019ouvraient devant elle, sans combattre, sous le regard fascin\u00e9 du peuple et de la fine chevalerie. Personne n\u2019aurait os\u00e9 dire qu\u2019elle \u00e9tait bizarre ou \u00e9trange. Le surnaturel catholique \u00e9tait partout la norme. Elle s\u2019int\u00e9grait dans cette norme sociale.<\/p>\n\n\n\n<h3 class=\"wp-block-heading\"><strong><mark style=\"background-color:rgba(0, 0, 0, 0)\" class=\"has-inline-color has-vivid-cyan-blue-color\">C. L&rsquo;herm\u00e9tisme.<\/mark><\/strong><\/h3>\n\n\n\n<p>L\u2019herm\u00e9tisme est le corollaire du sympt\u00f4me pr\u00e9c\u00e9dent. Non seulement le schizophr\u00e8ne est per\u00e7ut comme bizarre par les autres, mais les autres ne comprennent pas ce qu\u2019il dit lorsqu\u2019il tente de communiquer son savoir. C\u2019est l\u2019herm\u00e9tisme.<\/p>\n\n\n\n<p>Chez Sainte-Jeanne d\u2019Arc, point d\u2019herm\u00e9tisme. Tout le monde comprenait ce qu\u2019elle disait. Elle parlait la m\u00eame langue que celle du peuple. Les r\u00e9f\u00e9rents culturels \u00e9taient identiques. L\u2019herm\u00e9tisme a son sujet ne concerne que les \u00e9lites ma\u00e7onniques incapables de comprendre la dimension religieuse et son caract\u00e8re surnaturel. Comme pour le pr\u00e9c\u00e9dent trait de caract\u00e8re, il s\u2019agit d\u2019un vulgaire anachronisme.<\/p>\n\n\n\n<h3 class=\"wp-block-heading\"><strong><mark style=\"background-color:rgba(0, 0, 0, 0)\" class=\"has-inline-color has-vivid-cyan-blue-color\">D. Le d\u00e9tachement.<\/mark><\/strong><\/h3>\n\n\n\n<p>Il ne s\u2019agit pas du d\u00e9tachement du malade par rapport \u00e0 ses propres exp\u00e9riences, mais de son d\u00e9tachement de la r\u00e9alit\u00e9. Il y a une carence dans le contact, une tendance au repli, cachant une activit\u00e9 int\u00e9rieure tr\u00e8s intense. Il y a une froideur affective et relationnelle. Je tenais \u00e0 rassurer mes lecteurs qui se reconna\u00eetraient dans ce trait de caract\u00e8re. Etre renferm\u00e9 et timide ne signifie absolument pas qu\u2019une personne soit schizophr\u00e8ne.<\/p>\n\n\n\n<p>Heureusement.<\/p>\n\n\n\n<p>Mon ma\u00eetre \u00e0 penser en mati\u00e8re psychologique, Carl Gustav Jung va reprendre l\u2019ancienne typologie d\u2019Hippocrate (cit\u00e9 plus haut) pour distinguer deux mani\u00e8res d\u2019orienter son \u00e9nergie et quatre fonctions psychologiques qui donneront huit types de personnalit\u00e9s. Je reparlerais dans le d\u00e9tail du sujet \u00e0 la fin de l\u2019article.<\/p>\n\n\n\n<figure class=\"wp-block-image size-large is-resized\"><img loading=\"lazy\" decoding=\"async\" width=\"625\" height=\"1024\" src=\"https:\/\/www.inconscient-collectif.com\/wp-content\/uploads\/2025\/06\/image-2-625x1024.png\" alt=\"\" class=\"wp-image-371\" style=\"width:295px;height:auto\" srcset=\"https:\/\/www.inconscient-collectif.com\/wp-content\/uploads\/2025\/06\/image-2-625x1024.png 625w, https:\/\/www.inconscient-collectif.com\/wp-content\/uploads\/2025\/06\/image-2-183x300.png 183w, https:\/\/www.inconscient-collectif.com\/wp-content\/uploads\/2025\/06\/image-2.png 733w\" sizes=\"auto, (max-width: 625px) 100vw, 625px\" \/><\/figure>\n\n\n\n<p>Arr\u00eatons-nous sur les deux mani\u00e8res d\u2019orienter son \u00e9nergie mentale. Nous avons l\u2019extraversion qui oriente l\u2019\u00e9nergie vers le monde ext\u00e9rieur, vers les autres. Nous avons \u00e9galement l\u2019introversion, qui canalise l\u2019\u00e9nergie psychique vers la vie int\u00e9rieure. L\u2019introvertie a besoin se sentir seule pour nourrir son intense vie int\u00e9rieure. Le d\u00e9tachement que Bergeret et la psychiatrie am\u00e9ricaine du DSM attribuent \u00e0 la schizophr\u00e9nie, c\u2019est de l\u2019introversion.<\/p>\n\n\n\n<p>Jeanne ne fut jamais d\u00e9tach\u00e9e du monde, bien au contraire, elle s\u2019est ouverte vers l\u2019ext\u00e9rieur pour sauver la France et son Roi.<\/p>\n\n\n\n<p>De son suppos\u00e9 schizophr\u00e9nie, il ne reste que les pr\u00e9tendues hallucinations. C\u2019est bien maigre pour salir la m\u00e9moire de la sainte qui sauva le royaume de France et indiqua le chemin \u00e0 suivre pour les g\u00e9n\u00e9rations futures. D\u2019autant que selon la litt\u00e9rature scientifique, les hallucinations des schizophr\u00e8nes ne sont presque jamais visuelles. Elle ne concernerait que des hallucinations sonores hostiles. La sainte eut surtout des visions et celles-ci ne lui furent jamais hostiles. Voil\u00e0 un mythe qui s\u2019\u00e9croule en analysant simplement les faits.<\/p>\n\n\n\n<h2 class=\"wp-block-heading\"><mark style=\"background-color:rgba(0, 0, 0, 0)\" class=\"has-inline-color has-vivid-red-color\"><strong>II. Les personnalit\u00e9s parano\u00efaques.<\/strong><\/mark><\/h2>\n\n\n\n<p>Le terme de parano\u00efa est int\u00e9gr\u00e9 dans le vocabulaire m\u00e9dical en&nbsp;<strong>1818<\/strong>&nbsp;par&nbsp;<strong>Heinroth<\/strong>&nbsp;et reprit dans son sens moderne en&nbsp;<strong>1899<\/strong>&nbsp;avec&nbsp;<strong>Kraepelin<\/strong>. Comme pour la schizophr\u00e9nie, j\u2019ai de s\u00e9rieux doutes sur sa r\u00e9alit\u00e9 scientifique. C\u2019est une v\u00e9ritable arme de guerre pour faire taire les opposants politiques.<\/p>\n\n\n\n<p>Les psychiatres et les psychologues, et en particulier Charles Binet-Sangl\u00e9 (un sacr\u00e9 cas\u2026 Binet), n\u2019ont pas h\u00e9sit\u00e9 \u00e0 dire que le Christ \u00e9tait atteint d\u2019une personnalit\u00e9 parano\u00efaque.<\/p>\n\n\n\n<blockquote class=\"wp-block-quote is-layout-flow wp-block-quote-is-layout-flow\">\n<p>\u00ab&nbsp;<em>En r\u00e9sum\u00e9, la nature des hallucinations de J\u00e9sus, telles qu\u2019elles sont d\u00e9crites dans les \u00c9vangiles orthodoxes, nous permet de conclure que le fondateur de la religion chr\u00e9tienne \u00e9tait atteint de parano\u00efa religieuse.<\/em>&nbsp;\u00bb (<strong>Charles&nbsp;Binet-Sangl\u00e9,&nbsp;<em>La folie de J\u00e9sus<\/em>,&nbsp;t.&nbsp;1\u20134, Paris, A. Maloine, 1908\u20131915<\/strong>).<\/p>\n<\/blockquote>\n\n\n\n<p>Cette th\u00e8se a \u00e9t\u00e9 reprise par le psychiatre de confession juive (cela va de soi, nous sommes dans une guerre religieuse contre le catholicisme) William Hirsh. La christianophobie est le seul racisme autoris\u00e9 par la loi. Pire, il est m\u00eame encourag\u00e9 m\u00e9diatiquement. La fausse accusation d\u2019antis\u00e9mitisme est une arme de guerre contre la France catholique et royaliste.<\/p>\n\n\n\n<p>Que dire de l\u2019\u00e9trange article de wikip\u00e9dia \u00ab&nbsp;<em>sant\u00e9 mentale de J\u00e9sus<\/em>\u00ab&nbsp;.<\/p>\n\n\n\n<p><a href=\"https:\/\/fr.wikipedia.org\/wiki\/Sant%C3%A9_mentale_de_J%C3%A9sus\">Sant\u00e9 mentale de J\u00e9sus \u2014 Wikip\u00e9dia (wikipedia.org)<\/a><\/p>\n\n\n\n<p>Curieusement, il n\u2019y a pas d\u2019article \u00ab&nbsp;<em>Sant\u00e9 mentale du franc-ma\u00e7on<\/em>\u00ab&nbsp;. Je cherche en vain sur le m\u00eame site l\u2019article \u00ab&nbsp;<em>sant\u00e9 mentale de Mahomet<\/em>&nbsp;\u00bb ou \u00ab&nbsp;<em>sant\u00e9 mentale du Juda\u00efsme<\/em>\u00ab&nbsp;.<\/p>\n\n\n\n<p>Etrange de toujours s\u2019attaquer \u00e0 la m\u00eame religion, alors qu\u2019on jette l\u2019anath\u00e8me \u00ab&nbsp;antis\u00e9mite&nbsp;\u00bb ou \u00ab&nbsp;islamophobe&nbsp;\u00bb lorsqu\u2019on touche au juda\u00efsme ou \u00e0 l\u2019islam. Je ne parle pas de la franc-ma\u00e7onnerie, \u00e0 laquelle on r\u00e9pond de mani\u00e8re sempiternelle que les francs-ma\u00e7ons ne disposent d\u2019aucun pouvoir. Comment reconna\u00eetre un franc-ma\u00e7on qui se cache, il vous explique (sans rigoler) que la franc-ma\u00e7onnerie n\u2019est plus aussi puissante que sous la III<sup>e<\/sup>&nbsp;R\u00e9publique. Voir par exemple le discours de deux cr\u00e9tins de la \u00ab&nbsp;dissidence&nbsp;\u00bb, Pierre-Yves Rougeyron ou Sylvain Baron. Ayant \u00e9t\u00e9 fonctionnaire de cat\u00e9gorie A (ancien \u00e9l\u00e8ve de l\u2019IRA de Lille, promo Aim\u00e9 C\u00e9saire), en pr\u00e9fecture et \u00e0 l\u2019\u00e9ducation nationale, je peux vous certifier que les francs-ma\u00e7ons (dans les hautes sph\u00e8res du pouvoir) sont tous adh\u00e9rents d\u2019une loge. Pour nier cette \u00e9vidence, il faut, soit \u00eatre un imb\u00e9cile, soit en faire partie.<\/p>\n\n\n\n<p>Ni le juda\u00efsme, ni l\u2019islam ne sont des religions dont ils faut s\u2019interroger sur la sant\u00e9 mentale. Il est logique que wikip\u00e9dia ne r\u00e9dige pas d\u2019article sur le sujet. Il devrait en \u00eatre de m\u00eame du christianisme. Une religion ancestrale permet une structuration de la pens\u00e9e et de la vie mentale qui devrait \u00eatre incompatible avec un trouble mentale, sauf exception tr\u00e8s rare. Ce qui n\u2019est pas le cas de la franc-ma\u00e7onnerie.<\/p>\n\n\n\n<p>A la lecture de ce qui va suivre, on peut m\u00eame se demander si la parano\u00efa n\u2019a pas \u00e9t\u00e9 invent\u00e9e pour lutter contre le Christ.<\/p>\n\n\n\n<p>La personnalit\u00e9 parano\u00efaque disposerait de cinq traits de caract\u00e8res selon Bergeret, la surestimation de soi-m\u00eame, la sur\u00e9valuation de ses capacit\u00e9s (<strong>A<\/strong>), la psychorigidit\u00e9 (<strong>B<\/strong>), l\u2019attitude mentale de m\u00e9fiance, la suspicion (<strong>C<\/strong>), la fausset\u00e9 du jugement (<strong>D<\/strong>) et l\u2019inadaptation sociale (<strong>E<\/strong>).<\/p>\n\n\n\n<h3 class=\"wp-block-heading\"><strong><mark style=\"background-color:rgba(0, 0, 0, 0)\" class=\"has-inline-color has-vivid-cyan-blue-color\">A. La surestimation de soi-m\u00eame et la sur\u00e9valuation de ses capacit\u00e9s.<\/mark><\/strong><\/h3>\n\n\n\n<p>Ce trait est \u00e0 l\u2019origine des manifestations cliniques telles que les attitudes de m\u00e9pris, l\u2019intol\u00e9rance vis-\u00e0-vis des opinions d\u2019autrui, les attitudes orgueilleuses et vaniteuses. Voil\u00e0, c\u2019est dit, si vous avez confiance en vous et en vos qualit\u00e9s, vous \u00eates un parano.<\/p>\n\n\n\n<p>Il y a donc beaucoup de parano\u00efaques sur terre.<\/p>\n\n\n\n<p>On me r\u00e9torquera que ce n\u2019est pas la confiance en soi qui est le trait de caract\u00e8re typique d\u2019un parano, mais l\u2019exc\u00e8s de confiance. Certes, mais si vous \u00eates sup\u00e9rieurement intelligent (cela arrive parfois) et que vous en ayez pleinement conscience (cela arrive aussi) vous serrez per\u00e7ut par les autres comme un immonde parano\u00efaque. Cela est totalement subjectif et a pour cons\u00e9quence de donner une prime \u00e0 la m\u00e9diocrit\u00e9 sur l\u2019intelligence. De m\u00eame, si un imb\u00e9cile se consid\u00e8re comme plus intelligent qu\u2019il ne l\u2019ait r\u00e9ellement, cela ne signifie pas pour autant qu\u2019il est fou. Chacun a le droit d\u2019avoir confiance en lui, m\u00eame avec exc\u00e8s.<\/p>\n\n\n\n<p>J\u00e9sus avait excessivement confiance en lui, car il se consid\u00e9rait comme le fils de Dieu. Pire, il revendiquait le titre de messie annonc\u00e9 par les proph\u00e8tes de l\u2019Ancien testament. Pour ces gens-l\u00e0 Dieu n\u2019existe pas, il ne peut pas avoir de fils. Quant \u00e0 \u00eatre le messie, c\u2019est de la pure m\u00e9galomanie. Ici la psychiatrie, pr\u00e9tendument scientifique, p\u00e9n\u00e8tre dans le domaine religieux pour faire la guerre \u00e0 la seule religion catholique.<\/p>\n\n\n\n<h3 class=\"wp-block-heading\"><strong><mark style=\"background-color:rgba(0, 0, 0, 0)\" class=\"has-inline-color has-vivid-cyan-blue-color\">B. La psychorigidit\u00e9.<\/mark><\/strong><\/h3>\n\n\n\n<p>La psychorigidit\u00e9 des parano\u00efaques fait d\u2019eux qu\u2019ils sont convaincus d\u2019avoir raison envers et contre tous. Ils se manifestent par un monolithisme de la pens\u00e9e, des d\u00e9cisions et un ent\u00eatement caract\u00e9ristique.<\/p>\n\n\n\n<p>M\u00eame remarque que pour le trait de caract\u00e8re pr\u00e9c\u00e9dent. Avoir raison et \u00eatre persuad\u00e9 de d\u00e9tenir la v\u00e9rit\u00e9 ne fait pas de vous un immonde parano.<\/p>\n\n\n\n<p>Heureusement.<\/p>\n\n\n\n<p>Le Christ qui dit \u00eatre le fils de Dieu est venu parmi les hommes pour apporter la v\u00e9rit\u00e9 aux hommes. Il va alors s\u2019opposer \u00e0 une autre v\u00e9rit\u00e9, celle du juda\u00efsme pharisien. Un terrible combat va opposer J\u00e9sus aux pharisiens dont les quatre \u00e9vangiles et les actes des ap\u00f4tres sont les pr\u00e9cieux t\u00e9moins.<\/p>\n\n\n\n<p>Citons par exemple, la c\u00e9l\u00e8bre sc\u00e8ne des marchands du temple. Une sc\u00e8ne tellement embl\u00e9matique de la relation entre le Christ et ses ennemis.<\/p>\n\n\n\n<blockquote class=\"wp-block-quote is-layout-flow wp-block-quote-is-layout-flow\">\n<p>\u00ab&nbsp;<em>Ils arriv\u00e8rent \u00e0 J\u00e9rusalem. J\u00e9sus \u00e9tant entr\u00e9 dans le temple, se mit \u00e0 chasser ceux qui vendaient et achetaient dans le temple, et il renversa les tables des changeurs, et les si\u00e8ges de ceux qui vendaient des colombes, et il ne souffrait pas que personne transport\u00e2t aucun objet \u00e0 travers le temple. Et il enseignait, en disant&nbsp;: &nbsp;\u00bb&nbsp;N\u2019est-il pas \u00e9crit&nbsp;: Ma maison sera appel\u00e9e une maison de pri\u00e8re pour toutes les nations&nbsp;? Mais vous, vous en avez fait une caverne de voleurs.&nbsp;\u00bb Ce qu\u2019ayant entendu, les Princes des pr\u00eatres et les Scribes cherchaient les moyens de le faire p\u00e9rir&nbsp;; car ils le craignaient, parce que tout le peuple admirait sa doctrine. Le soir \u00e9tant venu, J\u00e9sus sortit de la ville.<\/em>&nbsp;\u00bb (<strong>Marc, XI : 15-19<\/strong>).<\/p>\n<\/blockquote>\n\n\n\n<blockquote class=\"wp-block-quote is-layout-flow wp-block-quote-is-layout-flow\">\n<p>\u00ab&nbsp;<em>Or la P\u00e2que des Juifs \u00e9tait proche, et J\u00e9sus monta \u00e0 J\u00e9rusalem. Il trouva dans le temple les marchands de b\u0153ufs, de brebis, et de colombes, et les changeurs assis. Et ayant fait un petit fouet avec des cordes, il les chassa tous du temple, avec les brebis et les b\u0153ufs&nbsp;; il jeta par terre l\u2019argent des changeurs, et renversa leurs tables. Et il dit aux vendeurs de colombes&nbsp;: &nbsp;\u00bb&nbsp;Enlevez cela d\u2019ici&nbsp;; ne faites pas de la maison de mon P\u00e8re une maison de trafic.&nbsp;&nbsp;\u00bb Les disciples se ressouvinrent alors qu\u2019il est \u00e9crit&nbsp;: &nbsp;\u00bb&nbsp;Le z\u00e8le de votre maison me d\u00e9vore.<\/em>&nbsp;&nbsp;\u00bb (<strong>Jean, II : 13-17<\/strong>).<\/p>\n<\/blockquote>\n\n\n\n<p>Voil\u00e0 bien un vrai comportement de psychopathe et de parano, selon les crit\u00e8res de la psychiatrie modernes. Quelle audace, oser s\u2019attaquer a des vendeurs d\u2019animaux et \u00e0 des banquiers \u00e0 coups de fouet en hurlant \u00ab&nbsp;bande de voleurs&nbsp;\u00bb. Le Christ d\u00e9tient une v\u00e9rit\u00e9 qu\u2019il consid\u00e8re comme sup\u00e9rieure a celle des pharisiens qui se sont d\u00e9voy\u00e9 dans le commerce et dans la banque. Pharisiens qui ne sont pas l\u2019ensemble des Juifs, mais plut\u00f4t une minuscule secte qui a d\u00e9voy\u00e9 le message des proph\u00e8tes de l\u2019Ancien testament. La plupart des Juifs du I<sup>er<\/sup>&nbsp;si\u00e8cle se convertiront au Christianisme. Ceux qui restent aujourd\u2019hui se convertiront lors du retour du Christ parmi les hommes.<\/p>\n\n\n\n<h3 class=\"wp-block-heading\"><strong><mark style=\"background-color:rgba(0, 0, 0, 0)\" class=\"has-inline-color has-vivid-cyan-blue-color\">C. L&rsquo;attitude mentale de m\u00e9fiance et suspicion.<\/mark><\/strong><\/h3>\n\n\n\n<p>Les sujets parano\u00efaques ont la conviction d\u2019\u00eatre en permanence menac\u00e9e par autrui, d\u2019\u00eatre exploit\u00e9s ou victimes de mauvaises intentions. Soup\u00e7onneux envers leur entourage, v\u00e9ritables tyrans domestiques, ils doutent de la loyaut\u00e9 de leur conjoint et de leurs amis qu\u2019ils soumettent parfois \u00e0 une surveillance assidue et suspicieuse.<\/p>\n\n\n\n<p>C\u2019est l\u2019inverse du pr\u00e9c\u00e9dent trait de caract\u00e8re. Dans un cas, si vous \u00eates trop s\u00fbr de vous-m\u00eames et de d\u00e9tenir la v\u00e9rit\u00e9, on coche la case \u00ab&nbsp;psychorigidit\u00e9&nbsp;\u00bb sur la fiche parano. En revanche, si vous est persuad\u00e9 qu\u2019aucune v\u00e9rit\u00e9 n\u2019existe et que vous doutiez de tout, alors on cochera la case \u00ab&nbsp;m\u00e9fiance et suspicion&nbsp;\u00bb. Dans un cas comme dans l\u2019autre, vous \u00eates un parano. Le pi\u00e8ge, redoutable, se ferme sur vous. C\u2019est l\u00e0 que nous voyons l\u2019aspect volontaire d\u2019enfermer un certain nombre de gens dans une classification mentale infamante pour les discr\u00e9diter.<\/p>\n\n\n\n<p>C\u2019est l\u00e0 aussi que nous devons \u00e9voquer bri\u00e8vement la fausse accusation de complotisme qui est une forme de m\u00e9fiance et de suspicion. Je vous renvoi a l\u2019un de mes articles sur le sujet.<\/p>\n\n\n\n<blockquote class=\"wp-block-quote is-layout-flow wp-block-quote-is-layout-flow\">\n<p><a href=\"https:\/\/www.astrologie-mondiale.com\/complotisme-et-propagande-politique\/\">Complotisme et propagande politique.<\/a><\/p>\n<\/blockquote>\n\n\n\n<figure class=\"wp-block-embed is-type-wp-embed is-provider-inconscient-collectif-com wp-block-embed-inconscient-collectif-com\"><div class=\"wp-block-embed__wrapper\">\n<blockquote class=\"wp-embedded-content\" data-secret=\"PwAumDm1Kp\"><a href=\"https:\/\/www.inconscient-collectif.com\/index.php\/2024\/03\/20\/la-propagande-comme-arme-de-guerre-politique\/\">La propagande comme arme de guerre politique.<\/a><\/blockquote><iframe loading=\"lazy\" class=\"wp-embedded-content\" sandbox=\"allow-scripts\" security=\"restricted\" style=\"position: absolute; visibility: hidden;\" title=\"\u00ab\u00a0La propagande comme arme de guerre politique.\u00a0\u00bb &#8212; inconscient-collectif.com\" src=\"https:\/\/www.inconscient-collectif.com\/index.php\/2024\/03\/20\/la-propagande-comme-arme-de-guerre-politique\/embed\/#?secret=6EUMyp0GZE#?secret=PwAumDm1Kp\" data-secret=\"PwAumDm1Kp\" width=\"600\" height=\"338\" frameborder=\"0\" marginwidth=\"0\" marginheight=\"0\" scrolling=\"no\"><\/iframe>\n<\/div><\/figure>\n\n\n\n<h3 class=\"wp-block-heading\"><strong><mark style=\"background-color:rgba(0, 0, 0, 0)\" class=\"has-inline-color has-vivid-cyan-blue-color\">D. La fausset\u00e9 du jugement.<\/mark><\/strong><\/h3>\n\n\n\n<p>Les sujets ont tendance \u00e0 fonctionner sur la base, d\u2019a priori arbitraires et \u00e0 recourir \u00e0 des interpr\u00e9tations erron\u00e9es. Ce subjectivisme pathologique, alli\u00e9 \u00e0 la psychorigidit\u00e9, explique l\u2019autoritarisme, l\u2019intol\u00e9rance tyrannique et l\u2019absence totale d\u2019autocritique ou de doute.<\/p>\n\n\n\n<p>Non seulement le parano est persuad\u00e9 de d\u00e9tenir la v\u00e9rit\u00e9 au d\u00e9triment des autres, mais le psychiatre explique que cet v\u00e9rit\u00e9 est en r\u00e9alit\u00e9 une erreur de jugement. C\u2019est bien connu, la psychiatrie, elle, d\u00e9tient la v\u00e9rit\u00e9 et une v\u00e9rit\u00e9 vraie (excusez-moi pour cette expression) contre le christianisme. Nous verrons, \u00e0 la fin du deuxi\u00e8me article que des exp\u00e9riences ont d\u00e9montr\u00e9 le contraire. Je pense \u00e0 la c\u00e9l\u00e8bre exp\u00e9rience de Rosenham, mainte fois r\u00e9pliqu\u00e9e depuis et qui d\u00e9montre l\u2019imposture des maladies mentales modernes, et surtout pour les psychoses. Alors m\u00eame, que J\u00e9sus fonda une religion il y a deux mille ans, qui existent encore. La psychiatrie actuelle, existera-t-elle encore dans vingt ans ?<\/p>\n\n\n\n<h3 class=\"wp-block-heading\"><strong><mark style=\"background-color:rgba(0, 0, 0, 0)\" class=\"has-inline-color has-vivid-cyan-blue-color\">E. L&rsquo;inadaptation sociale.<\/mark><\/strong><\/h3>\n\n\n\n<p>Les sujets au caract\u00e8re parano\u00efaque rencontrent des difficult\u00e9s \u00e0 \u00e9tablir des relations sociales satisfaisantes \u00e9tant donn\u00e9 leur attitude, leur comportement revendicatif, leur faible sociabilit\u00e9, leur incapacit\u00e9 \u00e0 respecter une discipline collective.<\/p>\n\n\n\n<p>Il faut parler, en conclusion du fameux syndrome du Messie ou de J\u00e9rusalem (c\u2019est la m\u00eame chose). Un syndrome qui ne touche presque pas les catholiques. Sur les 470 personnes hospitalis\u00e9es \u00e0 Kfar Shaul entre 1980 et 1993, 66&nbsp;% \u00e9taient de confession juive, 33&nbsp;% chr\u00e9tiens (pour la plupart protestants) et les 1&nbsp;% restants sans religion. Vous remarquerez avec moi, qu\u2019il n\u2019y a pas de syndrome de la Mecque, de Mahomet ou de Mo\u00efse.<\/p>\n\n\n\n<p>Le syndrome serait li\u00e9 \u00e0 la d\u00e9ception des p\u00e8lerins lors de la visite de la terre sainte et surtout de J\u00e9rusalem. Certaines personnes r\u00eavent depuis des ann\u00e9es de venir sur les lieux saints du christianisme. Or, J\u00e9rusalem garderait surtout des traces arch\u00e9ologiques des p\u00e9riodes byzantine, crois\u00e9 et ottomane. Il ne subsisterait plus aucune trace de la p\u00e9riode du Christ. Les lieux auraient \u00e9t\u00e9 d\u00e9truits, puis reconstruit, d\u00e9figur\u00e9s par le temps, ce qui provoquerait un choc consid\u00e9rable chez certaines personnes.<\/p>\n\n\n\n<p>Les principaux sympt\u00f4mes seraient :<\/p>\n\n\n\n<ul class=\"wp-block-list\">\n<li>anxi\u00e9t\u00e9 et stress.<\/li>\n\n\n\n<li>d\u00e9sir d\u2019isolement.<\/li>\n\n\n\n<li>obsession de se purifier le corps.<\/li>\n\n\n\n<li>confection de toges \u00e0 partir de draps.<\/li>\n\n\n\n<li>d\u00e9clamation de passages de la Bible&nbsp;et chants sacr\u00e9s<\/li>\n\n\n\n<li>proclamation de&nbsp;sermons<\/li>\n\n\n\n<li>hallucinations.<\/li>\n<\/ul>\n\n\n\n<p>Un \u00e9pisode des Simpson montre un Homer Simpson atteint du syndrome de J\u00e9rusalem. C\u2019est le seizi\u00e8me \u00e9pisode de la vingt-et-uni\u00e8me saison, \u00ab&nbsp;<em>la plus grande histoire jamais rat\u00e9e<\/em>\u00ab&nbsp;. Homer se perd dans le d\u00e9sert et d\u00e9couvre la foi en ayant eu une vision d\u2019un cornichon qui lui annonce qu\u2019il est le messie pour sauver le monde et unifier les religions. L\u2019avion qui quitte Isra\u00ebl est rempli de faux messie atteint du syndrome.<\/p>\n\n\n\n<p>On imagine bien, J\u00e9sus lui-m\u00eame, atteint du syndrome du Messie. Cette maladie a sans doute \u00e9t\u00e9 cr\u00e9\u00e9e pour cela. Ne soyons pas na\u00eff. Pour pr\u00e9parer une riposte lors de son retour sur terre \u00e0 la fin des temps.<\/p>\n\n\n\n<p><strong>Nous avons explor\u00e9 ensemble les abysses et les sommets des techniques de manipulation mentale, un voyage qui, nous l\u2019esp\u00e9rons, vous a offert des cl\u00e9s de compr\u00e9hension essentielles sur les forces invisibles qui mod\u00e8lent notre perception du monde. Mais l\u2019aventure ne s\u2019arr\u00eate pas l\u00e0, et votre voix compte dans cette exploration continue de la conscience humaine.<\/strong><\/p>\n\n\n\n<p><strong>Partagez vos r\u00e9flexions :&nbsp;<\/strong>Avez-vous d\u00e9j\u00e0 ressenti l\u2019influence de ces techniques dans votre vie quotidienne ? Connaissiez-vous leur profondeur et leur port\u00e9e ? Votre avis nous est pr\u00e9cieux, alors n\u2019h\u00e9sitez pas \u00e0 enrichir le d\u00e9bat en partageant vos commentaires ci-dessous.<\/p>\n\n\n\n<p><strong>Rejoignez notre communaut\u00e9 :<\/strong>&nbsp;Pour ne rien manquer de nos futures explorations et analyses, suivez-nous sur Twitter et rejoignez notre groupe sur Telegram. Ensemble, creusons encore plus profond\u00e9ment les myst\u00e8res de la psych\u00e9 humaine.<\/p>\n\n\n\n<p><strong>Soutenez notre qu\u00eate de savoir :<\/strong>&nbsp;Si vous avez trouv\u00e9 de la valeur dans cet article et souhaitez contribuer \u00e0 l\u2019avenir de notre site, consid\u00e9rez un clic sur nos publicit\u00e9s partenaires ou un don, aussi modeste soit-il. Chaque geste de soutien nous aide \u00e0 continuer \u00e0 vous fournir des contenus riches, approfondis et libres d\u2019acc\u00e8s.<\/p>\n\n\n\n<p>Votre curiosit\u00e9, votre engagement et votre soutien sont les moteurs de notre passion. Ensemble, continuons \u00e0 d\u00e9voiler les secrets de l\u2019esprit humain, pour un avenir plus conscient et \u00e9clair\u00e9.<\/p>\n\n\n\n<figure class=\"wp-block-embed is-type-wp-embed is-provider-inconscient-collectif-com wp-block-embed-inconscient-collectif-com\"><div class=\"wp-block-embed__wrapper\">\n<blockquote class=\"wp-embedded-content\" data-secret=\"Fwy5TIXSR2\"><a href=\"https:\/\/www.inconscient-collectif.com\/index.php\/2025\/06\/01\/les-personnalites-nevrotiques\/\">Les personnalit\u00e9s n\u00e9vrotiques.<\/a><\/blockquote><iframe loading=\"lazy\" class=\"wp-embedded-content\" sandbox=\"allow-scripts\" security=\"restricted\" style=\"position: absolute; visibility: hidden;\" title=\"\u00ab\u00a0Les personnalit\u00e9s n\u00e9vrotiques.\u00a0\u00bb &#8212; inconscient-collectif.com\" src=\"https:\/\/www.inconscient-collectif.com\/index.php\/2025\/06\/01\/les-personnalites-nevrotiques\/embed\/#?secret=U0cCHWKcbT#?secret=Fwy5TIXSR2\" data-secret=\"Fwy5TIXSR2\" width=\"600\" height=\"338\" frameborder=\"0\" marginwidth=\"0\" marginheight=\"0\" scrolling=\"no\"><\/iframe>\n<\/div><\/figure>\n\n\n\n<figure class=\"wp-block-embed is-type-wp-embed is-provider-inconscient-collectif-com wp-block-embed-inconscient-collectif-com\"><div class=\"wp-block-embed__wrapper\">\n<blockquote class=\"wp-embedded-content\" data-secret=\"ANwfSnH53w\"><a href=\"https:\/\/www.inconscient-collectif.com\/index.php\/2025\/06\/02\/contestation-de-la-classification-psychiatrique\/\">Contestation de la classification psychiatrique.<\/a><\/blockquote><iframe loading=\"lazy\" class=\"wp-embedded-content\" sandbox=\"allow-scripts\" security=\"restricted\" style=\"position: absolute; visibility: hidden;\" title=\"\u00ab\u00a0Contestation de la classification psychiatrique.\u00a0\u00bb &#8212; inconscient-collectif.com\" src=\"https:\/\/www.inconscient-collectif.com\/index.php\/2025\/06\/02\/contestation-de-la-classification-psychiatrique\/embed\/#?secret=B5g9JVbZbc#?secret=ANwfSnH53w\" data-secret=\"ANwfSnH53w\" width=\"600\" height=\"338\" frameborder=\"0\" marginwidth=\"0\" marginheight=\"0\" scrolling=\"no\"><\/iframe>\n<\/div><\/figure>\n","protected":false},"excerpt":{"rendered":"<p>D\u00e9couvrez l&rsquo;exploitation de la fausse accusation de folie comme outil de manipulation mentale, une technique utilis\u00e9e tant par les r\u00e9gimes<\/p>\n","protected":false},"author":1,"featured_media":372,"comment_status":"open","ping_status":"open","sticky":false,"template":"","format":"standard","meta":{"_jetpack_memberships_contains_paid_content":false,"footnotes":""},"categories":[1],"tags":[],"class_list":["post-335","post","type-post","status-publish","format-standard","has-post-thumbnail","hentry","category-non-classe"],"aioseo_notices":[],"jetpack_featured_media_url":"https:\/\/www.inconscient-collectif.com\/wp-content\/uploads\/2025\/06\/psychose-miroir.jpg","jetpack_sharing_enabled":true,"_links":{"self":[{"href":"https:\/\/www.inconscient-collectif.com\/index.php\/wp-json\/wp\/v2\/posts\/335","targetHints":{"allow":["GET"]}}],"collection":[{"href":"https:\/\/www.inconscient-collectif.com\/index.php\/wp-json\/wp\/v2\/posts"}],"about":[{"href":"https:\/\/www.inconscient-collectif.com\/index.php\/wp-json\/wp\/v2\/types\/post"}],"author":[{"embeddable":true,"href":"https:\/\/www.inconscient-collectif.com\/index.php\/wp-json\/wp\/v2\/users\/1"}],"replies":[{"embeddable":true,"href":"https:\/\/www.inconscient-collectif.com\/index.php\/wp-json\/wp\/v2\/comments?post=335"}],"version-history":[{"count":4,"href":"https:\/\/www.inconscient-collectif.com\/index.php\/wp-json\/wp\/v2\/posts\/335\/revisions"}],"predecessor-version":[{"id":394,"href":"https:\/\/www.inconscient-collectif.com\/index.php\/wp-json\/wp\/v2\/posts\/335\/revisions\/394"}],"wp:featuredmedia":[{"embeddable":true,"href":"https:\/\/www.inconscient-collectif.com\/index.php\/wp-json\/wp\/v2\/media\/372"}],"wp:attachment":[{"href":"https:\/\/www.inconscient-collectif.com\/index.php\/wp-json\/wp\/v2\/media?parent=335"}],"wp:term":[{"taxonomy":"category","embeddable":true,"href":"https:\/\/www.inconscient-collectif.com\/index.php\/wp-json\/wp\/v2\/categories?post=335"},{"taxonomy":"post_tag","embeddable":true,"href":"https:\/\/www.inconscient-collectif.com\/index.php\/wp-json\/wp\/v2\/tags?post=335"}],"curies":[{"name":"wp","href":"https:\/\/api.w.org\/{rel}","templated":true}]}}