{"id":341,"date":"2025-06-01T14:25:23","date_gmt":"2025-06-01T12:25:23","guid":{"rendered":"https:\/\/www.inconscient-collectif.com\/?p=341"},"modified":"2025-06-01T14:25:25","modified_gmt":"2025-06-01T12:25:25","slug":"la-propagande-de-guerre","status":"publish","type":"post","link":"https:\/\/www.inconscient-collectif.com\/index.php\/2025\/06\/01\/la-propagande-de-guerre\/","title":{"rendered":"La propagande de guerre."},"content":{"rendered":"\n<p>Face aux conflits actuels \u00e0 l\u2019Est, cet article se penche sur la propagande de guerre, inspir\u00e9 par l\u2019\u0153uvre d\u2019Anne Morelli, \u00ab&nbsp;<em>Principes \u00e9l\u00e9mentaires de propagande de guerre<\/em>\u00ab&nbsp;. Accessible et \u00e9clairant, ce livre devient un guide essentiel pour d\u00e9m\u00ealer les strat\u00e9gies utilis\u00e9es contre les peuples en temps de guerre. Un voyage n\u00e9cessaire pour quiconque souhaite comprendre les rouages de la manipulation m\u00e9diatique et politique dans les conflits modernes.<\/p>\n\n\n\n<figure class=\"wp-block-image\"><a href=\"https:\/\/i0.wp.com\/www.astrologie-mondiale.com\/wp-content\/uploads\/2022\/06\/image.jpeg?ssl=1\"><img decoding=\"async\" src=\"https:\/\/i0.wp.com\/www.astrologie-mondiale.com\/wp-content\/uploads\/2022\/06\/image.jpeg?resize=185%2C273&amp;ssl=1\" alt=\"\" class=\"wp-image-9737\"\/><\/a><\/figure>\n\n\n\n<p>Anne Morelli propose de regrouper les principes de la propagande de guerre en dix commandements facile \u00e0 retenir. Chacun de ces dix commandements constitue un chapitre de son livre.<\/p>\n\n\n\n<ol class=\"wp-block-list\">\n<li>Nous ne voulons pas la guerre.<\/li>\n\n\n\n<li>Le camp adverse est seul responsable de la guerre.<\/li>\n\n\n\n<li>L\u2019ennemi a le visage du diable.<\/li>\n\n\n\n<li>C\u2019est une cause noble que nous d\u00e9fendons et non des int\u00e9r\u00eats particuliers.<\/li>\n\n\n\n<li>L\u2019ennemi provoque sciemment des atrocit\u00e9s ; si nous commettons des bavures, c\u2019est involontairement.<\/li>\n\n\n\n<li>L\u2019ennemi utilise des armes non autoris\u00e9es.<\/li>\n\n\n\n<li>Nous subissons tr\u00e8s peu de pertes, les pertes de l\u2019ennemi sont \u00e9normes.<\/li>\n\n\n\n<li>Les artistes et intellectuels soutiennent notre cause.<\/li>\n\n\n\n<li>Notre cause a un caract\u00e8re sacr\u00e9.<\/li>\n\n\n\n<li>Ceux qui mettent en doute la propagande sont des tra\u00eetres.<\/li>\n<\/ol>\n\n\n\n<p>Chacun de ses commandements concerne toutes les guerres \u00e0 toutes les \u00e9poques.<\/p>\n\n\n\n<p>Ils ont pour objectif d\u2019amener la population au consentement de la guerre.<\/p>\n\n\n\n<p>J\u2019ai d\u00e9cid\u00e9 de modifier les \u00e9l\u00e9ments du livre d\u2019Anne Morelli en regroupant certains commandements dans un m\u00eame chapitre ou de diviser des commandements en deux \u00e9l\u00e9ments afin de mieux restituer le m\u00e9canisme psychologique dans la propagande de guerre. Nous avons les causes de la guerre (<strong>I<\/strong>), la diabolisation de l\u2019ennemi (<strong>II<\/strong>), les crimes de guerre (<strong>III<\/strong>), la mani\u00e8re de mener la guerre (<strong>IV<\/strong>) et le soutien \u00e0 la guerre (<strong>V<\/strong>).<\/p>\n\n\n\n<p>Il faut lire ses \u00e9l\u00e9ments au regard de la crise politique actuelle, sous sa forme sociale, comme le mouvement des gilets jaunes, sous sa forme m\u00e9dicale, avec la dictature sanitaire ou surtout sous sa forme militaire avec la guerre en Ukraine. Je propose cet article comme une sorte de bo\u00eete \u00e0 outils contre la propagande de guerre men\u00e9 tambour battant du matin au soir, sept jours sur sept et trois cent soixante-cinq jours par an. On ne peut lutter contre le diable qu\u2019en disant la v\u00e9rit\u00e9 et en utilisant les mots exacts pour le d\u00e9sarmer. Il devient un roi nu sans pouvoir.<\/p>\n\n\n\n<h2 class=\"wp-block-heading\"><strong><mark style=\"background-color:rgba(0, 0, 0, 0)\" class=\"has-inline-color has-vivid-red-color\">I. Les causes de la guerre.<\/mark><\/strong><\/h2>\n\n\n\n<p>J\u2019ai regroup\u00e9 les deux premiers commandements dans un seul chapitre, car ils constituent deux faces d\u2019un m\u00eame \u00e9l\u00e9ment. En psychologie, on parle d\u2019injonction paradoxale : je veux faire la paix (<strong>A<\/strong>), mais je suis contraint de faire la guerre en raison du comportement de mon adversaire (<strong>B<\/strong>). De m\u00eame, il faut justifier aupr\u00e8s de son opinion publique les causes de la guerre (<strong>C<\/strong>).<\/p>\n\n\n\n<h3 class=\"wp-block-heading\"><strong><mark style=\"background-color:rgba(0, 0, 0, 0)\" class=\"has-inline-color has-vivid-cyan-blue-color\">A. Nous voulons la paix.<\/mark><\/strong><\/h3>\n\n\n\n<blockquote class=\"wp-block-quote is-layout-flow wp-block-quote-is-layout-flow\">\n<p>\u00ab&nbsp;<em>Tous les pays, au moins dans l\u2019histoire moderne, avant de d\u00e9clarer la guerre ou au moment m\u00eame d\u2019effectuer cette d\u00e9claration, assuraient toujours solennellement en pr\u00e9liminaire qu\u2019ils ne voulaient pas la guerre. La guerre et son cort\u00e8ge d\u2019horreurs sont en effet rarement populaires a priori et il est donc de bon ton de se pr\u00e9senter comme \u00e9pris de paix.<\/em>&nbsp;\u00bb (<strong>Anne Morelli,&nbsp;<em>Principes \u00e9l\u00e9mentaires de propagande de guerre<\/em>, Editions aden, p. 11<\/strong>).<\/p>\n<\/blockquote>\n\n\n\n<p>L\u2019exemple arch\u00e9typique de l\u2019homme qui fait la guerre tout en proclamant \u00e0 qui veut l\u2019entendre qu\u2019il est un homme de paix, c\u2019est Adolf Hitler.<\/p>\n\n\n\n<p>Donnons en exemple, le discours d\u2019Adolf Hitler au \u00ab&nbsp;<em>sportpalast<\/em>&nbsp;\u00bb de Berlin du 26 septembre 1938. Il fut prononc\u00e9 au moment de la crise des Sud\u00e8tes. Il faudrait presque faire une analyse de l\u2019ensemble du discours, car celui-ci constitue un mod\u00e8le de propagande politique qui a \u00e9t\u00e9 maintes fois copi\u00e9 par la suite. H\u00e9las, par manque de place, je n\u2019\u00e9voquerais que les aspects qui concernent la propagande de guerre.<\/p>\n\n\n\n<figure class=\"wp-block-image\"><img loading=\"lazy\" decoding=\"async\" width=\"600\" height=\"316\" src=\"https:\/\/www.inconscient-collectif.com\/wp-content\/uploads\/2025\/06\/adbd2d03-b709-4354-83c7-0049bb9f8367-e1646390674721.jpg\" alt=\"Discours d\u2019Adolf Hitler au palais des sports de Berlin le 26 sept. 1938\" class=\"wp-image-360\" srcset=\"https:\/\/www.inconscient-collectif.com\/wp-content\/uploads\/2025\/06\/adbd2d03-b709-4354-83c7-0049bb9f8367-e1646390674721.jpg 600w, https:\/\/www.inconscient-collectif.com\/wp-content\/uploads\/2025\/06\/adbd2d03-b709-4354-83c7-0049bb9f8367-e1646390674721-300x158.jpg 300w, https:\/\/www.inconscient-collectif.com\/wp-content\/uploads\/2025\/06\/adbd2d03-b709-4354-83c7-0049bb9f8367-e1646390674721-390x205.jpg 390w\" sizes=\"auto, (max-width: 600px) 100vw, 600px\" \/><\/figure>\n\n\n\n<p>A deux moments de son discours Hitler, \u00e9voque ses intentions pacifiques :<\/p>\n\n\n\n<blockquote class=\"wp-block-quote is-layout-flow wp-block-quote-is-layout-flow\">\n<p>\u00ab&nbsp;<em>Si quelqu\u2019un subit pendant 20 ans une telle honte, une telle opprobre et un tel malheur comme&nbsp;&nbsp;nous l\u2019avons subi,&nbsp;<strong>on ne peut vraiment pas nier qu\u2019il soit pacifique<\/strong>. Si quelqu\u2019un a cette patience telle que nous l\u2019avons montr\u00e9e, on ne peut vraiment pas dire qu\u2019il soit belliqueux. Car apr\u00e8s tout, si M. B\u00e9n\u00e8s a 7 millions de Tch\u00e8ques, il y a ici un peuple de plus de 75 millions&nbsp;!&nbsp;<\/em>\u00ab&nbsp;<\/p>\n<\/blockquote>\n\n\n\n<blockquote class=\"wp-block-quote is-layout-flow wp-block-quote-is-layout-flow\">\n<p>\u00ab&nbsp;<em>J\u2019ai n\u2019ai pas grand chose \u00e0 rajouter, sinon que je suis reconnaissant \u00e0 M. Chamberlain pour tous ses efforts.&nbsp;<strong>Je lui ai assur\u00e9 que le peuple allemand ne voulait rien d\u2019autre que la paix<\/strong>&nbsp;; je lui ai aussi expliqu\u00e9 que je ne pouvais pas aller au-del\u00e0 des limites de notre patience.<\/em>\u00ab&nbsp;<\/p>\n<\/blockquote>\n\n\n\n<p>Nous reprendrons ce discours dans la suite des \u00e9l\u00e9ments de propagandes, lorsque cela sera n\u00e9cessaire.<\/p>\n\n\n\n<p>Autre discours majeur du chancelier allemand, celui devant le Reichstag, du 1<sup>er<\/sup>&nbsp;septembre 1939, apr\u00e8s l\u2019invasion de la Pologne. Il constitue r le mod\u00e8le m\u00eame du discours de propagande de guerre (plus encore que celui du \u00ab&nbsp;sportpalast&nbsp;\u00bb), en plus d\u2019\u00eatre un document historique majeur sur le nazisme et son m\u00e9canisme politique. Un autre \u00e9l\u00e9ment me frappe plus encore. Je ne suis pas un admirateur du III<sup>e<\/sup>&nbsp;Reich, je combats ses id\u00e9es et son r\u00e9gime. Cependant, il faut admettre que le texte est remarquablement bien \u00e9crit, surtout en comparaison de la m\u00e9diocrit\u00e9 de nos hommes politiques actuels. Je peux comprendre le pouvoir de s\u00e9duction que cet homme politique exer\u00e7a sur des millions d\u2019Allemands. La s\u00e9duction du diable est parfois terriblement efficace.<\/p>\n\n\n\n<p>Dans la structure du discours, nous retrouvons bien les deux \u00e9tapes du discours sur les causes de la guerre : d\u2019abord la proclamation de la paix, puis l\u2019obligation d\u2019entr\u00e9e en guerre \u00e0 cause de l\u2019ennemi.<\/p>\n\n\n\n<p>D\u00e8s le d\u00e9but, Adolf Hitler mart\u00e8le ses intentions pacifiques, en utilisant \u00e0 plusieurs reprises des mots comme \u00ab&nbsp;<em>paix<\/em>&nbsp;\u00bb (1), ou surtout \u00ab&nbsp;<em>pacifique<\/em>&nbsp;\u00bb (6).<\/p>\n\n\n\n<blockquote class=\"wp-block-quote is-layout-flow wp-block-quote-is-layout-flow\">\n<p>\u00ab&nbsp;<em><strong>Comme toujours, j\u2019ai tent\u00e9 de r\u00e9soudre cette insupportable situation par des propositions de r\u00e9vision pacifiques (1).<\/strong>&nbsp;Et&nbsp;<strong>c\u2019est mentir que d\u2019affirmer, comme ceux qui sont face \u00e0 nous, que nous nous limitons \u00e0 tenter d\u2019imposer nos r\u00e9visions par le contraire<\/strong>. Quinze ans, avant que le national-socialisme n\u2019arrive au pouvoir,&nbsp;<strong>on avait la possibilit\u00e9 d\u2019apporter ces r\u00e9visions gr\u00e2ce \u00e0 des accords pacifiques (2), gr\u00e2ce \u00e0 la compr\u00e9hension pacifique<\/strong>&nbsp;(2).<\/em>\u00ab&nbsp;<\/p>\n<\/blockquote>\n\n\n\n<blockquote class=\"wp-block-quote is-layout-flow wp-block-quote-is-layout-flow\">\n<p>\u00ab&nbsp;<em>Toutes ces propositions, comme vous le savez, ont \u00e9t\u00e9 rejet\u00e9es. Et il m\u2019est inutile de vous les \u00e9num\u00e9rer une par une : les propositions de restreindre l\u2019armement et, au besoin, de supprimer l\u2019armement, les propositions de limiter les op\u00e9rations de guerre, d\u2019abandonner certaines m\u00e9thodes militaires modernes, qui sont \u00e0 mes yeux difficilement conciliables avec le droit international. Vous connaissez les propositions que j\u2019ai d\u00e9pos\u00e9es sur la n\u00e9cessit\u00e9 de r\u00e9tablir la souverainet\u00e9 allemande du Reich. Vous connaissez&nbsp;<strong>mes tentatives incessantes de r\u00e9soudre pacifiquement (4) le probl\u00e8me de l\u2019Autriche<\/strong>&nbsp;et de parvenir \u00e0 un accord sur ce point,&nbsp;<strong>puis sur la question des Sud\u00e8tes, de la Boh\u00eame et de la Moravie<\/strong>. Et tout cela en vain.<\/em>\u00ab&nbsp;<\/p>\n<\/blockquote>\n\n\n\n<blockquote class=\"wp-block-quote is-layout-flow wp-block-quote-is-layout-flow\">\n<p>\u00ab&nbsp;<em>C\u2019est ainsi que, dans ce cas de Dantzig, du corridor, etc.,&nbsp;<strong>j\u2019ai essay\u00e9 avec des propositions pacifiques<\/strong>&nbsp;(5) de r\u00e9soudre le probl\u00e8me&nbsp;<strong>via&nbsp;une discussion pacifique<\/strong>&nbsp;(6).<\/em>\u00ab&nbsp;<\/p>\n<\/blockquote>\n\n\n\n<blockquote class=\"wp-block-quote is-layout-flow wp-block-quote-is-layout-flow\">\n<p>\u00ab&nbsp;<em><strong>Mon amour de la paix (1) et ma patience infinie ne doivent pas \u00eatre pris pour de la faiblesse ou m\u00eame de la couardise !&nbsp;<\/strong>J\u2019ai donc d\u00e9cid\u00e9 hier soir de faire savoir au gouvernement britannique que, dans ces conditions, je ne puis plus trouver aupr\u00e8s du gouvernement polonais aucune disposition \u00e0 entretenir avec nous un dialogue r\u00e9ellement s\u00e9rieux. Et cela acte l\u2019\u00e9chec des propositions de conciliation.<\/em>\u00ab&nbsp;<\/p>\n<\/blockquote>\n\n\n\n<p>Il faut s\u2019empresser de dire que les intentions pacifiques du F\u00fchrer ne sont pas de r\u00e9elle intention pacifique. C\u2019est justement ce qui fait de son discours un discours de propagande. Car de r\u00e9elles intentions de paix ne constitueraient pas une propagande. La propagande se distingue du discours \u00ab&nbsp;normal&nbsp;\u00bb par ses mensonges.<\/p>\n\n\n\n<p>Notons les mensonges d\u2019Adolf Hitler dans son discours, en les comparants \u00e0 la r\u00e9alit\u00e9 historique.<\/p>\n\n\n\n<p>Dans le discours du \u00ab&nbsp;sportpalast&nbsp;\u00bb voici ce qu\u2019il dit sur ses pr\u00e9tentions concernant les Sud\u00e8tes :<\/p>\n\n\n\n<blockquote class=\"wp-block-quote is-layout-flow wp-block-quote-is-layout-flow\">\n<p>\u00ab&nbsp;<em>J\u2019ai n\u2019ai pas grand chose \u00e0 rajouter, sinon que je suis reconnaissant \u00e0 M. Chamberlain pour tous ses efforts.<strong>&nbsp;Je lui ai assur\u00e9 que le peuple allemand ne voulait rien d\u2019autre que la paix<\/strong>&nbsp;; je lui ai aussi expliqu\u00e9 que je ne pouvais pas aller au-del\u00e0 des limites de notre patience.<\/em><br><em><strong>Je lui ai assur\u00e9 et je le r\u00e9p\u00e8te ici, qu\u2019une fois ce probl\u00e8me r\u00e9solu, il n\u2019y aura plus de probl\u00e8me territorial pour l\u2019Allemagne en Europe&nbsp;!<\/strong><\/em>\u00ab&nbsp;<\/p>\n<\/blockquote>\n\n\n\n<p>En 1938, Hitler d\u00e9clare qu\u2019il ne revendique que les Sud\u00e8tes, il n\u2019y aura plus aucune pr\u00e9tention territoriale en Europe.<\/p>\n\n\n\n<p>Nous savons tous, que cela est faux, puisqu\u2019il revendiquera ensuite d\u2019autres territoires :<\/p>\n\n\n\n<ul class=\"wp-block-list\">\n<li>Annexion du reste de la Tch\u00e9coslovaquie (mars 1939).<\/li>\n\n\n\n<li>Revendication du corridor de Dantzig \u00e0 la Pologne.<\/li>\n<\/ul>\n\n\n\n<p>Dans le discours du Reichstag du 1<sup>er<\/sup>&nbsp;septembre 1939, il commet plusieurs mensonges qui paraissent \u00e9normes encore aujourd\u2019hui.<\/p>\n\n\n\n<blockquote class=\"wp-block-quote is-layout-flow wp-block-quote-is-layout-flow\">\n<p>\u00ab&nbsp;<em>A quoi s\u2019attend-on encore de notre part ? Je l\u2019ai proclam\u00e9 solennellement, et je le r\u00e9p\u00e8te :&nbsp;<strong>nous n\u2019exigeons et n\u2019exigeront rien de ces pays occidentaux. J\u2019ai garanti que la fronti\u00e8re entre la France et l\u2019Allemagne \u00e9tait d\u00e9finitive.&nbsp;<\/strong>J\u2019ai propos\u00e9 \u00e0 plusieurs reprises une amiti\u00e9 \u00e0 l\u2019Angleterre et, si n\u00e9cessaire, la plus \u00e9troite des collaborations. Mais un amour ne peut pas \u00eatre l\u2019\u0153uvre d\u2019un c\u00f4t\u00e9 seulement. Il doit trouver une r\u00e9ponse aupr\u00e8s de l\u2019autre.<\/em><br><em><strong>L\u2019Allemagne n\u2019a pas d\u2019int\u00e9r\u00eats \u00e0 l\u2019Ouest.<\/strong>&nbsp;Notre&nbsp;Westwall&nbsp;est pour toujours la fronti\u00e8re du Reich vers l\u2019ouest. Nous n\u2019avons pas d\u2019ambitions sur ce point pour l\u2019avenir. La situation du Reich ne changera plus.<\/em>\u00ab&nbsp;<\/p>\n<\/blockquote>\n\n\n\n<p>L\u2019Allemagne n\u2019exige rien des pays occidentaux. Il n\u2019a aucune revendication territoriale \u00e0 l\u2019ouest. La fronti\u00e8re entre la France et l\u2019Allemagne est d\u00e9finitive. Et pourtant, Hitler attaquera la Hollande, la Belgique et la France, le 10 mai 1940.<\/p>\n\n\n\n<p>Autre mensonge concernant l\u2019URSS.<\/p>\n\n\n\n<blockquote class=\"wp-block-quote is-layout-flow wp-block-quote-is-layout-flow\">\n<p>\u00ab&nbsp;<em>Mais je suis heureux de vous annoncer ici un \u00e9v\u00e9nement particulier. Vous savez que la Russie et l\u2019Allemagne sont gouvern\u00e9es selon deux doctrines diff\u00e9rentes. Et un aspect des choses devait \u00eatre clarifi\u00e9 :&nbsp;<strong>l\u2019Allemagne n\u2019a pas l\u2019intention d\u2019exporter sa doctrine.<\/strong>&nbsp;Etant donn\u00e9 que l\u2019Union sovi\u00e9tique ne compte pas exporter sa doctrine pour l\u2019instant,&nbsp;<strong>je ne vois plus de raison \u00e0 ce que nous nous affrontions de nouveau.<\/strong>&nbsp;Et nous en avons parl\u00e9 tr\u00e8s clairement entre nous :&nbsp;<strong>tout combat nous opposant l\u2019un \u00e0 l\u2019autre n\u2019aurait aucun int\u00e9r\u00eat, sinon pour des tiers.<\/strong>&nbsp;Nous avons donc r\u00e9solu de conclure un pacte,&nbsp;<strong>qui exclut entre nous \u00e0 l\u2019avenir tout emploi de la force<\/strong>, qui nous oblige \u00e0 nous consulter dans certaines questions europ\u00e9ennes, qui nous permet d\u2019entretenir une coop\u00e9ration \u00e9conomique et, surtout, qui nous assure que ces deux grands pays puissants n\u2019utiliseront pas leur force l\u2019un contre l\u2019autre. Chaque tentative \u00e0 l\u2019Ouest d\u2019y changer quoi que ce soit, \u00e9chouera. Je souhaite proclamer en cet endroit, que cette d\u00e9cision politique repr\u00e9sente un important tournant pour l\u2019avenir et rev\u00eat un caract\u00e8re d\u00e9finitif.<\/em><\/p>\n\n\n\n<p><em>Je pense que l\u2019ensemble du peuple allemand accueillera de mani\u00e8re favorable cette attitude politique. En effet, la Russie et l\u2019Allemagne se sont combattues durant la guerre mondiale et, au final, elles en souffrirent toutes deux. Et cela ne peut avoir lieu une nouvelle fois.<\/em><\/p>\n\n\n\n<p><em>Le pacte de non-agression et de consultation, qui est entr\u00e9 en vigueur le jour m\u00eame de la signature, a franchi hier le plus haut degr\u00e9 de ratification, \u00e0 Moscou comme \u00e0 Berlin. Et \u00e0 Moscou, le pacte fut accueilli avec un enthousiasme pareil au v\u00f4tre ici. Et je rejoins mot pour mot M. Molotov, le commissaire russe aux Affaires \u00e9trang\u00e8res, dans l\u2019allocution qu\u2019il a tenue.<\/em>\u00ab&nbsp;<\/p>\n<\/blockquote>\n\n\n\n<p>Le F\u00fchrer promet de ne pas attaquer l\u2019Union sovi\u00e9tique ou d\u2019exporter son id\u00e9ologie (ne rigolez pas). Encore un mensonge puisque l\u2019Allemagne attaquera l\u2019URSS, le 22 juin 1941.<\/p>\n\n\n\n<p>On retrouve le m\u00eame processus avec la guerre en Ukraine. Dans le cas russe comme dans le camp occidental.<\/p>\n\n\n\n<p>Vladimir Poutine parle de paix dans les deux grands discours qu\u2019il a prononc\u00e9s concernant son entr\u00e9e en guerre contre l\u2019Ukraine. Il \u00e9voque la question de mani\u00e8re tr\u00e8s diff\u00e9rente d\u2019un Hitler.<\/p>\n\n\n\n<p>Le 21 f\u00e9vrier 2022, le pr\u00e9sident russe annonce la reconnaissance de l\u2019ind\u00e9pendance des r\u00e9publiques du Donbass. Le document tr\u00e8s long constitue un document historique majeur d\u2019une importance exceptionnelle. Il restera sans aucun doute dans l\u2019histoire pour les g\u00e9n\u00e9rations futures. Peut-\u00eatre s\u2019agira-t-il du testament politique de Vladimir Poutine, tant les propos sont politique. Il doit \u00eatre lu et relu le stylo \u00e0 la main et le petit cahier \u00e0 spirale sur les genoux pour noter les \u00e9l\u00e9ments les plus importants.<\/p>\n\n\n\n<p>Vladimir Poutine ne se pr\u00e9sente pas comme voulant la paix en Europe. Il n\u2019en parle pas. Lorsqu\u2019il utilise le mot \u00ab&nbsp;paix&nbsp;\u00bb, c\u2019est pour parler de l\u2019OTAN et de l\u2019occident. Il le fait pour d\u00e9noncer le discours de propagande de ses adversaires. J\u2019ai envie de dire, m\u00e9fiez-vous des gens qui vous parle de paix, tout en ayant un comportement martial. Ce sont souvent les pires.<\/p>\n\n\n\n<blockquote class=\"wp-block-quote is-layout-flow wp-block-quote-is-layout-flow\">\n<p>\u00ab&nbsp;<em><strong>Pourtant, on ne cesse d\u2019essayer de nous convaincre que l\u2019OTAN est une alliance pacifique et purement d\u00e9fensive.<\/strong>&nbsp;Selon eux, il n\u2019y a pas de menaces pour la Russie. Une fois de plus, ils nous sugg\u00e8rent de les croire sur parole. Mais nous connaissons le prix r\u00e9el de telles paroles. En 1990, lorsque la question de l\u2019unification allemande a \u00e9t\u00e9 discut\u00e9e, les dirigeants sovi\u00e9tiques ont re\u00e7u des \u00c9tats-Unis la promesse qu\u2019il n\u2019y aurait pas d\u2019extension, ne serait-ce que d\u2019un pouce, de la juridiction ou de la pr\u00e9sence militaire de l\u2019OTAN vers l\u2019Est. Et que l\u2019unification allemande ne conduirait pas \u00e0 une extension de l\u2019organisation militaire de l\u2019OTAN vers l\u2019Est.<\/em><\/p>\n\n\n\n<p><em>Ils parlaient et nous donnaient des assurances verbales, mais&nbsp;<strong>tout cela n\u2019\u00e9tait qu\u2019un bruit vide<\/strong>. Plus tard, on nous a assur\u00e9 que l\u2019adh\u00e9sion \u00e0 l\u2019OTAN des pays d\u2019Europe centrale et orientale ne ferait qu\u2019am\u00e9liorer les relations avec Moscou, soulagerait ces pays des craintes n\u00e9es d\u2019un h\u00e9ritage historique difficile et m\u00eame cr\u00e9erait une ceinture d\u2019\u00c9tats favorables \u00e0 la Russie.<\/em><\/p>\n\n\n\n<p><em><strong>Il s\u2019est av\u00e9r\u00e9 que c\u2019est exactement le contraire qui s\u2019est pass\u00e9<\/strong>. Les autorit\u00e9s de certains pays d\u2019Europe de l\u2019Est, colportant la russophobie, ont apport\u00e9 \u00e0 l\u2019Alliance leurs complexes et leurs st\u00e9r\u00e9otypes sur la menace russe et ont insist\u00e9 sur le renforcement des capacit\u00e9s de d\u00e9fense collective devant \u00eatre principalement d\u00e9ployer contre la Russie.&nbsp;<strong>Et cela s\u2019est produit dans les ann\u00e9es 1990 et au d\u00e9but des ann\u00e9es 2000, lorsque, gr\u00e2ce \u00e0 notre ouverture et \u00e0 notre bonne volont\u00e9, les relations entre la Russie et l\u2019Occident \u00e9taient \u00e0 un niveau \u00e9lev\u00e9.<\/strong><\/em><\/p>\n\n\n\n<p><em>La Russie a rempli toutes ses obligations, y compris le retrait des troupes d\u2019Allemagne et des \u00c9tats d\u2019Europe centrale et orientale, contribuant ainsi largement \u00e0 surmonter l\u2019h\u00e9ritage de la guerre froide. Nous avons toujours propos\u00e9 diverses options de coop\u00e9ration, notamment dans le cadre du Conseil OTAN-Russie et de l\u2019OSCE.<\/em>\u00ab&nbsp;<\/p>\n<\/blockquote>\n\n\n\n<p>Poutine d\u00e9nonce le discours \u00ab&nbsp;pacifiste&nbsp;\u00bb de l\u2019OTAN. L\u2019organisation se pr\u00e9sente \u00e0 la Russie et au monde comme \u00ab&nbsp;<em>purement d\u00e9fensive<\/em>\u00ab&nbsp;. Elle ne menacerait pas la Russie. C\u2019est exactement le discours d\u2019Hitler en 1938, puis en 1939 vis-\u00e0-vis de l\u2019Europe de l\u2019Ouest ou de l\u2019URSS. Discours d\u2019Hitler que reprend \u00e0 son compte l\u2019OTAN.<\/p>\n\n\n\n<p>Or, dit-il, ces promesses sont un \u00ab&nbsp;bruit vide&nbsp;\u00bb. L\u2019OTAN a fait le contraire.<\/p>\n\n\n\n<p>Poutine entre en guerre, mais ne se pr\u00e9sente pas comme un homme de paix. Il ne respect pas le premier commandement. Au contraire, il accuse son adversaire de parler de paix, mais d\u2019agir comme pr\u00e9parant la guerre. Il d\u00e9nonce le double discours de l\u2019OTAN.<\/p>\n\n\n\n<p>Autre discours, celui du 24 f\u00e9vrier 2022 fut prononc\u00e9 par le Pr\u00e9sident Poutine au moment de l\u2019entr\u00e9e en guerre de son pays contre l\u2019Ukraine. Le texte de Poutine, aussi remarquable au niveau des id\u00e9es politiques que celui du 21 f\u00e9vrier constituera lui aussi pour les g\u00e9n\u00e9rations futures un guide indispensable pour la reconstruction du monde, car il soul\u00e8ve un certain nombre d\u2019\u00e9l\u00e9ments qui vont au-del\u00e0 de la simple guerre en Ukraine.<\/p>\n\n\n\n<p>Dans ce discours, Vladimir Poutine \u00e9voque clairement ses intentions pacifiques.<\/p>\n\n\n\n<blockquote class=\"wp-block-quote is-layout-flow wp-block-quote-is-layout-flow\">\n<p>\u00ab&nbsp;<em>Dans ce contexte, revenons sur la situation \u00e0 Donbass. Nous constatons que les forces qui ont r\u00e9alis\u00e9 un coup d\u2019\u00c9tat en Ukraine en 2014, se sont empar\u00e9es du pouvoir et l\u2019ont conserv\u00e9 au moyen de proc\u00e9dures \u00e9lectorales essentiellement d\u00e9coratives,&nbsp;<strong>ont d\u00e9finitivement refus\u00e9 de r\u00e9soudre le conflit de mani\u00e8re pacifique<\/strong>.&nbsp;<strong>Pendant huit ans, huit infiniment longues ann\u00e9es, nous avons tout fait pour que la situation soit r\u00e9solue par des moyens pacifiques et politiques. En vain<\/strong>.<\/em>\u00ab&nbsp;<\/p>\n<\/blockquote>\n\n\n\n<p>Il accuse l\u2019Ukraine d\u2019avoir refus\u00e9 de r\u00e9soudre la guerre du Donbass de mani\u00e8re pacifique.<\/p>\n\n\n\n<p>Notons la mani\u00e8re dont il qualifie le processus \u00e9lectoral en Ukraine et donc en occident. Ce sont des \u00ab&nbsp;<em>proc\u00e9dures \u00e9lectorales, essentiellement d\u00e9corative<\/em>s&nbsp;\u00bb. Je ne r\u00e9siste pas au plaisir de citer cette expression qui me fait sourire, tant le propos est juste. Certains ont beaucoup de mal \u00e0 comprendre que nos scrutins sont truqu\u00e9s par nature et ne peuvent jamais permettre de faire \u00e9merger l\u2019opinion du corps \u00e9lectoral.<\/p>\n\n\n\n<p>Le discours de propagande est bien s\u00fbr r\u00e9versible. Il s\u2019applique \u00e9galement \u00e0 l\u2019occident qui tente de pr\u00e9senter Volodymyr Zelensky comme un homme de paix. Ils iront m\u00eame jusqu\u2019\u00e0 le proposer comme candidat au prix Nobel de la paix. Un titre \u00ab&nbsp;essentiellement d\u00e9coratif&nbsp;\u00bb pour parler comme le pr\u00e9sident russe.<\/p>\n\n\n\n<figure class=\"wp-block-image\"><a href=\"https:\/\/i0.wp.com\/www.astrologie-mondiale.com\/wp-content\/uploads\/2022\/04\/image-2.png?ssl=1\"><img decoding=\"async\" src=\"https:\/\/i0.wp.com\/www.astrologie-mondiale.com\/wp-content\/uploads\/2022\/04\/image-2.png?resize=521%2C581&amp;ssl=1\" alt=\"\" class=\"wp-image-9540\"\/><\/a><\/figure>\n\n\n\n<h3 class=\"wp-block-heading\"><strong><mark style=\"background-color:rgba(0, 0, 0, 0)\" class=\"has-inline-color has-vivid-cyan-blue-color\">B. L\u2019ennemi veut la guerre.<\/mark><\/strong><\/h3>\n\n\n\n<blockquote class=\"wp-block-quote is-layout-flow wp-block-quote-is-layout-flow\">\n<p>\u00ab&nbsp;<em>Nous avons \u00e9t\u00e9 contraints de faire la guerre, le camp adverse a commenc\u00e9, nous sommes oblig\u00e9s de r\u00e9agir, en \u00e9tat de l\u00e9gitime d\u00e9fense ou pour honorer nos engagements internationaux.<\/em>&nbsp;\u00bb (<strong>Anne Morelli,&nbsp;<em>Principes \u00e9l\u00e9mentaires de propagande de guerre<\/em>, Editions aden, p. 17<\/strong>).<\/p>\n<\/blockquote>\n\n\n\n<blockquote class=\"wp-block-quote is-layout-flow wp-block-quote-is-layout-flow\">\n<p>\u00ab&nbsp;<em>Chaque camp assurait avoir \u00e9t\u00e9 contraint de d\u00e9clarer la guerre pour emp\u00eacher l\u2019autre de mettre \u00e0 feu et \u00e0 sang.<\/em>&nbsp;\u00bb (<strong>Anne Morelli,&nbsp;<em>Principes \u00e9l\u00e9mentaires de propagande de guerre<\/em>, Editions aden, p. 19<\/strong>).<\/p>\n<\/blockquote>\n\n\n\n<p>L\u2019ennemi est accus\u00e9 d\u2019\u00eatre le seul responsable de la guerre. On charge le mulet de tous les maux. C\u2019est le principe de la propagande de guerre. C\u2019est le premier principe de la politique selon Karl Schmitt. Il faut antagoniser le conflit afin de mobiliser la population de son camp contre un ennemi commun.<\/p>\n\n\n\n<p>On retrouve cette position dans le discours d\u2019Hitler du 1<sup>er<\/sup>&nbsp;septembre 1939 afin de justifier l\u2019attaque contre la Pologne. Le F\u00fchrer accuse la Pologne d\u2019avoir rejet\u00e9 ses propositions de paix.<\/p>\n\n\n\n<blockquote class=\"wp-block-quote is-layout-flow wp-block-quote-is-layout-flow\">\n<p>\u00ab&nbsp;<em><strong>Ces propositions ont \u00e9t\u00e9 rejet\u00e9es.<\/strong>&nbsp;Et ce n\u2019est pas tout : les r\u00e9actions qu\u2019elles provoqu\u00e8rent furent d\u2019abord des mobilisations, et ensuite&nbsp;<strong>une terreur renforc\u00e9e<\/strong>, avec une pression accrue sur les Allemands de ces r\u00e9gions et une lente lutte d\u2019\u00e9touffement contre la ville libre de Dantzig sur le plan \u00e9conomique, douanier, et finalement au cours des derni\u00e8res semaines, aussi sur le plan militaire et des transports.<\/em><\/p>\n\n\n\n<p><em><strong>La Pologne a dirig\u00e9 son combat contre la ville libre de Dantzig. Mais elle n\u2019\u00e9tait pas dispos\u00e9e \u00e0 r\u00e9gler la question du corridor d\u2019une mani\u00e8re \u00e9quitable<\/strong>&nbsp;et qui aurait rencontr\u00e9 les deux int\u00e9r\u00eats. Et, finalement, elle n\u2019a pas pens\u00e9 \u00e0 remplir ses engagements vis-\u00e0-vis des minorit\u00e9s.<\/em><\/p>\n\n\n\n<p>(\u2026)<\/p>\n\n\n\n<p><em>Depuis quatre mois, j\u2019ai assist\u00e9 \u00e0 cette \u00e9volution avec calme, mais non sans adresser continuellement des avertissements. Ces derniers temps, j\u2019ai renforc\u00e9 ces avertissements. Voici plus de trois semaines,&nbsp;<strong>j\u2019ai fait savoir \u00e0 l\u2019ambassadeur polonais que si la Pologne envoyait de nouveaux ultimatums \u00e0 Dantzig, si de nouvelles mesures d\u2019oppression \u00e9taient prises \u00e0 l\u2019encontre de tout ce qui est allemand sur place, si la Pologne essayait d\u2019an\u00e9antir Dantzig \u00e9conomiquement par des mesures douani\u00e8res, l\u2019Allemagne ne resterait plus longtemps inactive !&nbsp;<\/strong>Et je n\u2019ai laiss\u00e9 subsister aucun doute sur le fait qu\u2019\u00e0 cet \u00e9gard, il ne fallait pas confondre l\u2019Allemagne d\u2019aujourd\u2019hui et celle qui existait avant nous. On a essay\u00e9 d\u2019excuser l\u2019attitude envers les Allemands par le fait que les Allemands de l\u00e0-bas se seraient rendus coupables de provocations. J\u2019ignore en quoi peuvent consister les provocations des enfants ou des femmes que l\u2019on maltraite, que l\u2019on d\u00e9porte, j\u2019ignore de m\u00eame en quoi sont cens\u00e9es avoir consister les provocations de ceux que, d\u2019une mani\u00e8re bestiale et sadique, on a soit maltrait\u00e9s, soit tu\u00e9s. Je l\u2019ignore. Mais il y a une chose que je sais : c\u2019est qu\u2019aucune grande puissance qui a un tant soit peu d\u2019honneur ne resterait longtemps passive face \u00e0 de tels faits !<\/em><\/p>\n\n\n\n<p><em>J\u2019ai encore essay\u00e9 une derni\u00e8re fois (bien que, je l\u2019avoue, j\u2019\u00e9tait intimement convaincu, que face au gouvernement polonais et puisqu\u2019il d\u00e9pend d\u2019une soldatesque sauvage et d\u00e9cha\u00een\u00e9e, un r\u00e9el accord n\u2019\u00e9tait pas s\u00e9rieux), j\u2019ai essay\u00e9 une derni\u00e8re fois d\u2019accepter une proposition de conciliation \u00e9manant du gouvernement britannique. Celui-ci proposait non pas de diriger lui-m\u00eame les n\u00e9gociations, mais il proposait de faire office d\u2019interm\u00e9diaire entre la Pologne et l\u2019Allemagne afin, de cette mani\u00e8re, de participer une nouvelle fois aux pourparlers.<\/em><\/p>\n\n\n\n<p><em>Je dois insister sur un point : j\u2019ai accept\u00e9 cette proposition. J\u2019ai mis en place les bases n\u00e9cessaires \u00e0 ces discussions, vous les connaissez. R\u00e9uni avec mon gouvernement, j\u2019ai attendu durant deux journ\u00e9es enti\u00e8res pour voir si le gouvernement polonais allait ou non daigner nous envoyer un d\u00e9l\u00e9gu\u00e9. Hier soir, il ne nous a pas envoy\u00e9 un d\u00e9l\u00e9gu\u00e9, mais fait savoir par son ambassadeur qu\u2019il r\u00e9fl\u00e9chissait pour voir si et dans quelle mesure il lui \u00e9tait possible de donner suite \u00e0 la proposition anglaise et qu\u2019il communiquerait sa r\u00e9ponse \u00e0 l\u2019Angleterre.<\/em><\/p>\n\n\n\n<p><em>Messieurs les d\u00e9put\u00e9s ! Si l\u2019on pouvait se comporter de la sorte envers le Reich allemand et son chef d\u2019Etat ; si le Reich allemand et son chef d\u2019Etat l\u2019acceptaient, la nation allemande ne m\u00e9riterait rien d\u2019autre que de se retirer de la sc\u00e8ne politique. Et l\u00e0, on s\u2019est fondamentalement tromp\u00e9 sur mon compte ! Mon amour de la paix et ma patience infinie ne doivent pas \u00eatre pris pour de la faiblesse ou m\u00eame de la couardise ! J\u2019ai donc d\u00e9cid\u00e9 hier soir de faire savoir au gouvernement britannique que, dans ces conditions, je ne puis plus trouver aupr\u00e8s du gouvernement polonais aucune disposition \u00e0 entretenir avec nous un dialogue r\u00e9ellement s\u00e9rieux. Et cela acte l\u2019\u00e9chec des propositions de conciliation. En effet, dans l\u2019intervalle,&nbsp;<strong>la premi\u00e8re r\u00e9ponse donn\u00e9e \u00e0 cette offre de conciliation fut la mobilisation g\u00e9n\u00e9rale de la Pologne<\/strong>, suivie de nouveaux actes de cruaut\u00e9. Et ces faits se sont \u00e0 nouveau r\u00e9p\u00e9t\u00e9s cette nuit.&nbsp;<strong>Apr\u00e8s de r\u00e9cents incidents de fronti\u00e8re qui ont lieu en l\u2019espace d\u2019une seule nuit, il y en a eu cette nuit quatorze, dont trois d\u2019une grande ampleur<\/strong>.<\/em><\/p>\n\n\n\n<p><em>J\u2019ai donc \u00e0 pr\u00e9sent d\u00e9cid\u00e9 de parler \u00e0 la Pologne en employant la m\u00eame langue que celle qu\u2019elle utilise face \u00e0 nous depuis des mois !<\/em><br><em>Si des chefs d\u2019Etat occidentaux d\u00e9clarent \u00e0 pr\u00e9sent que cela affecte leurs int\u00e9r\u00eats, je ne peux que le regretter. Mais une telle d\u00e9claration ne me ferait pas h\u00e9siter une seconde sur l\u2019accomplissement de mon devoir.<\/em><\/p>\n<\/blockquote>\n\n\n\n<p>Dans cet extrait, on observe bien le contraste entre la volont\u00e9 de paix d\u2019un Hitler et les provocations polonaises. Il s\u2019agit d\u2019une m\u00e9thode de propagande grossi\u00e8re utilis\u00e9e massivement par tous les gouvernements afin de justifier une guerre.<\/p>\n\n\n\n<p>Alors que le chancelier du Reich fait des propositions de paix (selon lui), la Pologne pr\u00e9pare la guerre en mobilisant son arm\u00e9e et en cr\u00e9ant des incidents militaires \u00e0 la fronti\u00e8re de l\u2019Allemagne. Ce discours est un mod\u00e8le du genre.<\/p>\n\n\n\n<blockquote class=\"wp-block-quote is-layout-flow wp-block-quote-is-layout-flow\">\n<p>\u00ab&nbsp;<em><strong>Cette nuit, la Pologne a aussi tir\u00e9 avec des soldats r\u00e9guliers, pour la premi\u00e8re fois, sur notre territoire. Depuis 5h45 des tirs de riposte ont lieu !&nbsp;<\/strong>Et d\u00e8s \u00e0 pr\u00e9sent, nous r\u00e9pondons \u00e0 chaque bombe par une autre bombe. Ceux qui luttent avec du poison sont combattus de la m\u00eame mani\u00e8re. Celui qui s\u2019\u00e9loigne lui-m\u00eame des r\u00e8gles d\u2019une guerre humaine peut s\u2019attendre \u00e0 ce que, de notre c\u00f4t\u00e9, nous franchissions le m\u00eame pas. Je continuerai \u00e0 mener ce combat contre lui, jusqu\u2019\u00e0 ce que la s\u00e9curit\u00e9 du Reich soit assur\u00e9e et ses droits garantis.<\/em><\/p>\n<\/blockquote>\n\n\n\n<p>Ce m\u00e9canisme psychologique est utilis\u00e9 par tous les hommes politiques quelle que soit la nature du r\u00e9gime politique. M\u00eame Vladimir Poutine va invoquer les provocations de l\u2019OTAN dans son discours du 24 f\u00e9vrier 2022 pour justifier son attaque contre l\u2019Ukraine.<\/p>\n\n\n\n<blockquote class=\"wp-block-quote is-layout-flow wp-block-quote-is-layout-flow\">\n<p>\u00ab&nbsp;<em>Je commencerai par ce que j\u2019ai dit dans mon discours du 21 f\u00e9vrier de cette ann\u00e9e. Je parle de quelque chose qui nous pr\u00e9occupe particuli\u00e8rement, des menaces fondamentales qui,&nbsp;<strong>d\u2019ann\u00e9es en ann\u00e9es, \u00e9tape par \u00e9tape, sont cr\u00e9\u00e9es de mani\u00e8re flagrante et sans c\u00e9r\u00e9monie, ann\u00e9e apr\u00e8s ann\u00e9e, par des politiciens irresponsables de l\u2019Ouest contre notre pays. Je fais r\u00e9f\u00e9rence \u00e0 l\u2019expansion du bloc de l\u2019OTAN vers l\u2019Est, qui rapproche son infrastructure militaire des fronti\u00e8res de la Russie.<\/strong><\/em><\/p>\n\n\n\n<p><em>Il est bien connu que, depuis 30 ans, nous essayons avec constance et patience de parvenir \u00e0 un accord avec les principaux pays de l\u2019OTAN sur les principes d\u2019une s\u00e9curit\u00e9 \u00e9gale et indivisible en Europe. En r\u00e9ponse \u00e0 nos propositions, nous nous sommes constamment heurt\u00e9s soit \u00e0 des tromperies et \u00e0 des mensonges cyniques, soit \u00e0 des tentatives de pression et de chantage, alors que&nbsp;<strong>dans le m\u00eame, l\u2019Alliance de l\u2019Atlantique Nord, malgr\u00e9 toutes nos protestations et nos pr\u00e9occupations, ne cesse de s\u2019\u00e9tendre. La machine de guerre est en marche et, je le r\u00e9p\u00e8te, s\u2019approche au plus pr\u00e8s de nos fronti\u00e8res.<\/strong><\/em><\/p>\n\n\n\n<p>(\u2026)<\/p>\n\n\n\n<p><em>Cela inclut la promesse faite \u00e0 notre pays de ne pas \u00e9tendre l\u2019OTAN d\u2019un pouce vers l\u2019Est. Une fois encore,&nbsp;<strong>ils nous ont tromp\u00e9 ou, dans le langage populaire, tout simplement arnaqu\u00e9.<\/strong>&nbsp;Oui, on entend souvent dire que la politique est un sale m\u00e9tier. Peut-\u00eatre, mais pas aussi sale que cela, pas \u00e0 ce point quand m\u00eame. Apr\u00e8s tout, un tel comportement de pipeur de d\u00e9s est non seulement contraire aux principes des relations internationales, mais surtout aux normes de moralit\u00e9 et d\u2019\u00e9thique g\u00e9n\u00e9ralement accept\u00e9es. O\u00f9 sont la justice et la v\u00e9rit\u00e9 ici ? Rien que des mensonges et de l\u2019hypocrisie.<\/em><br><em>D\u2019ailleurs, les politiciens, les analystes politiques et les journalistes am\u00e9ricains eux-m\u00eames \u00e9crivent et disent que ces derni\u00e8res ann\u00e9es&nbsp;<strong>qu\u2019un v\u00e9ritable \u00ab&nbsp;Empire du mensonge&nbsp;\u00bb a \u00e9t\u00e9 cr\u00e9\u00e9 aux des \u00c9tats-Unis.<\/strong>&nbsp;Il est difficile de ne pas \u00eatre d\u2019accord avec cela \u2013 c\u2019est vrai. Mais, disons-le : les \u00c9tats-Unis restent quand m\u00eame un grand pays, une puissance \u00e0 la base d\u2019un syst\u00e8me. Tous ses satellites ne se contentent pas de l\u2019approuver docilement, d\u2019acquiescer, de reprendre en c\u0153ur ses positions \u00e0 chaque occasion, mais aussi de copier son comportement et acceptent avec enthousiasme les r\u00e8gles qu\u2019ils leur proposent. Avec raison, on peut dire avec certitude que l\u2019ensemble du soi-disant bloc occidental, form\u00e9 par les \u00c9tats-Unis \u00e0 son image et \u00e0 sa ressemblance, est ce m\u00eame \u00ab&nbsp;Empire du mensonge&nbsp;\u00bb.<\/em><\/p>\n<\/blockquote>\n\n\n\n<p>Le pr\u00e9sident russe vise l\u2019OTAN et l\u2019Union europ\u00e9enne. Il a tr\u00e8s bien compris qui \u00e9taient ses adversaires. Il accuse l\u2019OTAN de s\u2019approcher militairement de ses fronti\u00e8res et d\u2019\u00eatre contraint de contre-attaquer pour se d\u00e9fendre. Il accuse les Am\u00e9ricains et leurs alli\u00e9s d\u2019\u00eatre \u00ab&nbsp;l\u2019empire du mensonge&nbsp;\u00bb. Une autre expression culte qui marquera l\u2019histoire, j\u2019en prend les paris.<\/p>\n\n\n\n<blockquote class=\"wp-block-quote is-layout-flow wp-block-quote-is-layout-flow\">\n<p>\u00ab&nbsp;<em>Dans ce contexte, revenons sur la situation \u00e0 Donbass. Nous constatons que les forces qui ont r\u00e9alis\u00e9 un coup d\u2019\u00c9tat en Ukraine en 2014, se sont empar\u00e9es du pouvoir et l\u2019ont conserv\u00e9 au moyen de proc\u00e9dures \u00e9lectorales essentiellement d\u00e9coratives, ont d\u00e9finitivement refus\u00e9 de r\u00e9soudre le conflit de mani\u00e8re pacifique. Pendant huit ans, huit infiniment longues ann\u00e9es, nous avons tout fait pour que la situation soit r\u00e9solue par des moyens pacifiques et politiques. En vain.<\/em>\u00ab&nbsp;<\/p>\n<\/blockquote>\n\n\n\n<p>Concernant l\u2019Ukraine, Vladimir Poutine d\u00e9nonce le coup d\u2019Etat de 2014 qui a instaur\u00e9 un r\u00e9gime n\u00e9o-nazi. Ce r\u00e9gime, instaur\u00e9 en 2014, ne pourra pas \u00eatre renvers\u00e9 par des \u00e9lections truqu\u00e9es. Le pouvoir ukrainien a refus\u00e9 toutes les propositions de paix.<\/p>\n\n\n\n<p>Dans le camp Otano-ukrainien, c\u2019est l\u2019inverse. On accuse la Russie d\u2019\u00eatre responsable de la guerre.<\/p>\n\n\n\n<p>Pour les nationalistes ukrainiens, c\u2019est le russe qui est accus\u00e9 de tous les maux.<\/p>\n\n\n\n<figure class=\"wp-block-image\"><a href=\"https:\/\/i0.wp.com\/www.astrologie-mondiale.com\/wp-content\/uploads\/2022\/06\/image-10.png?ssl=1\"><img decoding=\"async\" src=\"https:\/\/i0.wp.com\/www.astrologie-mondiale.com\/wp-content\/uploads\/2022\/06\/image-10.png?resize=730%2C578&amp;ssl=1\" alt=\"\" class=\"wp-image-9702\"\/><\/a><\/figure>\n\n\n\n<p>La guerre n\u2019a pas brutalement commenc\u00e9, en f\u00e9vrier 2022. Un conflit arm\u00e9 existait depuis huit ans dans le Donbass. L\u2019arm\u00e9e ukrainienne attaque le Donbass depuis cette p\u00e9riode et a provoqu\u00e9 plus de quinze mille morts. Si nos m\u00e9dias faisaient correctement leurs boulots, ils devraient dire que l\u2019Ukraine est l\u2019agresseur et la Russie est venue d\u00e9fendre sa population dans le Donbass. Il y a une inversion des faits, l\u2019agress\u00e9 devient l\u2019agresseur. Effectivement, l\u2019occident est devenu l\u2019empire du mensonge. Et le prince du mensonge, c\u2019est Lucifer. Sans doute pour cela, que presque toutes nos \u00e9lites sont satanistes. Nous en reparlerons plus loin.<\/p>\n\n\n\n<h3 class=\"wp-block-heading\"><mark style=\"background-color:rgba(0, 0, 0, 0)\" class=\"has-inline-color has-vivid-cyan-blue-color\">C<strong>. Une cause noble.<\/strong><\/mark><\/h3>\n\n\n\n<blockquote class=\"wp-block-quote is-layout-flow wp-block-quote-is-layout-flow\">\n<p>\u00ab&nbsp;<em>La guerre a g\u00e9n\u00e9ralement pour mobile la volont\u00e9 de domination g\u00e9opolitique, accompagn\u00e9e de motivations \u00e9conomiques.<\/em><\/p>\n\n\n\n<p><em>Mais les mobiles de la guerre sont inavouables \u00e0 l\u2019opinion publiques.<\/em><\/p>\n\n\n\n<p>(\u2026)<\/p>\n\n\n\n<p><em>La propagande devra donc s\u2019efforcer de cacher certains mobiles et de faire croire \u00e0 d\u2019autres.<\/em>&nbsp;\u00bb (<strong>Anne Morelli,&nbsp;<em>Principes \u00e9l\u00e9mentaires de propagande de guerre<\/em>, Editions aden, p. 55<\/strong>).<\/p>\n<\/blockquote>\n\n\n\n<p>Anne Morelli distingue les mobiles avou\u00e9s et les mobiles inavouables. Les mobiles avouables sont ceux qui sont avanc\u00e9s par le gouvernement qui s\u2019engage dans une guerre. Les mobiles inavouables sont ceux qui ne sont pas donn\u00e9s par le pouvoir politique. On ne peut les deviner que par l\u2019analyse \u00e9conomique ou g\u00e9opolitique. Je n\u2019en parlerais pas ici, cela ne rel\u00e8ve pas de la propagande de guerre. Je ferais un article sp\u00e9cifique sur ce sujet tr\u00e8s important.<\/p>\n\n\n\n<p>Anne Morelli donne trois motifs de guerre qui sont presque toujours utilis\u00e9 dans les guerres modernes.<\/p>\n\n\n\n<blockquote class=\"wp-block-quote is-layout-flow wp-block-quote-is-layout-flow\">\n<p>\u00ab&nbsp;<em>Officiellement du c\u00f4t\u00e9 Alli\u00e9s, les buts de la guerre se r\u00e9sumaient en trois points :<\/em><\/p>\n\n\n\n<p><em>\u2013 \u00e9craser le militarisme ;<\/em><\/p>\n\n\n\n<p><em>\u2013 d\u00e9fendre les petites nations ;<\/em><\/p>\n\n\n\n<p><em>\u2013 pr\u00e9parer le monde \u00e0 la d\u00e9mocratie.<\/em><\/p>\n\n\n\n<p><em>Ces objectifs, tr\u00e8s honorables, sont depuis recopi\u00e9s,quasi textuellement, \u00e0 la veille de chaque conflit.<\/em>&nbsp;\u00bb (<strong>Anne Morelli,&nbsp;<em>Principes \u00e9l\u00e9mentaires de propagande de guerre<\/em>, Editions aden, p. 58<\/strong>).<\/p>\n<\/blockquote>\n\n\n\n<p>Les trois mobiles de guerre sont :<\/p>\n\n\n\n<ul class=\"wp-block-list\">\n<li>Mettre fin au militarisme de l\u2019ennemi.<\/li>\n\n\n\n<li>D\u00e9fendre une petite nation.<\/li>\n\n\n\n<li>D\u00e9fendre la d\u00e9mocratie.<\/li>\n<\/ul>\n\n\n\n<p>Adolf Hitler va entrer en guerre pour d\u00e9fendre les populations allemandes qui vivaient en dehors de l\u2019Allemagne, comme il l\u2019annonce dans son discours du 1<sup>er<\/sup>&nbsp;septembre 1939.<\/p>\n\n\n\n<blockquote class=\"wp-block-quote is-layout-flow wp-block-quote-is-layout-flow\">\n<p>\u00ab&nbsp;<em>Depuis quatre mois, j\u2019ai assist\u00e9 \u00e0 cette \u00e9volution avec calme, mais non sans adresser continuellement des avertissements. Ces derniers temps, j\u2019ai renforc\u00e9 ces avertissements. Voici plus de trois semaines, j\u2019ai fait savoir \u00e0 l\u2019ambassadeur polonais que si la Pologne envoyait de nouveaux ultimatums \u00e0 Dantzig,&nbsp;<strong>si de nouvelles mesures d\u2019oppression \u00e9taient prises \u00e0 l\u2019encontre de tout ce qui est allemand sur place, si la Pologne essayait d\u2019an\u00e9antir Dantzig \u00e9conomiquement par des mesures douani\u00e8res, l\u2019Allemagne ne resterait plus longtemps inactive !&nbsp;<\/strong>Et je n\u2019ai laiss\u00e9 subsister aucun doute sur le fait qu\u2019\u00e0 cet \u00e9gard, il ne fallait pas confondre l\u2019Allemagne d\u2019aujourd\u2019hui et celle qui existait avant nous. On a essay\u00e9 d\u2019excuser l\u2019attitude envers les Allemands par le fait que les Allemands de l\u00e0-bas se seraient rendus coupables de provocations. J\u2019ignore en quoi peuvent consister les provocations des enfants ou des femmes que l\u2019on maltraite, que l\u2019on d\u00e9porte, j\u2019ignore de m\u00eame en quoi sont cens\u00e9es avoir consister les provocations de ceux que, d\u2019une mani\u00e8re bestiale et sadique, on a soit maltrait\u00e9s, soit tu\u00e9s. Je l\u2019ignore. Mais il y a une chose que je sais : c\u2019est qu\u2019aucune grande puissance qui a un tant soit peu d\u2019honneur ne resterait longtemps passive face \u00e0 de tels faits !<\/em>\u00ab&nbsp;Disours Hitler, 1er septembre 1939<\/p>\n<\/blockquote>\n\n\n\n<p>M\u00eame discours, m\u00eame justification pour Vladimir Poutine dans la guerre d\u2019Ukraine.<\/p>\n\n\n\n<blockquote class=\"wp-block-quote is-layout-flow wp-block-quote-is-layout-flow\">\n<p>\u00ab&nbsp;<em>\u00c0 cet \u00e9gard, conform\u00e9ment \u00e0 l\u2019article 51 de la partie 7 de la Charte des Nations unies, avec l\u2019autorisation du Conseil de la F\u00e9d\u00e9ration de Russie et conform\u00e9ment aux trait\u00e9s d\u2019amiti\u00e9 et d\u2019assistance mutuelle avec les R\u00e9publiques populaires de Donetsk et de Lougansk ratifi\u00e9s par l\u2019Assembl\u00e9e f\u00e9d\u00e9rale le 22 f\u00e9vrier de cette ann\u00e9e,&nbsp;<\/em><strong><em>j\u2019ai pris la d\u00e9cision de mener une op\u00e9ration militaire sp\u00e9ciale.<\/em><br><em>Son but est de prot\u00e9ger les personnes qui ont \u00e9t\u00e9 soumises \u00e0 des abus, \u00e0 un g\u00e9nocide par le r\u00e9gime de Kiev pendant huit ans.&nbsp;<\/em><\/strong><em>Et \u00e0 cette fin,&nbsp;<strong>nous chercherons \u00e0 d\u00e9militariser et \u00e0 d\u00e9nazifier l\u2019Ukraine<\/strong>, \u00e0 traduire en justice ceux qui ont commis de nombreux crimes sanglants contre des civils, y compris des citoyens de la F\u00e9d\u00e9ration de Russie.<\/em>\u00ab&nbsp;Discours Poutine, 24 f\u00e9vrier 2022<\/p>\n<\/blockquote>\n\n\n\n<p>La Russie va utiliser deux des trois arguments pour justifier la guerre :<\/p>\n\n\n\n<ul class=\"wp-block-list\">\n<li>La d\u00e9fense de deux petites nations, les r\u00e9publiques de Donetsk et de Lougansk,<\/li>\n\n\n\n<li>La d\u00e9militarisation de l\u2019Ukraine. Toutefois, Poutine tient absolument \u00e0 se distinguer du III<sup>e<\/sup>&nbsp;Reich en mati\u00e8re de propagande de guerre en proposant de d\u00e9nazifier l\u2019Ukraine (qui est une forme de militarisme).<\/li>\n<\/ul>\n\n\n\n<p>Du c\u00f4t\u00e9 de l\u2019OTAN, on retourne les arguments de l\u2019ennemi en invoquant la d\u00e9fense d\u2019une petite nation (l\u2019Ukraine) face \u00e0 l\u2019app\u00e9tit de domination de l\u2019ogre russe. Chacun trouve sa petite nation \u00e0 d\u00e9fendre. Il y a aussi une d\u00e9fense de la \u00ab&nbsp;d\u00e9mocratie&nbsp;\u00bb (ne rigolez pas) en Ukraine. Il suffit de voir l\u2019\u00e9tat de la d\u00e9mocratie en France ou au USA, pour comprendre que la croisade otanesque en Ukraine n\u2019a rien \u00e0 voir avec la d\u00e9fense d\u2019une d\u00e9mocratie essentiellement d\u00e9corative (pour reprendre l\u2019expression de Poutine).<\/p>\n\n\n\n<figure class=\"wp-block-image\"><a href=\"https:\/\/i0.wp.com\/www.astrologie-mondiale.com\/wp-content\/uploads\/2022\/06\/image-11.png?ssl=1\"><img decoding=\"async\" src=\"https:\/\/i0.wp.com\/www.astrologie-mondiale.com\/wp-content\/uploads\/2022\/06\/image-11.png?resize=800%2C402&amp;ssl=1\" alt=\"\" class=\"wp-image-9703\"\/><\/a><\/figure>\n\n\n\n<h2 class=\"wp-block-heading\"><strong><mark style=\"background-color:rgba(0, 0, 0, 0)\" class=\"has-inline-color has-vivid-red-color\">II. Diabolisation de l\u2019ennemi.<\/mark><\/strong><\/h2>\n\n\n\n<p>L\u2019un des aspects les plus important de la propagande de guerre est la diabolisation de l\u2019ennemi. Il doit incarner la figure du diable afin de constituer un repoussoir absolu pour la population. Une m\u00e9thode tr\u00e8s efficace.<\/p>\n\n\n\n<blockquote class=\"wp-block-quote is-layout-flow wp-block-quote-is-layout-flow\">\n<p>\u00ab&nbsp;<em>On ne peut ha\u00efr un groupe humain dans son ensemble, m\u00eame pr\u00e9sent\u00e9 comme l\u2019ennemi.<\/em><\/p>\n\n\n\n<p><em>Il est donc plus efficace de concentrer cette haine de l\u2019ennemi sur le leader adverse. L\u2019ennemi aura ainsi un visage et ce visage sera \u00e9videmment odieux.<\/em><\/p>\n\n\n\n<p><em>(\u2026)<\/em><\/p>\n\n\n\n<p><em>Pour affaiblir la cause adverse, il faut pr\u00e9senter pour le moins ses chefs comme incapables et faire douter de leur fiabilit\u00e9 , de leur int\u00e9grit\u00e9.<\/em>&nbsp;\u00bb (<strong>Anne Morelli,&nbsp;<em>Principes \u00e9l\u00e9mentaires de propagande de guerre<\/em>, Editions aden, p. 41-42<\/strong>).<\/p>\n<\/blockquote>\n\n\n\n<p>La diabolisation est souvent temporaire. L\u2019ennemi \u00e9tait fr\u00e9quentable avant le conflit et le sera de nouveau apr\u00e8s celui-ci.<\/p>\n\n\n\n<blockquote class=\"wp-block-quote is-layout-flow wp-block-quote-is-layout-flow\">\n<p>\u00ab&nbsp;<em>Il ne faut pas perdre de vue que ce montre est la plupart du temps tr\u00e8s fr\u00e9quentable avant le conflit et m\u00eame, dans certains cas, apr\u00e8s la victoire ou la d\u00e9faite.<\/em>&nbsp;\u00bb (<strong>Anne Morelli,&nbsp;<em>Principes \u00e9l\u00e9mentaires de propagande de guerre<\/em>, Editions aden, p. 42<\/strong>).<\/p>\n<\/blockquote>\n\n\n\n<p>L\u2019arme absolue de la diabolisation, c\u2019est l\u2019hitl\u00e9risation de l\u2019adversaire.<\/p>\n\n\n\n<blockquote class=\"wp-block-quote is-layout-flow wp-block-quote-is-layout-flow\">\n<p>\u00ab&nbsp;<em>Depuis la Seconde Guerre mondiale, Hitler a \u00e9t\u00e9 consid\u00e9r\u00e9 comme un tel paradigme du mal que tout chef ennemi doit lui \u00eatre compar\u00e9, \u00eatre son h\u00e9ritier direct ou son sosie.<\/em><\/p>\n\n\n\n<p><em>Du moins au moment du conflit\u2026 car la propagande cr\u00e9e des Hitler par intermittence, souvent honorables avant la crise et parfois r\u00e9habilit\u00e9s lorsque la crise est pass\u00e9e.<\/em>&nbsp;\u00bb (<strong>Anne Morelli,&nbsp;<em>Principes \u00e9l\u00e9mentaires de propagande de guerre<\/em>, Editions aden, p. 47-48<\/strong>).<\/p>\n<\/blockquote>\n\n\n\n<p>Vladimir Poutine, est accus\u00e9 d\u2019\u00eatre un dictateur, voir m\u00eame le nouvel Hitler.<\/p>\n\n\n\n<figure class=\"wp-block-image\"><a href=\"https:\/\/i0.wp.com\/www.astrologie-mondiale.com\/wp-content\/uploads\/2022\/04\/image-5.png?ssl=1\"><img decoding=\"async\" src=\"https:\/\/i0.wp.com\/www.astrologie-mondiale.com\/wp-content\/uploads\/2022\/04\/image-5.png?resize=704%2C532&amp;ssl=1\" alt=\"\" class=\"wp-image-9543\"\/><\/a><\/figure>\n\n\n\n<p>La diabolisation ne se limite pas seulement \u00e0 son chef de l\u2019Etat, mais \u00e0 l\u2019ensemble du peuple. Les Russes seront accus\u00e9 d\u2019\u00eatre des alcooliques et des soudards sans foi, ni loi. Cela va tr\u00e8s loin. On imagine la r\u00e9action que provoquerait une telle accusation similaire \u00e0 l\u2019encontre de la population isra\u00e9lienne dans sa guerre contre les Palestiniens. Mais comme cela concerne des chr\u00e9tiens orthodoxes, cela passe comme une lettre \u00e0 la poste. Comme nous le verrons plus loin la guerre est toujours de nature religieuse et surtout celle en Ukraine.<\/p>\n\n\n\n<figure class=\"wp-block-image\"><a href=\"https:\/\/i0.wp.com\/www.astrologie-mondiale.com\/wp-content\/uploads\/2022\/04\/image-3.png?ssl=1\"><img decoding=\"async\" src=\"https:\/\/i0.wp.com\/www.astrologie-mondiale.com\/wp-content\/uploads\/2022\/04\/image-3.png?resize=686%2C620&amp;ssl=1\" alt=\"\" class=\"wp-image-9541\"\/><\/a><\/figure>\n\n\n\n<p>La diabolisation peut parfois aller jusqu\u2019\u00e0 l\u2019animalisation. Dans la guerre en Ukraine, nous n\u2019en sommes pas encore l\u00e0, mais cela ne manquera pas d\u2019arriver tr\u00e8s rapidement.<\/p>\n\n\n\n<h2 class=\"wp-block-heading\"><strong><mark style=\"background-color:rgba(0, 0, 0, 0)\" class=\"has-inline-color has-vivid-red-color\">III. Les crimes de guerre.<\/mark><\/strong><\/h2>\n\n\n\n<p>La propagande de guerre \u00e9tablit une distinction fondamentale entre les crimes de l\u2019ennemi (<strong>A<\/strong>) et les simples bavures de son camp (<strong>B<\/strong>).<\/p>\n\n\n\n<h3 class=\"wp-block-heading\"><strong><mark style=\"background-color:rgba(0, 0, 0, 0)\" class=\"has-inline-color has-vivid-cyan-blue-color\">A. Les crimes de l\u2019ennemi.<\/mark><\/strong><\/h3>\n\n\n\n<blockquote class=\"wp-block-quote is-layout-flow wp-block-quote-is-layout-flow\">\n<p>\u00ab&nbsp;<em>Les r\u00e9cits des atrocit\u00e9s commises par l\u2019ennemi constituent un \u00e9l\u00e9ment essentiel de la propagande de guerre.<\/em><\/p>\n\n\n\n<p><em>Cela ne veut \u00e9videmment pas dire que des atrocit\u00e9s n\u2019ont pas lieu pendant les guerres. Tout au contraire, les assassinats, les vols \u00e0 mains arm\u00e9e, le s incendies, les pillages et les viols semblent plut\u00f4t \u00eatre \u2013 h\u00e9las \u2013 la monnaie courante de toutes les circonstances de guerre et la pratique de toutes les circonstances de guerre et la pratique de toutes les arm\u00e9es, depuis l\u2019Antiquit\u00e9 et jusquaux guerres du XXie si\u00e8cle.<\/em><\/p>\n\n\n\n<p><em>Ce qui par contre est sp\u00e9cifique \u00e0 la propagande de guerre, c\u2019est de faire croire que seul l\u2019ennemi est coutumier de ces faits tandis que notre propre arm\u00e9e est au service de la population, m\u00eame ennemie, et aim\u00e9ee d\u2019elle.<\/em><\/p>\n\n\n\n<p><em>La criminalit\u00e9 d\u00e9viante devient le symbole m\u00eame de la seule arm\u00e9e ennemie, compos\u00e9e essentiellement de brigands sans foi ni loi.<\/em>&nbsp;\u00bb (<strong>Anne Morelli,&nbsp;<em>Principes \u00e9l\u00e9mentaires de propagande de guerre<\/em>, Editions aden, p. 75-76<\/strong>).<\/p>\n<\/blockquote>\n\n\n\n<p>La d\u00e9nonciation des crimes de guerre de l\u2019ennemi est un grand classique de la propagande de guerre de tous les temps.<\/p>\n\n\n\n<p>Adolf Hitler, dans son discours au \u00ab&nbsp;<em>sportpalast<\/em>&nbsp;\u00bb de Berlin du 26 septembre 1938, va justifier l\u2019annexion des Sud\u00e8tes sur le pr\u00e9texte du massacre des Allemands en Tch\u00e9coslovaquie :<\/p>\n\n\n\n<blockquote class=\"wp-block-quote is-layout-flow wp-block-quote-is-layout-flow\">\n<p>\u00ab&nbsp;<em>A peine M. B\u00e9n\u00e8s avait parl\u00e9 que son joug militaire commen\u00e7a \u00e0 se renforcer. Nous sommes les t\u00e9moins d\u2019horreurs&nbsp;: 10 000 r\u00e9fugi\u00e9s en un jour, 20 000 le lendemain, 37 000 un jour plus tard, 41 000 deux jours plus tard, puis 62 000, puis 78 000, maintenant 90 000, 107 000, 137 000 et aujourd\u2019hui 214 000.<\/em><br><em>Des r\u00e9gions enti\u00e8res sont d\u00e9peupl\u00e9es, des villages sont incendi\u00e9s, on essaie d\u2019enfumer les Allemands avec des grenades et du gaz. Mais M. B\u00e9n\u00e8s si\u00e8ge \u00e0 Prague et est convaincu: \u00ab&nbsp;Rien ne peut m\u2019arriver, \u00e0 la fin il y a derri\u00e8re moi l\u2019Angleterre et la France.&nbsp;\u00bb<\/em>\u00ab&nbsp;<\/p>\n<\/blockquote>\n\n\n\n<p>Le m\u00eame Adolf Hitler, le 1<sup>er<\/sup>&nbsp;septembre 1939 utilisera le m\u00eame pr\u00e9texte pour justifier l\u2019invasion de la Pologne :<\/p>\n\n\n\n<blockquote class=\"wp-block-quote is-layout-flow wp-block-quote-is-layout-flow\">\n<p>\u00ab&nbsp;<em>Depuis quatre moi, j\u2019ai assist\u00e9 \u00e0 cette \u00e9volution avec calme, mais non sans adresser continuellement des avertissements. Ces derniers temps, j\u2019ai renforc\u00e9 ces avertissements. Voici plus de trois semaines, j\u2019ai fait savoir \u00e0 l\u2019ambassadeur polonais que si la Pologne envoyait de nouveaux ultimatums \u00e0 Dantzig, si de nouvelles mesures d\u2019oppression \u00e9taient prises \u00e0 l\u2019encontre de tout ce qui est allemand sur place, si la Pologne essayait d\u2019an\u00e9antir Dantzig \u00e9conomiquement par des mesures douani\u00e8res, l\u2019Allemagne ne resterait plus longtemps inactive ! Et je n\u2019ai laiss\u00e9 subsister aucun doute sur le fait qu\u2019\u00e0 cet \u00e9gard, il ne fallait pas confondre l\u2019Allemagne d\u2019aujourd\u2019hui et celle qui existait avant nous. On a essay\u00e9 d\u2019excuser l\u2019attitude envers les Allemands par le fait que les Allemands de l\u00e0-bas se seraient rendus coupables de provocations. J\u2019ignore en quoi peuvent consister les provocations des enfants ou des femmes que l\u2019on maltraite, que l\u2019on d\u00e9porte, j\u2019ignore de m\u00eame en quoi sont cens\u00e9es avoir consister les provocations de ceux que, d\u2019une mani\u00e8re bestiale et sadique, on a soit maltrait\u00e9s, soit tu\u00e9s. Je l\u2019ignore. Mais il y a une chose que je sais : c\u2019est qu\u2019aucune grande puissance qui a un tant soit peu d\u2019honneur ne resterait longtemps passive face \u00e0 de tels faits !<\/em>\u00ab&nbsp;<\/p>\n<\/blockquote>\n\n\n\n<p>Vladimir Poutine \u00e9voque lui aussi le g\u00e9nocide des populations russophones dans le Donbass dans son discours du 21 f\u00e9vrier :<\/p>\n\n\n\n<blockquote class=\"wp-block-quote is-layout-flow wp-block-quote-is-layout-flow\">\n<p>\u00ab&nbsp;<em>Les radicaux qui avaient pris le pouvoir ont organis\u00e9 la pers\u00e9cution, une v\u00e9ritable terreur contre ceux qui s\u2019\u00e9levaient contre leurs actions anticonstitutionnelles. Les politiciens, les journalistes et les personnalit\u00e9s publiques ont fait l\u2019objet de moqueries et d\u2019humiliations publiques. Les villes ukrainiennes ont \u00e9t\u00e9 submerg\u00e9es par une vague de pogroms et de violence, une s\u00e9rie de meurtres bruyants et impunis ont \u00e9t\u00e9 commis. On ne peut s\u2019emp\u00eacher de fr\u00e9mir devant la terrible trag\u00e9die d\u2019Odessa, o\u00f9 des manifestants pacifiques ont \u00e9t\u00e9 brutalement assassin\u00e9s et br\u00fbl\u00e9s vifs dans la Maison des syndicats. Les criminels qui ont commis ces atrocit\u00e9s n\u2019ont pas \u00e9t\u00e9 punis et personne ne les recherche. Mais nous connaissons leurs noms et nous ferons tout ce qui est en notre pouvoir pour les punir, les retrouver et les traduire en justice.<\/em><\/p>\n\n\n\n<p><em>Ma\u00efdan n\u2019a pas rapproch\u00e9 l\u2019Ukraine de la d\u00e9mocratie et du progr\u00e8s. Avec le coup d\u2019\u00c9tat, les nationalistes et les forces politiques qui les soutenaient ont finalement bloqu\u00e9 la situation et pouss\u00e9 l\u2019Ukraine dans l\u2019ab\u00eeme de la guerre civile. Huit ans apr\u00e8s ces \u00e9v\u00e9nements, le pays est divis\u00e9. L\u2019Ukraine conna\u00eet une crise socio-\u00e9conomique aigu\u00eb.<\/em><\/p>\n\n\n\n<p>(\u2026)<\/p>\n\n\n\n<p><em>Le cours de la d\u00e9-russification et d\u2019assimilation forc\u00e9e se poursuit. La Verkhovna Rada publie sans rel\u00e2che des lois de plus en plus discriminatoires, y compris une loi sur de soi-disant peuples de souche qui est d\u00e9j\u00e0 en vigueur. Les personnes qui se consid\u00e8rent Russes et qui souhaitent pr\u00e9server leur identit\u00e9, leur langue et leur culture ont re\u00e7u le message explicite selon lequel elles sont \u00e9trang\u00e8res en Ukraine.<\/em><\/p>\n\n\n\n<p><em>Les lois sur l\u2019\u00e9ducation et sur le fonctionnement de la langue ukrainienne en tant que langue d\u2019\u00c9tat ont banni le russe des \u00e9coles, de toutes les sph\u00e8res publiques, jusqu\u2019aux magasins ordinaires. La loi sur la \u00ab lustration \u00bb, c\u2019est-\u00e0-dire la \u00ab purification \u00bb de l\u2019administration, a permis de se d\u00e9barrasser des fonctionnaires ind\u00e9sirables.<\/em><\/p>\n<\/blockquote>\n\n\n\n<p>Dans le camp occidental, on utilisera la technique en abondance pour discr\u00e9diter l\u2019adversaire russe. Il suffit seulement de donner l\u2019exemple du \u00ab&nbsp;massacre de Boutcha&nbsp;\u00bb.<\/p>\n\n\n\n<figure class=\"wp-block-image\"><a href=\"https:\/\/i0.wp.com\/www.astrologie-mondiale.com\/wp-content\/uploads\/2022\/06\/image-12.png?ssl=1\"><img decoding=\"async\" src=\"https:\/\/i0.wp.com\/www.astrologie-mondiale.com\/wp-content\/uploads\/2022\/06\/image-12.png?resize=800%2C589&amp;ssl=1\" alt=\"\" class=\"wp-image-9706\"\/><\/a><\/figure>\n\n\n\n<p>Que ses massacres ou ses pers\u00e9cutions soient r\u00e9elles (dans le Donbass) ou imaginaires (\u00e0 Boutcha), il me para\u00eet important de montrer l\u2019utilisation de cette technique de propagande dans les deux camps.<\/p>\n\n\n\n<h3 class=\"wp-block-heading\"><strong><mark style=\"background-color:rgba(0, 0, 0, 0)\" class=\"has-inline-color has-vivid-cyan-blue-color\">B. Les bavures dans notre camp.<\/mark><\/strong><\/h3>\n\n\n\n<blockquote class=\"wp-block-quote is-layout-flow wp-block-quote-is-layout-flow\">\n<p>\u00ab&nbsp;<em>Les violences d\u2019une camp ou de l\u2019autre, peuvent certes \u00eatre plus ou moins cruelles et m\u00eame totalement disproportionn\u00e9es selon les circonstances, les moyens, la discipline ou les ordres donn\u00e9s, mais la propagande de guerre doit faire croire qu\u2019elles sont uniquement le fait de l\u2019ennemi. Nous-m\u00eames ne pouvons que provoquerdes \u00ab&nbsp;bavures&nbsp;\u00bb, par erreur ou inadvertance.<\/em>&nbsp;\u00bb (<strong>Anne Morelli,&nbsp;<em>Principes \u00e9l\u00e9mentaires de propagande de guerre<\/em>, Editions aden, p. 87<\/strong>).<\/p>\n<\/blockquote>\n\n\n\n<p>Corollaire du pr\u00e9c\u00e9dent principe, nos propres troupes ne commettent jamais de massacre, mais des simples bavures.<\/p>\n\n\n\n<p>Hitler dans son discours du 28 septembre 1938 \u00e9voque la question :<\/p>\n\n\n\n<blockquote class=\"wp-block-quote is-layout-flow wp-block-quote-is-layout-flow\">\n<p>\u00ab&nbsp;<em>La Pologne a dirig\u00e9 son combat contre la ville libre de Dantzig. Mais elle n\u2019\u00e9tait pas dispos\u00e9e \u00e0 r\u00e9gler la question du corridor d\u2019une mani\u00e8re \u00e9quitable et qui aurait rencontr\u00e9 les deux int\u00e9r\u00eats. Et, finalement, elle n\u2019a pas pens\u00e9 \u00e0 remplir ses engagements vis-\u00e0-vis des minorit\u00e9s. A cet \u00e9gard, il me faut \u00e9tablir une chose tr\u00e8s clairement : l\u2019Allemagne \u00e0 respect\u00e9 ses engagements en la mati\u00e8re. Les minorit\u00e9s qui vivent au sein du Reich allemand ne sont pas pers\u00e9cut\u00e9es. Qu\u2019un seul Fran\u00e7ais se l\u00e8ve et pr\u00e9tende que les 50 000 ou 100 000 Fran\u00e7ais vivant dans la Sarre sont opprim\u00e9s, brim\u00e9s ou que leurs droits sont bafou\u00e9s. Personne ne peut l\u2019affirmer.<\/em><\/p>\n<\/blockquote>\n\n\n\n<p>Selon le F\u00fchrer, il n\u2019y aurait aucune pers\u00e9cution de minorit\u00e9 en Allemagne, comme il n\u2019y a pas de pers\u00e9cutions de Russes en Ukraine. Nous devons les croire sur parole. Alors qu\u2019\u00e0 l\u2019\u00e9vidence, les faits montre le contraire.<\/p>\n\n\n\n<figure class=\"wp-block-image\"><a href=\"https:\/\/i0.wp.com\/www.astrologie-mondiale.com\/wp-content\/uploads\/2022\/06\/image-13.png?ssl=1\"><img decoding=\"async\" src=\"https:\/\/i0.wp.com\/www.astrologie-mondiale.com\/wp-content\/uploads\/2022\/06\/image-13.png?resize=729%2C537&amp;ssl=1\" alt=\"\" class=\"wp-image-9707\"\/><\/a><\/figure>\n\n\n\n<p>A l\u2019inverse, les m\u00e9dias occidentaux s\u2019\u00e9vertuent \u00e0 nier les crimes de guerre commis contre les civils par le r\u00e9gime de Kiev. Par exemple les fameuses vid\u00e9os de citoyens (dont des femmes et des enfants) attach\u00e9s tous nues a des poteaux ne sont pas des pers\u00e9cutions, mais de simple punition contre d\u2019horribles citoyens coupables de vols. Le m\u00eame m\u00e9canisme avait \u00e9t\u00e9 utilis\u00e9 contre les gilets jaunes en 2018 afin de justifier l\u2019incroyable r\u00e9pression de la police. Les gilets jaunes ont \u00e9t\u00e9 eux aussi victimes de propagande de guerre. Je me concentre uniquement sur la guerre en Ukraine, mais le m\u00eame article pourrait \u00eatre fait sur les gilets jaunes ou la crise du Corona-virus.<\/p>\n\n\n\n<figure class=\"wp-block-image\"><a href=\"https:\/\/i0.wp.com\/www.astrologie-mondiale.com\/wp-content\/uploads\/2022\/06\/image-15.png?ssl=1\"><img decoding=\"async\" src=\"https:\/\/i0.wp.com\/www.astrologie-mondiale.com\/wp-content\/uploads\/2022\/06\/image-15.png?resize=762%2C503&amp;ssl=1\" alt=\"\" class=\"wp-image-9709\"\/><\/a><\/figure>\n\n\n\n<figure class=\"wp-block-image\"><a href=\"https:\/\/i0.wp.com\/www.astrologie-mondiale.com\/wp-content\/uploads\/2022\/06\/image-16.png?ssl=1\"><img decoding=\"async\" src=\"https:\/\/i0.wp.com\/www.astrologie-mondiale.com\/wp-content\/uploads\/2022\/06\/image-16.png?resize=748%2C387&amp;ssl=1\" alt=\"\" class=\"wp-image-9710\"\/><\/a><\/figure>\n\n\n\n<p>Le ton de l\u2019article, laisse transpara\u00eetre que les vid\u00e9os diffus\u00e9es n\u2019ont pas toutes \u00e9t\u00e9 tourn\u00e9 en Ukraine ou au moment de la guerre et concernerais des \u00ab&nbsp;pillards&nbsp;\u00bb ce qui est d\u2019une certaine mani\u00e8re une fa\u00e7on de minorer l\u2019\u00e9v\u00e9nement voire de le justifier. Le texte de l\u2019article est \u00e9trangement neutre voire m\u00eame complaisant, alors qu\u2019objectivement, les images sont scandaleuses. L\u2019auteur d\u2019un vol, m\u00eame en temps de guerre ne devrait pas \u00eatre trait\u00e9 de cette mani\u00e8re, mais mis en garde \u00e0 vue et pr\u00e9sent\u00e9 devant un tribunal pour \u00eatre sanctionn\u00e9. Avec la propagande de guerre, il faut justifier \u00e0 tous pris l\u2019injustifiable.<\/p>\n\n\n\n<figure class=\"wp-block-image\"><a href=\"https:\/\/i0.wp.com\/www.astrologie-mondiale.com\/wp-content\/uploads\/2022\/06\/image-17.png?ssl=1\"><img decoding=\"async\" src=\"https:\/\/i0.wp.com\/www.astrologie-mondiale.com\/wp-content\/uploads\/2022\/06\/image-17.png?resize=759%2C570&amp;ssl=1\" alt=\"\" class=\"wp-image-9711\"\/><\/a><\/figure>\n\n\n\n<p>On imagine les m\u00eames sc\u00e8nes en Russie\u2026 le ton de l\u2019article de \u00ab&nbsp;Lib\u00e9ration &nbsp;\u00bb aurait \u00e9t\u00e9 autrement plus virulent pour d\u00e9noncer la d\u00e9rive totalitaire du r\u00e9gime et la barbarie de la population russe\u2026 mais l\u00e0, il ne s\u2019agit que d\u2019Ukrainien et les victimes sont russophone. Alors bon\u2026<\/p>\n\n\n\n<h2 class=\"wp-block-heading\"><strong><mark style=\"background-color:rgba(0, 0, 0, 0)\" class=\"has-inline-color has-vivid-red-color\">IV. La mani\u00e8re de faire la guerre.<\/mark><\/strong><\/h2>\n\n\n\n<p>La mani\u00e8re de faire la guerre concerne la d\u00e9nonciation de l\u2019utilisation d\u2019armes non autoris\u00e9es (<strong>A<\/strong>), avec des pertes faibles dans notre camp (<strong>B<\/strong>) et des pertes importantes chez l\u2019ennemi (<strong>C<\/strong>).<\/p>\n\n\n\n<h3 class=\"wp-block-heading\"><strong><mark style=\"background-color:rgba(0, 0, 0, 0)\" class=\"has-inline-color has-vivid-cyan-blue-color\">A. L\u2019ennemi utilise des armes non-autoris\u00e9es.<\/mark><\/strong><\/h3>\n\n\n\n<blockquote class=\"wp-block-quote is-layout-flow wp-block-quote-is-layout-flow\">\n<p>\u00ab&nbsp;<em>Non seulement nous ne commettons pas d\u2019atrocit\u00e9s mais nous faisons la guerre de mani\u00e8re chevaleresque, en en respectant \u2013 comme s\u2019il s\u2019agissait d\u2019un jeu, certes dur mais viril \u2013 les r\u00e8gles.<\/em><\/p>\n\n\n\n<p><em>ce n\u2019est \u00e9videmment pas le ca de nos ennemis qui refusent de s\u2019y plier.<\/em>&nbsp;\u00bb (<strong>Anne Morelli,&nbsp;<em>Principes \u00e9l\u00e9mentaires de propagande de guerre<\/em>, Editions aden, p. 99<\/strong>).<\/p>\n<\/blockquote>\n\n\n\n<p>Il s\u2019agit d\u2019un \u00e9l\u00e9ment fondamental de la propagande de guerre, sans doute m\u00eame le plus important. Cela concerne la mani\u00e8re de faire la guerre et surtout aux niveaux des armes que l\u2019on va utiliser pour remporter la victoire.<\/p>\n\n\n\n<blockquote class=\"wp-block-quote is-layout-flow wp-block-quote-is-layout-flow\">\n<p>\u00ab&nbsp;<em>De la massue \u00e0 la bombe atomique, en passant par le canon et le fusil automatique, toute les armes ont \u00e9t\u00e9 successivement consid\u00e9r\u00e9es par les perdants comme indignes d\u2019une guerre vraiment chevaleresque, parce que leur usage unilat\u00e9ral condamnait automatiquement leur camp \u00e0 la d\u00e9faite<\/em>.&nbsp;\u00bb (<strong>Anne Morelli,&nbsp;<em>Principes \u00e9l\u00e9mentaires de propagande de guerre<\/em>, Editions aden, p. 101<\/strong>).<\/p>\n<\/blockquote>\n\n\n\n<p>Certaines armes vont \u00eatre consid\u00e9r\u00e9es comme \u00ab&nbsp;licite&nbsp;\u00bb et d\u2019autre comme \u00ab&nbsp;illicite&nbsp;\u00bb.<\/p>\n\n\n\n<p>Lors de son discours du 1<sup>er<\/sup>&nbsp;septembre 1939, Adolf Hitler va accuser les alli\u00e9es de faire usage d\u2019arme interdite. C\u2019est un passage m\u00e9connu de son discours.<\/p>\n\n\n\n<blockquote class=\"wp-block-quote is-layout-flow wp-block-quote-is-layout-flow\">\n<p>\u00ab&nbsp;<em>Toutes ces propositions, comme vous le savez, ont \u00e9t\u00e9 rejet\u00e9es. Et il m\u2019est inutile de vous les \u00e9num\u00e9rer une par une :&nbsp;<strong>les propositions de restreindre l\u2019armement et, au besoin, de supprimer l\u2019armement, les propositions de limiter les op\u00e9rations de guerre, d\u2019abandonner certaines m\u00e9thodes militaires modernes, qui sont \u00e0 mes yeux difficilement conciliables avec le droit international<\/strong>.<\/em>\u00ab&nbsp;<\/p>\n<\/blockquote>\n\n\n\n<p>Le chancelier d\u00e9nonce l\u2019utilisation de certaines m\u00e9thodes militaires modernes qui seraient interdites par le droit international. Non, non, vous ne r\u00eavez pas. Il parlait de l\u2019utilisation d\u2019armes chimiques et bact\u00e9riologiques qui furent utilis\u00e9es par les deux camps lors de la Premi\u00e8re Guerre mondiale. Ult\u00e9rieurement, il y aura la bombe atomique du c\u00f4t\u00e9 am\u00e9ricain et les V1, les V2 et les avions \u00e0 r\u00e9action du c\u00f4t\u00e9 allemand. La guerre permet toujours des innovations importantes dans la mani\u00e8re de tuer les gens. La guerre permet toujours des progr\u00e8s consid\u00e9rables. Progr\u00e8s qui prendrait plus de temps en p\u00e9riode de paix.<\/p>\n\n\n\n<p>La m\u00eame technique sera utilis\u00e9e ult\u00e9rieurement par Georges Bush p\u00e8re, puis par Georges Bush fils lors des deux guerres du Golf. Nous nous rappelons tous des c\u00e9l\u00e8bres \u00ab&nbsp;armes de destructions massives&nbsp;\u00bb irakiennes.<\/p>\n\n\n\n<p>Pour la guerre en Ukraine, la technique va \u00eatre abondamment \u00e9voqu\u00e9e, que ce soit du c\u00f4t\u00e9 russe, que du c\u00f4t\u00e9 ukrainien.<\/p>\n\n\n\n<p>Du c\u00f4t\u00e9 russe, on accuse l\u2019occident de livrer des missiles longue port\u00e9e avec des t\u00eates nucl\u00e9aires \u00e0 l\u2019Ukraine. Missiles qui peuvent menacer de destruction certaines villes russes. Il porta cette accusation lors de son discours du 21 f\u00e9vrier 2022. Il utilisera l\u2019expression \u00ab&nbsp;<em>arme de destruction massive<\/em>\u00ab&nbsp;, s\u2019inspirant en cela de George Bush p\u00e8re et fils. Cette simple accusation, port\u00e9e contre l\u2019Irak avait suffit a justifier deux guerres en Irak et le renversement de Saddam Hussein. Alors pourquoi Poutine ne pourrait-il pas utiliser le m\u00eame pr\u00e9texte pour faire la m\u00eame chose en Ukraine ? Deux poids, deux mesures.<\/p>\n\n\n\n<blockquote class=\"wp-block-quote is-layout-flow wp-block-quote-is-layout-flow\">\n<p>\u00ab&nbsp;<em>Nous savons \u00e9galement qu\u2019il y a d\u00e9j\u00e0 eu des d\u00e9clarations selon lesquelles l\u2019Ukraine va d\u00e9velopper ses propres armes nucl\u00e9aires, et ce ne sont pas de vaines bravades. L\u2019Ukraine dispose de la technologie nucl\u00e9aire sovi\u00e9tique et des vecteurs pour ces armes, notamment l\u2019aviation et les missiles Tochka-U, \u00e9galement de conception sovi\u00e9tique, d\u2019une port\u00e9e de plus de 100 kilom\u00e8tres. Mais ils en feront plus, ce n\u2019est qu\u2019une question de temps car ils disposent d\u00e9j\u00e0 de certains travaux de base de l\u2019\u00e8re sovi\u00e9tique.<\/em><br><em>Ainsi, il sera beaucoup plus facile pour l\u2019Ukraine d\u2019acqu\u00e9rir des armes nucl\u00e9aires tactiques surtout en cas de soutien technologique de l\u2019\u00e9tranger, que pour certains autres \u00c9tats \u2013que je ne nommerai pas maintenant \u2013 mais qui d\u00e9veloppent effectivement de telles armes. Et nous ne devons pas exclure une telle possibilit\u00e9.<\/em><br><em><strong>Avec l\u2019apparition d\u2019armes de destruction massive en Ukraine<\/strong>, la situation dans le monde, en Europe, et surtout pour nous, pour la Russie, va changer de fa\u00e7on spectaculaire. Nous ne pouvons pas ne pas r\u00e9pondre \u00e0 ce danger r\u00e9el, surtout, je le r\u00e9p\u00e8te, que des m\u00e9c\u00e8nes occidentaux pourraient faciliter l\u2019apparition de telles armes en Ukraine afin de cr\u00e9er une autre menace pour notre pays. Nous pouvons voir avec quelle persistance le renforcement militaire du r\u00e9gime de Kiev est effectu\u00e9. Depuis 2014, les \u00c9tats-Unis ont envoy\u00e9 \u00e0 eux seuls des milliards de dollars \u00e0 cette fin, notamment des armes, des \u00e9quipements et des formations sp\u00e9cialis\u00e9es. Au cours des derniers mois, les armes occidentales ont afflu\u00e9 en Ukraine \u00e0 un rythme soutenu, de mani\u00e8re d\u00e9monstrative, au vu et au su du monde entier. Les activit\u00e9s des forces arm\u00e9es et des services de s\u00e9curit\u00e9 ukrainiens sont dirig\u00e9es par des conseillers \u00e9trangers, nous en sommes bien conscients.<\/em>\u00ab&nbsp;<\/p>\n<\/blockquote>\n\n\n\n<p>D\u2019ailleurs, les faits n\u2019ont pas donn\u00e9 tort \u00e0 Vladimir Poutine, comme le montre l\u2019actualit\u00e9 militaire survenue depuis le d\u00e9clenchement de la guerre.<\/p>\n\n\n\n<figure class=\"wp-block-image\"><a href=\"https:\/\/i0.wp.com\/www.astrologie-mondiale.com\/wp-content\/uploads\/2022\/06\/image-19.png?ssl=1\"><img decoding=\"async\" src=\"https:\/\/i0.wp.com\/www.astrologie-mondiale.com\/wp-content\/uploads\/2022\/06\/image-19.png?resize=800%2C461&amp;ssl=1\" alt=\"\" class=\"wp-image-9713\"\/><\/a><\/figure>\n\n\n\n<figure class=\"wp-block-image\"><a href=\"https:\/\/i0.wp.com\/www.astrologie-mondiale.com\/wp-content\/uploads\/2022\/06\/image-18.png?ssl=1\"><img decoding=\"async\" src=\"https:\/\/i0.wp.com\/www.astrologie-mondiale.com\/wp-content\/uploads\/2022\/06\/image-18.png?resize=800%2C416&amp;ssl=1\" alt=\"\" class=\"wp-image-9712\"\/><\/a><\/figure>\n\n\n\n<p>En riposte, la Russie mena\u00e7a plusieurs fois les forces de l\u2019OTAN d\u2019une riposte nucl\u00e9aire. Menace agit\u00e9 dans les m\u00e9dias occidentaux comme un hochet pour faire peur et cr\u00e9er une sorte de repoussoir contre la Russie.<\/p>\n\n\n\n<figure class=\"wp-block-image\"><a href=\"https:\/\/i0.wp.com\/www.astrologie-mondiale.com\/wp-content\/uploads\/2022\/06\/image-20.png?ssl=1\"><img decoding=\"async\" src=\"https:\/\/i0.wp.com\/www.astrologie-mondiale.com\/wp-content\/uploads\/2022\/06\/image-20.png?resize=800%2C389&amp;ssl=1\" alt=\"\" class=\"wp-image-9714\"\/><\/a><\/figure>\n\n\n\n<p>La Russie accuse l\u2019Ukraine et l\u2019OTAN de mettre en place un programme de cr\u00e9ation d\u2019arme chimique \u00e0 travers un vaste r\u00e9seau de laboratoire \u00e0 travers le pays. Apr\u00e8s deux ans de crise du COVID, l\u2019argument fait mouche dans l\u2019opinion publique. Les sites de \u00ab&nbsp;fact cheking&nbsp;\u00bb occidentaux rament comme des malades pour tenter de contrecarrer les affirmations du pr\u00e9sident russe.<\/p>\n\n\n\n<figure class=\"wp-block-image\"><a href=\"https:\/\/i0.wp.com\/www.astrologie-mondiale.com\/wp-content\/uploads\/2022\/06\/image-22.png?ssl=1\"><img decoding=\"async\" src=\"https:\/\/i0.wp.com\/www.astrologie-mondiale.com\/wp-content\/uploads\/2022\/06\/image-22.png?resize=790%2C583&amp;ssl=1\" alt=\"\" class=\"wp-image-9716\"\/><\/a><\/figure>\n\n\n\n<figure class=\"wp-block-image\"><a href=\"https:\/\/i0.wp.com\/www.astrologie-mondiale.com\/wp-content\/uploads\/2022\/06\/image-21.png?ssl=1\"><img decoding=\"async\" src=\"https:\/\/i0.wp.com\/www.astrologie-mondiale.com\/wp-content\/uploads\/2022\/06\/image-21.png?resize=800%2C515&amp;ssl=1\" alt=\"\" class=\"wp-image-9715\"\/><\/a><\/figure>\n\n\n\n<p>Les laboratoires biologiques ukrainiens, comme celui de Wuhan, sont pr\u00e9sent\u00e9s comme une th\u00e9orie du complot par la presse occidentale. Nous reparlerons de l\u2019accusation de complotisme \u00e0 la fin de l\u2019article.<\/p>\n\n\n\n<blockquote class=\"wp-block-quote is-layout-flow wp-block-quote-is-layout-flow\">\n<p>\u00ab&nbsp;<em>Par ailleurs, quand on est convaincu d\u2019avoir fait de nombreuses victimes civiles chez l\u2019ennemi, il est encore possible d\u2019en attribuer la faute \u00e0 l\u2019ennemi en affirmant qu\u2019il pratique une strat\u00e9gie dite du \u00ab&nbsp;bouclier humain&nbsp;\u00bb, consistant \u00e0 prot\u00e9ger ses militaires derri\u00e8re des civils. C\u2019est probablement la tactique qui avait \u00e9t\u00e9 utilis\u00e9e par les Etats-Unis, prot\u00e9geant leurs avions-espions derri\u00e8re un boeing civil cor\u00e9en qui fut abattu par les Sovi\u00e9tiques, en 1983.<\/em>&nbsp;\u00bb (<strong>Anne Morelli,&nbsp;<em>Principes \u00e9l\u00e9mentaires de propagande de guerre<\/em>, Editions aden, p. 101<\/strong>).<\/p>\n<\/blockquote>\n\n\n\n<p>Enfin, disons un dernier mot sur la technique du \u00ab&nbsp;bouclier humain&nbsp;\u00bb qui fut utilis\u00e9 par la presse russe lors du si\u00e8ge de l\u2019usine Azovstal \u00e0 Marioupol. Un grand classique de tous les temps de la propagande de guerre.<\/p>\n\n\n\n<figure class=\"wp-block-image\"><a href=\"https:\/\/i0.wp.com\/www.astrologie-mondiale.com\/wp-content\/uploads\/2022\/06\/image-23.png?ssl=1\"><img decoding=\"async\" src=\"https:\/\/i0.wp.com\/www.astrologie-mondiale.com\/wp-content\/uploads\/2022\/06\/image-23.png?resize=800%2C373&amp;ssl=1\" alt=\"\" class=\"wp-image-9717\"\/><\/a><\/figure>\n\n\n\n<p>Alors que la presse occidentale explique les civils, son venu se r\u00e9fugier dans l\u2019usine sous la protection du r\u00e9giment Azov, les Russes accusent l\u2019arm\u00e9e ukrainienne de prendre des civils en otage. Chacun utilise la technique pour son propre compte. A vous de choisir.<\/p>\n\n\n\n<h3 class=\"wp-block-heading\"><strong><mark style=\"background-color:rgba(0, 0, 0, 0)\" class=\"has-inline-color has-vivid-cyan-blue-color\">B. Des pertes faibles dans notre camp.<\/mark><\/strong><\/h3>\n\n\n\n<blockquote class=\"wp-block-quote is-layout-flow wp-block-quote-is-layout-flow\">\n<p>\u00ab&nbsp;<em>L\u2019issue de certaines batailles semble avoir \u00e9t\u00e9 favorable aux uns ou aux autres. (\u2026) Quant aux franches d\u00e9faites, elles sont purement et simplement pass\u00e9es sous silence.<\/em>&nbsp;\u00bb (<strong>Anne Morelli,&nbsp;<em>Principes \u00e9l\u00e9mentaires de propagande de guerre<\/em>, Editions aden, p. 118-119<\/strong>).<\/p>\n<\/blockquote>\n\n\n\n<p>Un des grands principes de la propagande de guerre est de r\u00e9duire les cons\u00e9quences des victoires de l\u2019adversaire, voir m\u00eame de transformer des d\u00e9faites \u00e9videntes en triomphales victoires. La guerre en Ukraine ne maque pas d\u2019exemple \u00e0 ce sujet.<\/p>\n\n\n\n<figure class=\"wp-block-image\"><a href=\"https:\/\/i0.wp.com\/www.astrologie-mondiale.com\/wp-content\/uploads\/2022\/06\/image-25.png?ssl=1\"><img decoding=\"async\" src=\"https:\/\/i0.wp.com\/www.astrologie-mondiale.com\/wp-content\/uploads\/2022\/06\/image-25.png?resize=800%2C565&amp;ssl=1\" alt=\"\" class=\"wp-image-9720\"\/><\/a><\/figure>\n\n\n\n<figure class=\"wp-block-image\"><a href=\"https:\/\/i0.wp.com\/www.astrologie-mondiale.com\/wp-content\/uploads\/2022\/06\/image-26.png?ssl=1\"><img decoding=\"async\" src=\"https:\/\/i0.wp.com\/www.astrologie-mondiale.com\/wp-content\/uploads\/2022\/06\/image-26.png?resize=800%2C396&amp;ssl=1\" alt=\"\" class=\"wp-image-9721\"\/><\/a><\/figure>\n\n\n\n<p>Ce qui donne lieu \u00e0 certains articles lunaires qui feront sans doute rire les g\u00e9n\u00e9rations futures.<\/p>\n\n\n\n<figure class=\"wp-block-image\"><a href=\"https:\/\/i0.wp.com\/www.astrologie-mondiale.com\/wp-content\/uploads\/2022\/06\/image-24.png?ssl=1\"><img decoding=\"async\" src=\"https:\/\/i0.wp.com\/www.astrologie-mondiale.com\/wp-content\/uploads\/2022\/06\/image-24.png?resize=800%2C465&amp;ssl=1\" alt=\"\" class=\"wp-image-9719\"\/><\/a><\/figure>\n\n\n\n<blockquote class=\"wp-block-quote is-layout-flow wp-block-quote-is-layout-flow\">\n<p>\u00ab&nbsp;<em>Si l\u2019optimisme est de rigueur en ce qui concerne les pertes humaines, il doit \u00e9galement \u00eatre de mise sur le plan financier ; la guerre doit appara\u00eetre comme ne co\u00fbtant ni sang ni argent.<\/em>&nbsp;\u00bb (<strong>Anne Morelli,&nbsp;<em>Principes \u00e9l\u00e9mentaires de propagande de guerre<\/em>, Editions aden, p. 119<\/strong>).<\/p>\n<\/blockquote>\n\n\n\n<h3 class=\"wp-block-heading\"><strong><mark style=\"background-color:rgba(0, 0, 0, 0)\" class=\"has-inline-color has-vivid-cyan-blue-color\">C. Des pertes \u00e9normes chez nos ennemis.<\/mark><\/strong><\/h3>\n\n\n\n<blockquote class=\"wp-block-quote is-layout-flow wp-block-quote-is-layout-flow\">\n<p>\u00ab&nbsp;<em>A de rares exceptions pr\u00e8s, les \u00eatres humains pr\u00e9f\u00e8rent g\u00e9n\u00e9ralement adh\u00e9rer \u00e0 des causes victorieuses.<\/em><\/p>\n\n\n\n<p><em>En cas de guerre, l\u2019adh\u00e9sion de l\u2019opinion publique d\u00e9pend donc des r\u00e9sultats apparents du conflit.<\/em><\/p>\n\n\n\n<p><em>Si ces r\u00e9sultats ne sont pas bons, la propagande devra cacher nos pertes et exag\u00e9rer celles de l\u2019ennemi.<\/em>&nbsp;\u00bb (<strong>Anne Morelli,&nbsp;<em>Principes \u00e9l\u00e9mentaires de propagande de guerre<\/em>, Editions aden, p. 117<\/strong>).<\/p>\n<\/blockquote>\n\n\n\n<p>La grande bataille des chiffres porte toujours sur le nombre de soldats tu\u00e9s.<\/p>\n\n\n\n<p>15 000 soldats russes tu\u00e9s selon les m\u00e9dias occidentaux.<\/p>\n\n\n\n<figure class=\"wp-block-image\"><a href=\"https:\/\/i0.wp.com\/www.astrologie-mondiale.com\/wp-content\/uploads\/2022\/06\/image-28.png?ssl=1\"><img decoding=\"async\" src=\"https:\/\/i0.wp.com\/www.astrologie-mondiale.com\/wp-content\/uploads\/2022\/06\/image-28.png?resize=800%2C441&amp;ssl=1\" alt=\"\" class=\"wp-image-9723\"\/><\/a><\/figure>\n\n\n\n<p>Alors que l\u2019Ukraine n\u2019aurait que 1 300 soldats morts.<\/p>\n\n\n\n<figure class=\"wp-block-image\"><a href=\"https:\/\/i0.wp.com\/www.astrologie-mondiale.com\/wp-content\/uploads\/2022\/06\/image-29.png?ssl=1\"><img decoding=\"async\" src=\"https:\/\/i0.wp.com\/www.astrologie-mondiale.com\/wp-content\/uploads\/2022\/06\/image-29.png?resize=798%2C547&amp;ssl=1\" alt=\"\" class=\"wp-image-9724\"\/><\/a><\/figure>\n\n\n\n<p>Et pourtant, la Russie occupe 20 % du territoire de l\u2019Ukraine.<\/p>\n\n\n\n<figure class=\"wp-block-image\"><a href=\"https:\/\/i0.wp.com\/www.astrologie-mondiale.com\/wp-content\/uploads\/2022\/06\/image-30.png?ssl=1\"><img decoding=\"async\" src=\"https:\/\/i0.wp.com\/www.astrologie-mondiale.com\/wp-content\/uploads\/2022\/06\/image-30.png?resize=779%2C461&amp;ssl=1\" alt=\"\" class=\"wp-image-9725\"\/><\/a><\/figure>\n\n\n\n<p>Allez comprendre\u2026<\/p>\n\n\n\n<p>Devant une telle d\u00e9route militaire Ukrainienne, la presse commence \u00e0 donner le vrai nombre de morts du c\u00f4t\u00e9 ukrainien. Cela fait sans doute parti de la strat\u00e9gie de victimisation. Cela vise \u00e0 transformer un petit pays en victime expiatoire de l\u2019ogre russe, afin de mobiliser le monde pour le d\u00e9fendre. Une technique de victimisation est bien connue, elle aussi. Ne pas se tromper sur l\u2019objectif des informations qui sortent dans les grands m\u00e9dias occidentaux. Rien n\u2019est d\u00fb au hasard. Il ne s\u2019agit pas de reconna\u00eetre la d\u00e9faite de l\u2019Ukraine, mais d\u2019un changement de strat\u00e9gie.<\/p>\n\n\n\n<figure class=\"wp-block-image\"><a href=\"https:\/\/i0.wp.com\/www.astrologie-mondiale.com\/wp-content\/uploads\/2022\/06\/image-27.png?ssl=1\"><img decoding=\"async\" src=\"https:\/\/i0.wp.com\/www.astrologie-mondiale.com\/wp-content\/uploads\/2022\/06\/image-27.png?resize=800%2C384&amp;ssl=1\" alt=\"\" class=\"wp-image-9722\"\/><\/a><\/figure>\n\n\n\n<h2 class=\"wp-block-heading\"><strong><mark style=\"background-color:rgba(0, 0, 0, 0)\" class=\"has-inline-color has-vivid-red-color\">V. Le soutien \u00e0 la guerre.<\/mark><\/strong><\/h2>\n\n\n\n<p>Le soutien \u00e0 la guerre am\u00e8ne les artistes et les intellectuels \u00e0 soutenir la cause (A) tout en d\u00e9non\u00e7ant les gens qui refusent la propagande comme des tra\u00eetres (C), car notre cause est sacr\u00e9e (<strong>B<\/strong>).<\/p>\n\n\n\n<h3 class=\"wp-block-heading\"><strong><mark style=\"background-color:rgba(0, 0, 0, 0)\" class=\"has-inline-color has-vivid-cyan-blue-color\">A. Les artistes et intellectuels soutiennent notre cause.<\/mark><\/strong><\/h3>\n\n\n\n<blockquote class=\"wp-block-quote is-layout-flow wp-block-quote-is-layout-flow\">\n<p>\u00ab&nbsp;<em>La propagande, comme toute forme de publicit\u00e9, se base sur l\u2019\u00e9motion. Elle est le levier utilis\u00e9 en permanence pour mobiliser l\u2019opinion publique et on peut m\u00eame dire que propagande et \u00e9motion sont, deouis toujours, consubstantielles.<\/em><\/p>\n\n\n\n<p><em>or, pour cr\u00e9er l\u2019\u00e9motion, on ne peut se fier \u00e0 des fonctionnaires. Il faut soit s\u2019adresser \u00e0 des professionnels de la publicit\u00e9 (\u2026) soit s\u2019adresser \u00e0 des artistes et intellectuels, rompus professionnellement \u00e0 cr\u00e9er l\u2019\u00e9motion.<\/em>&nbsp;\u00bb (<strong>Anne Morelli,&nbsp;<em>Principes \u00e9l\u00e9mentaires de propagande de guerre<\/em>, Editions aden, p. 125<\/strong>).<\/p>\n<\/blockquote>\n\n\n\n<p>La propagande de guerre doit \u00eatre relay\u00e9e par une armada d\u2019artistes et d\u2019intellectuels. On a vu le ph\u00e9nom\u00e8ne durant la crise des gilets jaunes et plus encore avec la dictature sanitaire. Il y a unanimisme dans l\u2019\u00e9lite du spectacle. La guerre en Ukraine, met une nouvelle fois en \u00e9vidence, ce ph\u00e9nom\u00e8ne classique. Beaucoup d\u2019intellectuels se sont jet\u00e9s \u00e0 corps perdu contre la Russie.<\/p>\n\n\n\n<figure class=\"wp-block-image\"><a href=\"https:\/\/i0.wp.com\/www.astrologie-mondiale.com\/wp-content\/uploads\/2022\/06\/image-31.png?ssl=1\"><img decoding=\"async\" src=\"https:\/\/i0.wp.com\/www.astrologie-mondiale.com\/wp-content\/uploads\/2022\/06\/image-31.png?resize=591%2C605&amp;ssl=1\" alt=\"\" class=\"wp-image-9727\"\/><\/a><\/figure>\n\n\n\n<figure class=\"wp-block-image\"><a href=\"https:\/\/i0.wp.com\/www.astrologie-mondiale.com\/wp-content\/uploads\/2022\/06\/image-14.png?ssl=1\"><img decoding=\"async\" src=\"https:\/\/i0.wp.com\/www.astrologie-mondiale.com\/wp-content\/uploads\/2022\/06\/image-14.png?resize=800%2C423&amp;ssl=1\" alt=\"\" class=\"wp-image-9708\"\/><\/a><\/figure>\n\n\n\n<p>Citons parmi les intellectuels engag\u00e9s dans la guerre, trois noms : Bernard-Henry Levy (dit B\u00e9chamel), Rapha\u00ebl Enthoven et Rapha\u00ebl Glucksman (dit Glucks). oui, oui\u2026. je sais\u2026 je fr\u00f4le l\u2019antis\u00e9mitisme. Deux Rapha\u00ebl sur trois\u2026 Etonnant non\u2026 Rapha\u00ebl est le pr\u00e9nom d\u2019un des sept archanges du Ciel. \u00c9tymologiquement, il signifie \u00ab&nbsp;Dieu gu\u00e9rit&nbsp;\u00bb. On se demande bien ce que nos deux guerriers du clavier peuvent bien gu\u00e9rir. Je me pose encore la question\u2026 Ni les Ukrainiens, et encore moins les Russes\u2026 Dans la Kabbale, il y a la notion de \u00ab&nbsp;Tikkoun Olam&nbsp;\u00bb, la gu\u00e9rison du monde. Il faut d\u00e9truire le monde pour que les \u00e9tincelles de lumi\u00e8re remontent vers Dieu (ou le diable) afin que le monde soit r\u00e9par\u00e9. Une vision purement sataniste qui fut reprise et popularis\u00e9e par Sabbata\u00ef Tsevi et Jakob Frank (n\u00e9 en Ukraine). Pour la petite histoire, j\u2019ai fait mon service militaire dans l\u2019Infanterie de marine \u00e0 Saint-Rapha\u00ebl\u2026 Alors que nos deux \u00e9nergum\u00e8nes n\u2019ont jamais port\u00e9 d\u2019armes de leur vie et usurpent le pr\u00e9nom de l\u2019archange. j\u2019ai toujours attach\u00e9 beaucoup d\u2019importance aux pr\u00e9noms et aux noms de lieux.<\/p>\n\n\n\n<figure class=\"wp-block-image\"><img loading=\"lazy\" decoding=\"async\" width=\"800\" height=\"604\" src=\"https:\/\/www.inconscient-collectif.com\/wp-content\/uploads\/2025\/06\/FMsCZGqWYAIJH0O.jpg\" alt=\"Anice Lajnef on Twitter: &quot;C'est fou comme certains aiment la guerre quand  ce sont les autres qui s'entretuent... Qu'on donne une mitraillette \u00e0 # Enthoven, #BHL, et #Glucksmann. Qu'on les envoie au front.\" class=\"wp-image-361\" srcset=\"https:\/\/www.inconscient-collectif.com\/wp-content\/uploads\/2025\/06\/FMsCZGqWYAIJH0O.jpg 800w, https:\/\/www.inconscient-collectif.com\/wp-content\/uploads\/2025\/06\/FMsCZGqWYAIJH0O-300x227.jpg 300w, https:\/\/www.inconscient-collectif.com\/wp-content\/uploads\/2025\/06\/FMsCZGqWYAIJH0O-768x580.jpg 768w\" sizes=\"auto, (max-width: 800px) 100vw, 800px\" \/><\/figure>\n\n\n\n<blockquote class=\"wp-block-quote is-layout-flow wp-block-quote-is-layout-flow\">\n<p>\u00ab&nbsp;<em>Pour donner \u00e0 l\u2019opinion publique l\u2019impression que c\u2019est la nation unanime qui soutient la guerre, il est n\u00e9cessaire que des artistes et intellectuels en vue appuient les initiatives belliqueuses et les pr\u00e9sentent, selon leurs propres moyens (la chanson, la morale, le cin\u00e9ma\u2026) de mani\u00e8re positive.<\/em>&nbsp;\u00bb (<strong>Anne Morelli,&nbsp;<em>Principes \u00e9l\u00e9mentaires de propagande de guerre<\/em>, Editions aden, p. 139-140<\/strong>).<\/p>\n<\/blockquote>\n\n\n\n<h3 class=\"wp-block-heading\"><strong><mark style=\"background-color:rgba(0, 0, 0, 0)\" class=\"has-inline-color has-vivid-cyan-blue-color\">B. Notre cause a un caract\u00e8re sacr\u00e9.<\/mark><\/strong><\/h3>\n\n\n\n<blockquote class=\"wp-block-quote is-layout-flow wp-block-quote-is-layout-flow\">\n<p>\u00ab&nbsp;<em>Si notre cause est sacr\u00e9e, nous devons la d\u00e9fendre et, si n\u00e9cessaire, les armes \u00e0 la main.<\/em><\/p>\n\n\n\n<p><em>Mais ce caract\u00e8re sacr\u00e9, peut \u00eatre pris soit au sens litt\u00e9ral, soit au sens large. Au pied de la lettre, cela voudrait dire que, si la cause est religieuse, la guerre est une croisade \u00e0 laquelle on ne peut se soustraire.<\/em><\/p>\n\n\n\n<p><em>Effectivement, l\u2019argument religieux a souvent \u00e9t\u00e9 utilis\u00e9 dans la propagande de guerre.<\/em>&nbsp;\u00bb (<strong>Anne Morelli,&nbsp;<em>Principes \u00e9l\u00e9mentaires de propagande de guerre<\/em>, Editions aden, p. 145<\/strong>).<\/p>\n<\/blockquote>\n\n\n\n<blockquote class=\"wp-block-quote is-layout-flow wp-block-quote-is-layout-flow\">\n<p>\u00ab&nbsp;<em>La cause peut \u00eatre sacr\u00e9e au premier degr\u00e9, dans le sens o\u00f9 elle est celle que Dieu appuie et soutient.<\/em><\/p>\n\n\n\n<p><em>Mais bien souvent, ce sont d\u2019autres valeurs, comme la d\u00e9mocratie, la \u00ab&nbsp;civilisation&nbsp;\u00bb, la libert\u00e9 ou l\u2019\u00e9conomie de march\u00e9 qui vont \u00eatre \u00e9lev\u00e9es au rang de valeurs sacr\u00e9es.<\/em>&nbsp;\u00bb (<strong>Anne Morelli,&nbsp;<em>Principes \u00e9l\u00e9mentaires de propagande de guerre<\/em>, Editions aden, p. 149<\/strong>).<\/p>\n<\/blockquote>\n\n\n\n<p>La guerre est presque toujours une guerre religieuse, c\u2019est pour cela qu\u2019elle est sacr\u00e9e. Il y a opposition d\u2019une religion contre une autre religion. La guerre doit prendre la dimension d\u2019une croisade pour \u00eatre efficace.<\/p>\n\n\n\n<p>Dans la deuxi\u00e8me Guerre mondiale, c\u2019est l\u2019opposition du pagano-satanisme contre le christianisme. Le christianisme qui est vis\u00e9 est catholique (pour l\u2019occident) et orthodoxe (pour la Russie). De la deuxi\u00e8me \u00e0 la troisi\u00e8me, rien n\u2019a chang\u00e9. Les m\u00eames adversaires s\u2019opposent. Ce qui est vis\u00e9 en Russie, c\u2019est le chr\u00e9tien orthodoxe. En ce sens, il y a et doit avoir une solidarit\u00e9 entre catholique et orthodoxe contre un ennemi commun.<\/p>\n\n\n\n<p>Beaucoup de combattants ukrainiens sont des n\u00e9o-nazis, mais surtout des satanistes (cela va ensemble). Le nazisme est une des formes du satanisme. J\u2019ai d\u00e9j\u00e0 expliqu\u00e9 la chose ailleurs. L\u2019Ukro-nazis porte de nombreux tatouages. Des croix gamm\u00e9e, des signes \u00ab&nbsp;SS&nbsp;\u00bb et des \u00ab&nbsp;Baphomet&nbsp;\u00bb ou \u00ab&nbsp;bouc de Mend\u00e8s&nbsp;\u00bb. Le bouc de Mend\u00e8s est l\u2019autre nom de Baphomet selon Eliphas Levy.<\/p>\n\n\n\n<p>Coucou Tristan Mend\u00e8s-France.<\/p>\n\n\n\n<p>Trisant Mend\u00e8s-France qui devra donc \u00eatre rebaptiser Tristan Baphomet-France. Fils de Pierre Mend\u00e8s-France\u2026 de son vrai nom Pierre Baphomet-France.<\/p>\n\n\n\n<p>Voici un floril\u00e8ge de quelques combatants nationalistes ukrainiens (merci \u00e0 Guillaume Lopez et Laurent Brayard pour ces photos) :<\/p>\n\n\n\n<figure class=\"wp-block-image\"><img loading=\"lazy\" decoding=\"async\" width=\"800\" height=\"441\" src=\"https:\/\/www.inconscient-collectif.com\/wp-content\/uploads\/2025\/06\/FTYnCDUX0AIoVB-.jpg\" alt=\"Watchman_Bibi (@blali_larbi) \/ Twitter\" class=\"wp-image-355\" srcset=\"https:\/\/www.inconscient-collectif.com\/wp-content\/uploads\/2025\/06\/FTYnCDUX0AIoVB-.jpg 800w, https:\/\/www.inconscient-collectif.com\/wp-content\/uploads\/2025\/06\/FTYnCDUX0AIoVB--300x165.jpg 300w, https:\/\/www.inconscient-collectif.com\/wp-content\/uploads\/2025\/06\/FTYnCDUX0AIoVB--768x423.jpg 768w\" sizes=\"auto, (max-width: 800px) 100vw, 800px\" \/><\/figure>\n\n\n\n<figure class=\"wp-block-image\"><img decoding=\"async\" src=\"https:\/\/pbs.twimg.com\/media\/FTxSphJX0Acna1P?format=jpg&amp;name=large\" alt=\"Image\"\/><\/figure>\n\n\n\n<figure class=\"wp-block-image\"><img decoding=\"async\" src=\"https:\/\/pbs.twimg.com\/media\/FTxSphKWYAIVYm_?format=jpg&amp;name=large\" alt=\"Image\"\/><\/figure>\n\n\n\n<p>Mais cela ne s\u2019arr\u00eate pas l\u00e0. Le temple de Satan apporta son soutien \u00e0 la guerre en Ukraine et accueil des r\u00e9fugi\u00e9s de guerre. Il y a une certaine logique dans tous ces \u00e9v\u00e9nements lorsque l\u2019on dispose de la bonne grille de lecture.<\/p>\n\n\n\n<figure class=\"wp-block-image\"><img loading=\"lazy\" decoding=\"async\" width=\"401\" height=\"680\" src=\"https:\/\/www.inconscient-collectif.com\/wp-content\/uploads\/2025\/06\/TXxDBCl5kqc.jpg\" alt=\"\" class=\"wp-image-359\" srcset=\"https:\/\/www.inconscient-collectif.com\/wp-content\/uploads\/2025\/06\/TXxDBCl5kqc.jpg 401w, https:\/\/www.inconscient-collectif.com\/wp-content\/uploads\/2025\/06\/TXxDBCl5kqc-177x300.jpg 177w\" sizes=\"auto, (max-width: 401px) 100vw, 401px\" \/><\/figure>\n\n\n\n<figure class=\"wp-block-image\"><img loading=\"lazy\" decoding=\"async\" width=\"485\" height=\"900\" src=\"https:\/\/www.inconscient-collectif.com\/wp-content\/uploads\/2025\/06\/wZ6mwXk31xk.jpg\" alt=\"\" class=\"wp-image-356\" srcset=\"https:\/\/www.inconscient-collectif.com\/wp-content\/uploads\/2025\/06\/wZ6mwXk31xk.jpg 485w, https:\/\/www.inconscient-collectif.com\/wp-content\/uploads\/2025\/06\/wZ6mwXk31xk-162x300.jpg 162w\" sizes=\"auto, (max-width: 485px) 100vw, 485px\" \/><\/figure>\n\n\n\n<p>Lors de la lib\u00e9ration de Marioupol, l\u2019arm\u00e9e russe a retrouv\u00e9 un grand nombre de symboles satanistes dans l\u2019usine d\u2019Azovstal, ainsi que des lieux de culte n\u00e9o-pa\u00efens avec des idoles en bois. Les photos ont \u00e9t\u00e9 diffus\u00e9es par \u00ab&nbsp;ria novosti&nbsp;\u00bb. C\u2019est la preuve que le bataillon Azov n\u2019\u00e9tait pas seulement n\u00e9o-nazi, mais \u00e9galement sataniste.<\/p>\n\n\n\n<figure class=\"wp-block-image\"><img loading=\"lazy\" decoding=\"async\" width=\"680\" height=\"453\" src=\"https:\/\/www.inconscient-collectif.com\/wp-content\/uploads\/2025\/06\/P9rG0lnKfU.jpg\" alt=\"\" class=\"wp-image-357\" srcset=\"https:\/\/www.inconscient-collectif.com\/wp-content\/uploads\/2025\/06\/P9rG0lnKfU.jpg 680w, https:\/\/www.inconscient-collectif.com\/wp-content\/uploads\/2025\/06\/P9rG0lnKfU-300x200.jpg 300w\" sizes=\"auto, (max-width: 680px) 100vw, 680px\" \/><\/figure>\n\n\n\n<figure class=\"wp-block-image\"><img loading=\"lazy\" decoding=\"async\" width=\"416\" height=\"900\" src=\"https:\/\/www.inconscient-collectif.com\/wp-content\/uploads\/2025\/06\/1MJ4aumiP_o.jpg\" alt=\"\" class=\"wp-image-358\" srcset=\"https:\/\/www.inconscient-collectif.com\/wp-content\/uploads\/2025\/06\/1MJ4aumiP_o.jpg 416w, https:\/\/www.inconscient-collectif.com\/wp-content\/uploads\/2025\/06\/1MJ4aumiP_o-139x300.jpg 139w\" sizes=\"auto, (max-width: 416px) 100vw, 416px\" \/><\/figure>\n\n\n\n<p>Je ne peux m\u2019emp\u00eacher de faire le lien avec des propos anciens de Bernard-Henri Levy sur le satanisme. Le \u00ab&nbsp;philosophe&nbsp;\u00bb, en 1979, dans l\u2019\u00e9mission \u00ab&nbsp;<em>La Part de l\u2019ombre<\/em>&nbsp;\u00bb avoua son admiration pour le diable et surtout Lucifer.<\/p>\n\n\n\n<figure class=\"wp-block-embed\"><div class=\"wp-block-embed__wrapper\">\nhttps:\/\/www.youtube.com\/watch?v=_2yAIbk3uPM\n<\/div><\/figure>\n\n\n\n<p>Nous comprenons donc pourquoi B\u00e9chamel tient tellement \u00e0 soutenir les n\u00e9o-nazis ukrainiens. Lui comme eux sont satanistes. C\u2019est aussi toute la question du jud\u00e9o-nazisme, c\u2019est-\u00e0-dire de l\u2019alliance entre une certaine forme de juda\u00efsme politique et le nazisme.<\/p>\n\n\n\n<p>J\u2019ai \u00e9voqu\u00e9 la question du jud\u00e9o-nazisme il y a plusieurs ann\u00e9es dans mes livres et mes articles. Le jud\u00e9o-nazisme n\u2019est pas seulement, comme le dit le philosophe isra\u00e9lien Yeshayahou Leibowitz (pr\u00e9nom impronon\u00e7able pour moi), une alliance entre le nazisme et le juda\u00efsme politique, mais surtout une alliance politico-religieuse, sous l\u2019\u00e9gide de Satan. Une alliance qui m\u00e8ne une guerre religieuse contre le christianisme.<\/p>\n\n\n\n<p>Dans l\u2019expression \u00ab&nbsp;jud\u00e9o-nazisme, le terme \u00ab&nbsp;jud\u00e9o&nbsp;\u00bb est abusif. Ces gens-l\u00e0 ne sont nullement Juifs. Il s\u2019agit en r\u00e9alit\u00e9 de faux Juifs. Le Juif croit en Dieu, alors que le jud\u00e9o-nazi lui croit en Satan. J\u00e9sus parlait de \u00ab&nbsp;fils du serpent&nbsp;\u00bb en \u00e9voquant les pharisiens, Saint-Jean parlait lui de \u00ab&nbsp;synagogue de Satan&nbsp;\u00bb.<\/p>\n\n\n\n<p>La vraie question du jud\u00e9o-nazisme se trouve l\u00e0.<\/p>\n\n\n\n<p>Je ne parle pas des vrais Juifs qui eux croient en Dieu, mais de faux \u00ab&nbsp;Juifs&nbsp;\u00bb (avec les guillemets) dont le dieu (sans majuscule) est Satan. Il est important de bien op\u00e9rer cette distinction entre Juifs (pour lequel j\u2019ai un certains respect, malgr\u00e9 des diff\u00e9rences th\u00e9ologiques) et \u00ab&nbsp;juifs&nbsp;\u00bb (que je combats de toutes mes forces).<\/p>\n\n\n\n<p>Rapha\u00ebl Glucksman, Rapha\u00ebl Enthoven, Bernard-Henry Levy et Tristan Baphomet-France ne sont pas Juifs, ils font partie de la synagogue de Satan.<\/p>\n\n\n\n<p>La guerre en Ukraine est une guerre sacr\u00e9e. Une guerre religieuse qui prend la forme tr\u00e8s concr\u00e8te d\u2019une guerre entre jud\u00e9o-nazisme et \u00e9glise orthodoxe. Il faut d\u00e9truire l\u2019orthodoxie. Derri\u00e8re le russe, c\u2019est l\u2019orthodoxe que l\u2019on attaque. Les \u00e9glises et les monast\u00e8res br\u00fblent en Ukraine.<\/p>\n\n\n\n<figure class=\"wp-block-image\"><a href=\"https:\/\/i0.wp.com\/www.astrologie-mondiale.com\/wp-content\/uploads\/2022\/06\/image-39.png?ssl=1\"><img decoding=\"async\" src=\"https:\/\/i0.wp.com\/www.astrologie-mondiale.com\/wp-content\/uploads\/2022\/06\/image-39.png?resize=640%2C591&amp;ssl=1\" alt=\"\" class=\"wp-image-9746\"\/><\/a><\/figure>\n\n\n\n<figure class=\"wp-block-image\"><a href=\"https:\/\/i0.wp.com\/www.astrologie-mondiale.com\/wp-content\/uploads\/2022\/06\/image-40.png?ssl=1\"><img decoding=\"async\" src=\"https:\/\/i0.wp.com\/www.astrologie-mondiale.com\/wp-content\/uploads\/2022\/06\/image-40.png?resize=690%2C628&amp;ssl=1\" alt=\"\" class=\"wp-image-9747\"\/><\/a><\/figure>\n\n\n\n<p>D\u2019ailleurs, Vladimir Poutine, dans son discours du 21 f\u00e9vrier 2022, sans toutefois parler de satanisme, \u00e9voque que l\u2019une des cibles des nationalistes ukrainiens semble \u00eatre l\u2019\u00c9glise orthodoxe.<\/p>\n\n\n\n<blockquote class=\"wp-block-quote is-layout-flow wp-block-quote-is-layout-flow\">\n<p>\u00ab&nbsp;<em>Kiev continue \u00e0 pr\u00e9parer un massacre contre l\u2019\u00c9glise orthodoxe ukrainienne du Patriarcat de Moscou \u00e9galement. Et ce n\u2019est pas une \u00e9valuation \u00e9motionnelle, des d\u00e9cisions et des documents sp\u00e9cifiques le montrent. Les autorit\u00e9s ukrainiennes ont cyniquement transform\u00e9 la trag\u00e9die de la scission de l\u2019\u00c9glise en un instrument de politique d\u2019\u00c9tat. Les dirigeants actuels du pays ne r\u00e9pondent pas aux demandes des citoyens ukrainiens d\u2019abroger les lois qui portent atteinte aux droits des croyants. En outre, de nouveaux projets de loi ont \u00e9t\u00e9 enregistr\u00e9s \u00e0 la Rada contre le clerg\u00e9 et les millions de paroissiens de l\u2019\u00c9glise orthodoxe ukrainienne du Patriarcat de Moscou.<\/em>\u00ab&nbsp;<\/p>\n<\/blockquote>\n\n\n\n<h3 class=\"wp-block-heading\"><strong><mark style=\"background-color:rgba(0, 0, 0, 0)\" class=\"has-inline-color has-vivid-cyan-blue-color\">C. Ceux qui mettent en doute la propagande sont des tra\u00eetres.<\/mark><\/strong><\/h3>\n\n\n\n<blockquote class=\"wp-block-quote is-layout-flow wp-block-quote-is-layout-flow\">\n<p>\u00ab&nbsp;<em>Toute tentative de mettre en doute les r\u00e9cits des services de propagande \u00e9tait imm\u00e9diatement consid\u00e9r\u00e9e comme un manque de patriotisme, ou plut\u00f4t, comme une trahison.<\/em>&nbsp;\u00bb (<strong>Anne Morelli,&nbsp;<em>Principes \u00e9l\u00e9mentaires de propagande de guerre<\/em>, Editions aden, p. 155<\/strong>).<\/p>\n<\/blockquote>\n\n\n\n<blockquote class=\"wp-block-quote is-layout-flow wp-block-quote-is-layout-flow\">\n<p>\u00ab&nbsp;<em>Lors de toute guerre, celui qui se veut prudent, \u00e9coute les arguments des deux camps en pr\u00e9sence avant de se forger un point de vue ou met en doute l\u2019information officielle, est imm\u00e9diatement consid\u00e9r\u00e9 comme complice de l\u2019ennemi.<\/em>&nbsp;\u00bb (<strong>Anne Morelli,&nbsp;<em>Principes \u00e9l\u00e9mentaires de propagande de guerre<\/em>, Editions aden, p. 159<\/strong>).<\/p>\n<\/blockquote>\n\n\n\n<p>Je voulais terminer sur ce passage proph\u00e9tique du livre d\u2019Anne Morelli. On y retrouve presque tous les \u00e9l\u00e9ments des crises que nous avons travers\u00e9e depuis 2020 (crise sanitaire, guerre en Ukraine). A m\u00e9diter.<\/p>\n\n\n\n<blockquote class=\"wp-block-quote is-layout-flow wp-block-quote-is-layout-flow\">\n<p>\u00ab&nbsp;<em>Il n\u2019est bien s\u00fbr pas dit dans les Constitutions europ\u00e9ennes que la libert\u00e9 d\u2019opinion doit \u00eatre supprim\u00e9e en temp de guerre, mais elle l\u2019est en r\u00e9alit\u00e9. Une opinion largement r\u00e9pandue veut qu\u2019en cas de guerre, on s\u2019abstienne de toute opposition \u00e0 son gouvernement. L\u2019union sacr\u00e9e est de rigueur.<\/em><\/p>\n\n\n\n<p><em>C\u2019est pourtant en temps de guerre, au moment o\u00f9 les erreurs des gouvernements peuvent co\u00fbter le plus cher, que la libert\u00e9 d\u2019opinion devrait \u00eatre garantie pour pouvoir emp\u00eacher les gouvernements de nuire.<\/em><\/p>\n\n\n\n<p><em>Doit-on, pour ne pas passer pour un tra\u00eetre, s\u2019abstenir de toute opposition ? Ne peut-on \u00eatre pour son pays s\u2019ila raison, mais contre lui s\u2019il a tort ?La justiceet la v\u00e9rit\u00e9 n\u2019exigent-t-elle pas qu\u2019on d\u00e9fende nos ennemis si on les accuse de crimes qu\u2019ils n\u2019ont pas commis ? Au risque d\u2019\u00eatre accus\u00e9 de haute trahison\u2026<\/em>&nbsp;\u00bb (<strong>Anne Morelli,&nbsp;<em>Principes \u00e9l\u00e9mentaires de propagande de guerre<\/em>, Editions aden, p. 169<\/strong>).<\/p>\n<\/blockquote>\n\n\n\n<p>C\u2019est ainsi que nous avons vu s\u2019abattre sur l\u2019Europe une impitoyable censure pour faire taire les Russes et ceux qui les soutiennent. Si les artistes pro-guerre sont encourag\u00e9 \u00e0 s\u2019exprimer, les autres doivent se taire.<\/p>\n\n\n\n<figure class=\"wp-block-image\"><a href=\"https:\/\/i0.wp.com\/www.astrologie-mondiale.com\/wp-content\/uploads\/2022\/06\/image-32.png?ssl=1\"><img decoding=\"async\" src=\"https:\/\/i0.wp.com\/www.astrologie-mondiale.com\/wp-content\/uploads\/2022\/06\/image-32.png?resize=800%2C514&amp;ssl=1\" alt=\"\" class=\"wp-image-9728\"\/><\/a><\/figure>\n\n\n\n<figure class=\"wp-block-image\"><a href=\"https:\/\/i0.wp.com\/www.astrologie-mondiale.com\/wp-content\/uploads\/2022\/06\/image-33.png?ssl=1\"><img decoding=\"async\" src=\"https:\/\/i0.wp.com\/www.astrologie-mondiale.com\/wp-content\/uploads\/2022\/06\/image-33.png?resize=800%2C478&amp;ssl=1\" alt=\"\" class=\"wp-image-9729\"\/><\/a><\/figure>\n\n\n\n<p>La censure va m\u00eame jusqu\u2019\u00e0 viser les sportifs russes et bi\u00e9lorusses en biathlon et hockey sur glace. Deux sports nationaux l\u00e0-bas. On sait jamais, si Svetlana Mironova ou Hanna Sola d\u00e9cidaient de prendre la parole \u00e0 la fin d\u2019une course pour apporter leur soutien \u00e0 la Russie. A\u00efe, a\u00efe, a\u00efe, cela ferait d\u00e9sordre.<\/p>\n\n\n\n<figure class=\"wp-block-image\"><a href=\"https:\/\/i0.wp.com\/www.astrologie-mondiale.com\/wp-content\/uploads\/2022\/06\/image-34.png?ssl=1\"><img decoding=\"async\" src=\"https:\/\/i0.wp.com\/www.astrologie-mondiale.com\/wp-content\/uploads\/2022\/06\/image-34.png?resize=800%2C467&amp;ssl=1\" alt=\"\" class=\"wp-image-9730\"\/><\/a><\/figure>\n\n\n\n<figure class=\"wp-block-image\"><a href=\"https:\/\/i0.wp.com\/www.astrologie-mondiale.com\/wp-content\/uploads\/2022\/06\/image-35.png?ssl=1\"><img decoding=\"async\" src=\"https:\/\/i0.wp.com\/www.astrologie-mondiale.com\/wp-content\/uploads\/2022\/06\/image-35.png?resize=800%2C416&amp;ssl=1\" alt=\"\" class=\"wp-image-9731\"\/><\/a><\/figure>\n\n\n\n<figure class=\"wp-block-image\"><a href=\"https:\/\/i0.wp.com\/www.astrologie-mondiale.com\/wp-content\/uploads\/2022\/06\/image-36.png?ssl=1\"><img decoding=\"async\" src=\"https:\/\/i0.wp.com\/www.astrologie-mondiale.com\/wp-content\/uploads\/2022\/06\/image-36.png?resize=800%2C391&amp;ssl=1\" alt=\"\" class=\"wp-image-9732\"\/><\/a><\/figure>\n\n\n\n<p>Allons toujours plus loin, en interdisant les musiciens russes ou des \u00e9crivains morts depuis longtemps. C\u2019est l\u00e0 que nous comprenons le caract\u00e8re religieux de la guerre. Il ne s\u2019agit pas seulement de faire taire les opposant au conflit, mais d\u2019\u00e9radiquer la culture de l\u2019adversaire. La culture russe doit dispara\u00eetre de la surface de la terre.<\/p>\n\n\n\n<figure class=\"wp-block-image\"><a href=\"https:\/\/i0.wp.com\/www.astrologie-mondiale.com\/wp-content\/uploads\/2022\/06\/image-37.png?ssl=1\"><img decoding=\"async\" src=\"https:\/\/i0.wp.com\/www.astrologie-mondiale.com\/wp-content\/uploads\/2022\/06\/image-37.png?resize=730%2C609&amp;ssl=1\" alt=\"\" class=\"wp-image-9733\"\/><\/a><\/figure>\n\n\n\n<figure class=\"wp-block-image\"><a href=\"https:\/\/i0.wp.com\/www.astrologie-mondiale.com\/wp-content\/uploads\/2022\/06\/image-38.png?ssl=1\"><img decoding=\"async\" src=\"https:\/\/i0.wp.com\/www.astrologie-mondiale.com\/wp-content\/uploads\/2022\/06\/image-38.png?resize=800%2C484&amp;ssl=1\" alt=\"\" class=\"wp-image-9734\"\/><\/a><\/figure>\n\n\n\n<p><strong>Nous avons explor\u00e9 ensemble les abysses et les sommets des techniques de manipulation mentale, un voyage qui, nous l\u2019esp\u00e9rons, vous a offert des cl\u00e9s de compr\u00e9hension essentielles sur les forces invisibles qui mod\u00e8lent notre perception du monde. Mais l\u2019aventure ne s\u2019arr\u00eate pas l\u00e0, et votre voix compte dans cette exploration continue de la conscience humaine.<\/strong><\/p>\n\n\n\n<p><strong>Partagez vos r\u00e9flexions :<\/strong>&nbsp;Avez-vous d\u00e9j\u00e0 ressenti l\u2019influence de ces techniques dans votre vie quotidienne ? Connaissiez-vous leur profondeur et leur port\u00e9e ? Votre avis nous est pr\u00e9cieux, alors n\u2019h\u00e9sitez pas \u00e0 enrichir le d\u00e9bat en partageant vos commentaires ci-dessous.<\/p>\n\n\n\n<p><strong>Rejoignez notre communaut\u00e9 :<\/strong>&nbsp;Pour ne rien manquer de nos futures explorations et analyses, suivez-nous sur&nbsp;<a href=\"https:\/\/chat.openai.com\/g\/g-ojPSFETAR-marketing-gpt\">Twitter<\/a>&nbsp;et rejoignez notre groupe sur&nbsp;<a href=\"https:\/\/chat.openai.com\/g\/g-ojPSFETAR-marketing-gpt\">Telegram<\/a>. Ensemble, creusons encore plus profond\u00e9ment les myst\u00e8res de la psych\u00e9 humaine.<\/p>\n\n\n\n<p><strong>Soutenez notre qu\u00eate de savoir :<\/strong>&nbsp;Si vous avez trouv\u00e9 de la valeur dans cet article et souhaitez contribuer \u00e0 l\u2019avenir de notre site, consid\u00e9rez un clic sur nos publicit\u00e9s partenaires ou un don, aussi modeste soit-il. Chaque geste de soutien nous aide \u00e0 continuer \u00e0 vous fournir des contenus riches, approfondis et libres d\u2019acc\u00e8s.<\/p>\n\n\n\n<p>Votre curiosit\u00e9, votre engagement et votre soutien sont les moteurs de notre passion. Ensemble, continuons \u00e0 d\u00e9voiler les secrets de l\u2019esprit humain, pour un avenir plus conscient et \u00e9clair\u00e9.<\/p>\n","protected":false},"excerpt":{"rendered":"<p>Face aux conflits actuels \u00e0 l\u2019Est, cet article se penche sur la propagande de guerre, inspir\u00e9 par l\u2019\u0153uvre d\u2019Anne Morelli,<\/p>\n","protected":false},"author":1,"featured_media":354,"comment_status":"open","ping_status":"open","sticky":false,"template":"","format":"standard","meta":{"_jetpack_memberships_contains_paid_content":false,"footnotes":""},"categories":[1],"tags":[],"class_list":["post-341","post","type-post","status-publish","format-standard","has-post-thumbnail","hentry","category-non-classe"],"aioseo_notices":[],"jetpack_featured_media_url":"https:\/\/www.inconscient-collectif.com\/wp-content\/uploads\/2025\/06\/bhl-ukraine.jpg","jetpack_sharing_enabled":true,"_links":{"self":[{"href":"https:\/\/www.inconscient-collectif.com\/index.php\/wp-json\/wp\/v2\/posts\/341","targetHints":{"allow":["GET"]}}],"collection":[{"href":"https:\/\/www.inconscient-collectif.com\/index.php\/wp-json\/wp\/v2\/posts"}],"about":[{"href":"https:\/\/www.inconscient-collectif.com\/index.php\/wp-json\/wp\/v2\/types\/post"}],"author":[{"embeddable":true,"href":"https:\/\/www.inconscient-collectif.com\/index.php\/wp-json\/wp\/v2\/users\/1"}],"replies":[{"embeddable":true,"href":"https:\/\/www.inconscient-collectif.com\/index.php\/wp-json\/wp\/v2\/comments?post=341"}],"version-history":[{"count":2,"href":"https:\/\/www.inconscient-collectif.com\/index.php\/wp-json\/wp\/v2\/posts\/341\/revisions"}],"predecessor-version":[{"id":362,"href":"https:\/\/www.inconscient-collectif.com\/index.php\/wp-json\/wp\/v2\/posts\/341\/revisions\/362"}],"wp:featuredmedia":[{"embeddable":true,"href":"https:\/\/www.inconscient-collectif.com\/index.php\/wp-json\/wp\/v2\/media\/354"}],"wp:attachment":[{"href":"https:\/\/www.inconscient-collectif.com\/index.php\/wp-json\/wp\/v2\/media?parent=341"}],"wp:term":[{"taxonomy":"category","embeddable":true,"href":"https:\/\/www.inconscient-collectif.com\/index.php\/wp-json\/wp\/v2\/categories?post=341"},{"taxonomy":"post_tag","embeddable":true,"href":"https:\/\/www.inconscient-collectif.com\/index.php\/wp-json\/wp\/v2\/tags?post=341"}],"curies":[{"name":"wp","href":"https:\/\/api.w.org\/{rel}","templated":true}]}}