{"id":4,"date":"2024-03-19T00:24:42","date_gmt":"2024-03-18T23:24:42","guid":{"rendered":"http:\/\/www.inconscient-collectif.com\/?p=4"},"modified":"2024-03-19T20:38:33","modified_gmt":"2024-03-19T19:38:33","slug":"le-conformisme-1","status":"publish","type":"post","link":"https:\/\/www.inconscient-collectif.com\/index.php\/2024\/03\/19\/le-conformisme-1\/","title":{"rendered":"Au-del\u00e0 du conformisme politique : Partie 1."},"content":{"rendered":"\n<p><strong>Dans un monde o\u00f9 le conformisme semble souvent r\u00e9gner en ma\u00eetre.<\/strong> <strong>Il est crucial de s&rsquo;interroger sur les m\u00e9canismes qui le sous-tendent et les impacts qu&rsquo;il peut avoir sur notre soci\u00e9t\u00e9.<\/strong><\/p>\n\n\n\n<p><strong>L&rsquo;article que vous vous appr\u00eatez \u00e0 lire plonge au c\u0153ur de cette th\u00e9matique, explorant les origines du conformisme, son influence sur les individus et les communaut\u00e9s, ainsi que les d\u00e9fis qu&rsquo;il pose \u00e0 la notion de libert\u00e9 et d&rsquo;innovation. De plus, alors que nous naviguons \u00e0 travers les vagues de traditions et les pressions sociales, ;<\/strong> <strong>cet article offre une boussole pr\u00e9cieuse pour comprendre comment le conformisme fa\u00e7onne notre monde.<\/strong> <strong>Comment, peut-\u00eatre, nous pouvons chercher \u00e0 remodeler ce dernier pour favoriser une diversit\u00e9 et une cr\u00e9ativit\u00e9 accrues.<\/strong><\/p>\n\n\n\n<h2 class=\"wp-block-heading\"><strong><mark style=\"background-color:rgba(0, 0, 0, 0)\" class=\"has-inline-color has-vivid-red-color\">I. Le conformisme en politique.<\/mark><\/strong><\/h2>\n\n\n\n<p>Ayant fait quelques ann\u00e9es d\u2019\u00e9tudes en psychologie \u00e0 Dijon, en compl\u00e9ment de mes \u00e9tudes universitaires en droit, il m\u2019a paru int\u00e9ressant d\u2019expos\u00e9 dans plusieurs articles les grandes th\u00e9ories de la psychologie sous l\u2019angle de la science politique. Cela pourrait \u00e9clairer et guider le lecteur sur la p\u00e9riode de trouble que nous traversons en ce moment, offrant ainsi des perspectives nouvelles et pertinentes.<\/p>\n\n\n\n<p>En psychologie sociale, qui \u00e9tudie les rapports sociaux sous l\u2019angle de la psychologie, il existe deux branches : la psychologie individuelle et la psychologie de groupe. Dans les rapports de groupe, nous sommes vraiment \u00e0 la fronti\u00e8re de la sociologie. Ce qui prime avec la psychologie sociale, c\u2019est le rapport d\u2019un individu avec son groupe ou avec un autre groupe, alors que la sociologie ne s\u2019int\u00e9resse pas \u00e0 l\u2019individu dans son fonctionnement int\u00e9rieur, mais aux grandes lois de la soci\u00e9t\u00e9.<\/p>\n\n\n\n<figure class=\"wp-block-image size-full\"><img loading=\"lazy\" decoding=\"async\" width=\"546\" height=\"465\" src=\"http:\/\/www.inconscient-collectif.com\/wp-content\/uploads\/2024\/03\/image.png\" alt=\"\" class=\"wp-image-35\" srcset=\"https:\/\/www.inconscient-collectif.com\/wp-content\/uploads\/2024\/03\/image.png 546w, https:\/\/www.inconscient-collectif.com\/wp-content\/uploads\/2024\/03\/image-300x255.png 300w\" sizes=\"auto, (max-width: 546px) 100vw, 546px\" \/><\/figure>\n\n\n\n<p>Bref, int\u00e9ressons-nous uniquement \u00e0 la psychologie sociale au niveau politique. Ce point de vue est tr\u00e8s rarement pris en compte, alors qu\u2019il \u00e9claire le fonctionnement d\u2019une soci\u00e9t\u00e9 sur beaucoup de probl\u00e8mes actuels.<\/p>\n\n\n\n<figure class=\"wp-block-image size-full\"><img loading=\"lazy\" decoding=\"async\" width=\"258\" height=\"387\" src=\"http:\/\/www.inconscient-collectif.com\/wp-content\/uploads\/2024\/03\/image-1.png\" alt=\"\" class=\"wp-image-36\" srcset=\"https:\/\/www.inconscient-collectif.com\/wp-content\/uploads\/2024\/03\/image-1.png 258w, https:\/\/www.inconscient-collectif.com\/wp-content\/uploads\/2024\/03\/image-1-200x300.png 200w\" sizes=\"auto, (max-width: 258px) 100vw, 258px\" \/><figcaption class=\"wp-element-caption\">Kurt Lewin.<\/figcaption><\/figure>\n\n\n\n<h3 class=\"wp-block-heading\"><strong><mark style=\"background-color:rgba(0, 0, 0, 0)\" class=\"has-inline-color has-vivid-cyan-blue-color\">A. Kurt Lewin (1890-1947).<\/mark><\/strong><\/h3>\n\n\n\n<p><strong><a href=\"https:\/\/fr.wikipedia.org\/wiki\/Kurt_Lewin\" title=\"\">Kurt Lewin(1890-1947)<\/a><\/strong>&nbsp;est un psychologue am\u00e9ricain d\u2019origine juive allemande, ses travaux sur les groupes eurent une grande influence sur l\u2019Institut Tavistock. Il d\u00e9finissait le groupe social comme un ensemble de personnes ayant la possibilit\u00e9 de se percevoir et d\u2019interagir directement en participant \u00e0 une activit\u00e9 commune gr\u00e2ce \u00e0 un syst\u00e8me de r\u00e8gles et de normes. La taille du groupe allant de cinq personnes \u00e0 des millions. Une personne pouvant appartenir \u00e0 plusieurs groupes.<\/p>\n\n\n\n<figure class=\"wp-block-image size-full\"><img loading=\"lazy\" decoding=\"async\" width=\"645\" height=\"208\" src=\"http:\/\/www.inconscient-collectif.com\/wp-content\/uploads\/2024\/03\/image-2.png\" alt=\"\" class=\"wp-image-37\" srcset=\"https:\/\/www.inconscient-collectif.com\/wp-content\/uploads\/2024\/03\/image-2.png 645w, https:\/\/www.inconscient-collectif.com\/wp-content\/uploads\/2024\/03\/image-2-300x97.png 300w\" sizes=\"auto, (max-width: 645px) 100vw, 645px\" \/><\/figure>\n\n\n\n<h4 class=\"wp-block-heading\"><strong><mark style=\"background-color:rgba(0, 0, 0, 0)\" class=\"has-inline-color has-luminous-vivid-orange-color\">1. Le champ.<\/mark><\/strong><\/h4>\n\n\n\n<p>Selon Kurt Lewin, le comportement d\u2019un individu au sein d\u2019un groupe ou du groupe est toujours d\u00e9termin\u00e9 par son environnement psychologique et social. C\u2019est ce qu\u2019il appelle&nbsp;<strong>le champ<\/strong>.<\/p>\n\n\n\n<p>Le groupe est \u00e9galement une organisation structur\u00e9e. Ce n\u2019est pas une juxtaposition ou collection d\u2019individus. Cette organisation est inh\u00e9rente au groupe, elle en forme l\u2019\u00e2me et l\u2019identit\u00e9.<\/p>\n\n\n\n<h4 class=\"wp-block-heading\"><strong><mark style=\"background-color:rgba(0, 0, 0, 0)\" class=\"has-inline-color has-luminous-vivid-orange-color\">2. La normalisation.<\/mark><\/strong><\/h4>\n\n\n\n<p>Le groupe va d\u00e9terminer un certain nombre de r\u00e8gles de fonctionnement que l\u2019on appelle norme. Le processus de mise en place de ses normes, c\u2019est&nbsp;<strong>la normalisation<\/strong>. Cela correspond \u00e0 la mise en commun des normes de fonctionnement par influence r\u00e9ciproque des membres du groupe.<\/p>\n\n\n\n<p>On a longtemps cru que l\u2019uniformit\u00e9 n\u00e9cessaire \u00e0 la normalisation qui r\u00e9sulte de la pression sociale du groupe, \u00e9tait le r\u00e9sultat d\u2019un processus d\u2019imitation que l\u2019individu activerait de fa\u00e7on instinctive. Aujourd\u2019hui, on s\u2019accorde \u00e0 dire que l\u2019uniformit\u00e9 est la r\u00e9sultante de plusieurs facteurs d\u2019ordre social qui ont deux fonctions essentielles :<\/p>\n\n\n\n<p><em><strong>Au niveau des relation entre les individus d\u2019un m\u00eame groupe<\/strong><\/em>, les normes jouent un&nbsp;<strong>r\u00f4le de d\u00e9cryptage du mond<\/strong>e. Elles permettent de r\u00e9duire l\u2019ambigu\u00eft\u00e9 en cas d\u2019incertitude. Elles facilitent les relations au sein du groupe en apportant ordre et stabilit\u00e9. Elle limite l\u2019apparition des conflits. La pr\u00e9sence de plusieurs individus entra\u00eene des ph\u00e9nom\u00e8nes de comp\u00e9titions qui d\u00e9bouchent sur des conflits. La norme va alors servir de r\u00e9f\u00e9rence commune et permettre la coh\u00e9sion du groupe du groupe.<\/p>\n\n\n\n<p><strong><em>Dans les relations entre les groupes<\/em>,<\/strong>&nbsp;les normes&nbsp;<strong>donne une sp\u00e9cificit\u00e9 au groupe social<\/strong>&nbsp;et&nbsp;<strong>permettent de se d\u00e9marquer des autres groupes sociau<\/strong>x (coiffure, jargons, habit, etc.). Elle permet aux membres d\u2019un m\u00eame groupe de se reconna\u00eetre entre eux, mais \u00e9galement aux autres groupes d\u2019identifier les concitoyens d\u2019un groupe concurrent.<\/p>\n\n\n\n<p>Le groupe va \u00e9galement \u00e9tablir tout un syst\u00e8me de st\u00e9r\u00e9otype et de pr\u00e9jug\u00e9. C\u2019est un syst\u00e8me de facilitation social. Il permet \u00e0 chacun d\u2019\u00e9viter de s\u2019interroger syst\u00e9matiquement sur la conduite \u00e0 tenir lorsqu\u2019il est confront\u00e9 a une situation particuli\u00e8re.<\/p>\n\n\n\n<h3 class=\"wp-block-heading\"><strong><mark style=\"background-color:rgba(0, 0, 0, 0)\" class=\"has-inline-color has-vivid-cyan-blue-color\">B. L&rsquo;exp\u00e9rience de Sherif (1936) : l&rsquo;effet auto-cin\u00e9tique.<\/mark><\/strong><\/h3>\n\n\n\n<p>Une exp\u00e9rience mondialement c\u00e9l\u00e8bre fut r\u00e9alis\u00e9 en&nbsp;<strong>1936&nbsp;<\/strong>par&nbsp;<a href=\"https:\/\/fr.wikipedia.org\/wiki\/Muzafer_%C5%9Eerif\" title=\"\"><strong>Muzafer \u015eherif<\/strong>&nbsp;<\/a>qui d\u00e9montra la mise en oeuvre d\u2019une norme au sein d\u2019un groupe.<\/p>\n\n\n\n<h4 class=\"wp-block-heading\"><strong><mark style=\"background-color:rgba(0, 0, 0, 0)\" class=\"has-inline-color has-luminous-vivid-orange-color\">1. D\u00e9roulement de l&rsquo;exp\u00e9rience.<\/mark><\/strong><\/h4>\n\n\n\n<p>Sherif va r\u00e9unir plusieurs personnes dans une salle enti\u00e8rement dans le noir et introduit un point lumineux immobile sur un mur \u00e0 cinq m\u00e8tres des sujets. Il leur demande d\u2019estimer la distance de d\u00e9placement du point lumineux, alors que celui-ci est immobile. C\u2019est une illusion d\u2019optique tr\u00e8s connu dans le monde de l\u2019aviation que l\u2019on appelle \u201ceffet auto-cin\u00e9tique\u201d. Il est important que cela ne soit pas un point en mouvement, mais une illusion d\u2019optique afin de laisser libre cours \u00e0 l\u2019imagination de chacun. Un point lumineux qui bougerait r\u00e9ellement aurait biais\u00e9 les r\u00e9sultats.<\/p>\n\n\n\n<p>L\u2019exp\u00e9rience se d\u00e9roule dans trois conditions afin de permettre la comparaison des r\u00e9sultats.<\/p>\n\n\n\n<p>Une&nbsp;<strong>premi\u00e8re condition<\/strong>&nbsp;dite seule. Les sujets r\u00e9alisent l\u2019estimation de la vitesse&nbsp;<em>seule<\/em>.<\/p>\n\n\n\n<p>Une&nbsp;<strong>deuxi\u00e8me condition<\/strong>&nbsp;dit&nbsp;<em>seule<\/em>&nbsp;puis&nbsp;<em>en groupe<\/em>&nbsp;(de trois personnes).<\/p>\n\n\n\n<p>Une&nbsp;<strong>troisi\u00e8me conditio<\/strong>n dite&nbsp;<em>en groupe<\/em>&nbsp;(de trois personnes) puis&nbsp;<em>seule<\/em>.<\/p>\n\n\n\n<h4 class=\"wp-block-heading\"><strong><mark style=\"background-color:rgba(0, 0, 0, 0)\" class=\"has-inline-color has-luminous-vivid-orange-color\">2. R\u00e9sultats de l&rsquo;exp\u00e9rience.<\/mark><\/strong><\/h4>\n\n\n\n<p>Dans la condition d\u2019estimation de la vitesse par un sujet individuel, on constate une \u00e9volution des r\u00e9sultats. Au d\u00e9but, on constate une variabilit\u00e9 importante dans les estimations, puis progressivement l\u2019\u00e9cart entre les estimations se r\u00e9duit. Le sujet se cr\u00e9e sa propre \u00e9chelle de valeur, sa norme individuelle.<\/p>\n\n\n\n<figure class=\"wp-block-image size-full\"><img loading=\"lazy\" decoding=\"async\" width=\"437\" height=\"141\" src=\"http:\/\/www.inconscient-collectif.com\/wp-content\/uploads\/2024\/03\/image-3.png\" alt=\"\" class=\"wp-image-38\" srcset=\"https:\/\/www.inconscient-collectif.com\/wp-content\/uploads\/2024\/03\/image-3.png 437w, https:\/\/www.inconscient-collectif.com\/wp-content\/uploads\/2024\/03\/image-3-300x97.png 300w\" sizes=\"auto, (max-width: 437px) 100vw, 437px\" \/><\/figure>\n\n\n\n<p>Dans la condition seule puis en groupe, on retrouve le m\u00eame ph\u00e9nom\u00e8ne de la constitution d\u2019une norme individuelle. Lors du passage en groupe, on constate qu\u2019au d\u00e9but, il y a une grande variabilit\u00e9 dans les r\u00e9ponses, puis tr\u00e8s tardivement elles commencent \u00e0 s\u2019homog\u00e9n\u00e9iser. La pr\u00e9sence de normes individuelles constitu\u00e9es pr\u00e9alablement freine l\u2019\u00e9mergence de la norme collective. On constate un abandon de la norme individuelle vers un syst\u00e8me commun de valeur. La norme de groupe se constitue par t\u00e2tonnement.<\/p>\n\n\n\n<figure class=\"wp-block-image size-full\"><img loading=\"lazy\" decoding=\"async\" width=\"474\" height=\"423\" src=\"http:\/\/www.inconscient-collectif.com\/wp-content\/uploads\/2024\/03\/image-4.png\" alt=\"\" class=\"wp-image-39\" srcset=\"https:\/\/www.inconscient-collectif.com\/wp-content\/uploads\/2024\/03\/image-4.png 474w, https:\/\/www.inconscient-collectif.com\/wp-content\/uploads\/2024\/03\/image-4-300x268.png 300w\" sizes=\"auto, (max-width: 474px) 100vw, 474px\" \/><\/figure>\n\n\n\n<p>Dans la condition en groupe puis seule, les r\u00e9ponses s\u2019homog\u00e9n\u00e9ise rapidement. La norme collective n\u2019est pas frein\u00e9e par des normes individuelles. Lorsque le sujet est seul ensuite, ses r\u00e9ponses sont homog\u00e8nes avec celle du groupe avec lequel il \u00e9tait au pr\u00e9alable. Le sujet utilise la norme collective et il applique la norme institu\u00e9e collectivement.<\/p>\n\n\n\n<figure class=\"wp-block-image size-full\"><img loading=\"lazy\" decoding=\"async\" width=\"363\" height=\"162\" src=\"http:\/\/www.inconscient-collectif.com\/wp-content\/uploads\/2024\/03\/image-5.png\" alt=\"\" class=\"wp-image-40\" srcset=\"https:\/\/www.inconscient-collectif.com\/wp-content\/uploads\/2024\/03\/image-5.png 363w, https:\/\/www.inconscient-collectif.com\/wp-content\/uploads\/2024\/03\/image-5-300x134.png 300w\" sizes=\"auto, (max-width: 363px) 100vw, 363px\" \/><\/figure>\n\n\n\n<h4 class=\"wp-block-heading\"><strong><mark style=\"background-color:rgba(0, 0, 0, 0)\" class=\"has-inline-color has-luminous-vivid-orange-color\">3. Importance du chef.<\/mark><\/strong><\/h4>\n\n\n\n<p>Sh\u00e9rif constate qu\u2019un individu peut avoir plus d\u2019influence que les autres, c\u2019est le chef ou leader. Il est soit celui qui parle le mieux, soit le plus intelligent. C\u2019est autour de ses positions que va se construire la norme collective. Lorsque plus tard, il se met a d\u00e9vier lui-m\u00eame de la norme, le reste du groupe ne va pas le suivre, mais va rester dans la norme du groupe qui a \u00e9t\u00e9 construite collectivement.<\/p>\n\n\n\n<p>Mais attention ce n\u2019est pas norme du chef qui est prise comme mod\u00e8le de r\u00e9f\u00e9rence par les autres, la construction reste collective. On observe que l\u2019estimation du chef va \u00eatre l\u00e9g\u00e8rement modifi\u00e9 pour tenir compte de la position des autres. Il y a quand m\u00eame une construction collective.<\/p>\n\n\n\n<h3 class=\"wp-block-heading\"><strong><mark style=\"background-color:rgba(0, 0, 0, 0)\" class=\"has-inline-color has-vivid-cyan-blue-color\">C. L&rsquo;exp\u00e9rience de Triplett (1897) : la facilitation sociale.<\/mark><\/strong><\/h3>\n\n\n\n<p>Ce processus de constitution d\u2019une norme sociale fait \u00e9cho a une des plus anciennes exp\u00e9riences de la psychologie sociale qui a mis en \u00e9vidence le ph\u00e9nom\u00e8ne de l\u2019imitation dans un groupe.<\/p>\n\n\n\n<p>L\u2019exp\u00e9rience initiale fut celle de&nbsp;<strong><a href=\"https:\/\/fr.wikipedia.org\/wiki\/Norman_Triplett\" title=\"\">Norman Triplett<\/a> en 1897<\/strong>. Il demande a des enfants de 8 \u00e0 17 ans de rembobiner le plus rapidement possible une bobine de fil de 16 m\u00e8tres avec un moulinet de canne \u00e0 p\u00eache. Les enfants seuls rembobinent moins vite le fil que ceux en couple.<\/p>\n\n\n\n<p>Le m\u00eame ph\u00e9nom\u00e8ne s\u2019observe \u00e9galement en cas de simple t\u00e9moin passif. C\u2019est l\u2019exp\u00e9rience d\u2019<strong>Ernst Meumann (1904)<\/strong>&nbsp;qui montre que les performances physiques d\u2019un sujet sont am\u00e9lior\u00e9es si le sujet est mis en pr\u00e9sence d\u2019un t\u00e9moin passif. Il demanda \u00e0 des \u00e9tudiants de travailler \u00e0 la limite de leurs possibilit\u00e9s physiques en soulevant un poids important avec un doigt. Alors que Meumann passe par hasard dans son laboratoire o\u00f9 travaillent les \u00e9tudiants, il s\u2019aper\u00e7oit que la performance s\u2019am\u00e9liore subitement.<\/p>\n\n\n\n<p>C\u2019est le champ immense de la facilitation sociale que je ne traiterais pas dans cette s\u00e9rie d\u2019articles. Il est juste \u00e0 soulign\u00e9 que la construction de la norme dans un groupe social r\u00e9pond de cette id\u00e9e que l\u2019individu en groupe a tendance \u00e0 vouloir imiter les autres. C\u2019est aussi ce qui va expliquer la tendance au conformisme dans le groupe, ce que nous verrons dans l\u2019article suivant. C\u2019est \u00e0 partir de l\u00e0 que nous allons p\u00e9n\u00e9trer de plein pied ans les techniques de manipulation mentale utilis\u00e9 par nos ma\u00eetres et comprendre ainsi comment retourner la technique contre eux.<\/p>\n\n\n\n<h2 class=\"wp-block-heading\"><strong><mark style=\"background-color:rgba(0, 0, 0, 0)\" class=\"has-inline-color has-vivid-red-color\">II. La prox\u00e9mique d&rsquo;Edward T. Hall.<\/mark><\/strong><\/h2>\n\n\n\n<p>Toutefois, revenons \u00e0 la notion de norme dans le groupe. Avec le corona-virus nous avons vus appara\u00eetre des choses compl\u00e8tements d\u00e9cal\u00e9s avec notre culture latine. Le port du masque sur le visage et la distanciation sociale sont totalement \u00e9trang\u00e8res \u00e0 notre civilisation du sud de l\u2019Europe. Le sociologue&nbsp;<a href=\"https:\/\/fr.wikipedia.org\/wiki\/Edward_T._Hall\" title=\"\"><strong>Edward T. Hall<\/strong>&nbsp;<\/a>\u00e9tudia la distance sociale selon les cultures qu\u2019il appelle la \u201cprox\u00e9mie\u201d dans son livre \u201c<em>La dimension cach\u00e9e<\/em>\u201c. &nbsp;Il parle de dimension subjective qui entoure un individu selon les r\u00e8gles culturelles comme les couches d\u2019un oignon.<\/p>\n\n\n\n<figure class=\"wp-block-image size-full\"><a href=\"https:\/\/www.amazon.fr\/Dimension-cach%C3%A9e-Edward-t-Hall\/dp\/2757841998\/ref=sr_1_1?crid=14R8YQU0CLP9&amp;dib=eyJ2IjoiMSJ9._JB-C5EzyEht_kdkKG3zf8P8knmm-GYXTHD2yi3nqM1FQRUQN0fqehQO4WpF14bZ5k9Zary328cAa51o6ewiF394bXgGYy69XKCodZQAeIzohrVy5JMj9SpGRYIqiPXH2RZUQiHkNAMBNjc-eLW378-oXSFi3fnt3qRLil_vhJVgvCnyXSj6goMaeqOQAsxZ.FMtYar_PyIz5r1p_53wI5EPgijqgGLYrWtAt4Z7baaw&amp;dib_tag=se&amp;keywords=la+dimension+cach%C3%A9e+edward+t.+hall&amp;qid=1710863685&amp;sprefix=la+dimenion+c%2Caps%2C109&amp;sr=8-1\"><img loading=\"lazy\" decoding=\"async\" width=\"227\" height=\"373\" src=\"http:\/\/www.inconscient-collectif.com\/wp-content\/uploads\/2024\/03\/image-6.png\" alt=\"\" class=\"wp-image-41\" srcset=\"https:\/\/www.inconscient-collectif.com\/wp-content\/uploads\/2024\/03\/image-6.png 227w, https:\/\/www.inconscient-collectif.com\/wp-content\/uploads\/2024\/03\/image-6-183x300.png 183w\" sizes=\"auto, (max-width: 227px) 100vw, 227px\" \/><\/a><figcaption class=\"wp-element-caption\">Edward T. Hall, \u00ab\u00a0La dimension cach\u00e9e.<\/figcaption><\/figure>\n\n\n\n<h3 class=\"wp-block-heading\"><strong><mark style=\"background-color:rgba(0, 0, 0, 0)\" class=\"has-inline-color has-vivid-cyan-blue-color\">A. Les quatre distances chez Hall.<\/mark><\/strong><\/h3>\n\n\n\n<p>Il distingue quatre distances :<\/p>\n\n\n\n<ul class=\"wp-block-list\">\n<li><strong>Intime<\/strong>&nbsp;: concerne les interactions intenses avec autrui. Importance du toucher et de l\u2019odeur.<\/li>\n\n\n\n<li><strong>Personnelle :<\/strong>&nbsp;interaction avec les amis. Echange chaleureux, mais sans contact physique.<\/li>\n\n\n\n<li><strong>Sociale<\/strong>&nbsp;: rapport moins personnel par exemple de type professionnel.<\/li>\n\n\n\n<li><strong>Publique :<\/strong>&nbsp;contact entre personnes de statut diff\u00e9rent.<\/li>\n<\/ul>\n\n\n\n<figure class=\"wp-block-image size-full\"><img loading=\"lazy\" decoding=\"async\" width=\"759\" height=\"495\" src=\"http:\/\/www.inconscient-collectif.com\/wp-content\/uploads\/2024\/03\/image-7.png\" alt=\"\" class=\"wp-image-42\" srcset=\"https:\/\/www.inconscient-collectif.com\/wp-content\/uploads\/2024\/03\/image-7.png 759w, https:\/\/www.inconscient-collectif.com\/wp-content\/uploads\/2024\/03\/image-7-300x196.png 300w\" sizes=\"auto, (max-width: 759px) 100vw, 759px\" \/><\/figure>\n\n\n\n<p>Le secteur de l\u2019intime est de 45 cm pour les hommes du Nord et de 30 cm pour ceux du Sud. Imposer ce genre de d\u00e9lire aux pays du sud, France, Italie, est un immense scandale. C\u2019est interdire tous contacts rapproch\u00e9s, surtout lorsque l\u2019on sait l\u2019importance du contact physique dans les pays latins. C\u2019est un viol culturel.<\/p>\n\n\n\n<h3 class=\"wp-block-heading\"><strong><mark style=\"background-color:rgba(0, 0, 0, 0)\" class=\"has-inline-color has-vivid-cyan-blue-color\">B. L&rsquo;importance du sourire dans les pays latins.<\/mark><\/strong><\/h3>\n\n\n\n<p>Et parlons du masque qui couvre le visage et cache le sourire \u00e0 son interlocuteur. Le sourire ou non est une marque culturel majeur dans nos contr\u00e9es. C\u2019est ce que montre une exp\u00e9rience de&nbsp;<strong>Tidd et Lockard<\/strong>&nbsp;r\u00e9alis\u00e9 dans un caf\u00e9 en&nbsp;<strong>1978<\/strong>.<\/p>\n\n\n\n<p>Deux conditions :<\/p>\n\n\n\n<ol class=\"wp-block-list\">\n<li>La serveuse doit esquisser un petit sourire au moment de donner la commande aux clients.<\/li>\n\n\n\n<li>La serveuse doit offrir un large sourire aux clients lors de la d\u00e9livrance de la commande.<\/li>\n<\/ol>\n\n\n\n<p>Une fois la commande d\u00e9livr\u00e9e, elle doit dispara\u00eetre de la vue des clients pour \u00e9viter toutes interactions avec eux. Il ne faut juger que de l\u2019effet du sourire. On ne sait jamais\u2026 Une harc\u00e8lement de rue pour obtenir le 06 de la serveuse. On est en France quand m\u00eame.<\/p>\n\n\n\n<p>Enfin, on compte le pourboire laiss\u00e9 sur la table.<\/p>\n\n\n\n<p>L\u2019effet du sourire est majeur surtout sur l\u2019homme.<\/p>\n\n\n\n<p>Avec la museli\u00e8re sur le visage plus possible de contempler le joli sourire de la serveuse ou des gens que l\u2019on c\u00f4toie. Comment peut-on accepter une telle contradiction avec nos fondements soci\u00e9taux. C\u2019est justement ce que montre le processus de conformisme que nous verrons au prochain chapitre.<\/p>\n\n\n\n<h2 class=\"wp-block-heading\"><strong><mark style=\"background-color:rgba(0, 0, 0, 0)\" class=\"has-inline-color has-vivid-red-color\">III. Conclusion.<\/mark><\/strong><\/h2>\n\n\n\n<p>Apr\u00e8s avoir explor\u00e9 les m\u00e9andres du conformisme dans notre soci\u00e9t\u00e9, nous sommes invit\u00e9s \u00e0 r\u00e9fl\u00e9chir sur son impact dans notre vie quotidienne et la mani\u00e8re dont nous pouvons, individuellement et collectivement, \u0153uvrer pour un monde o\u00f9 la diversit\u00e9 des pens\u00e9es et des actions est non seulement accept\u00e9e mais c\u00e9l\u00e9br\u00e9e.<\/p>\n\n\n\n<p>Vous sentez-vous inspir\u00e9 par ces id\u00e9es ?<\/p>\n\n\n\n<p>Souhaitez-vous contribuer \u00e0 cette r\u00e9flexion et encourager un d\u00e9bat plus large ? Rejoignez-nous sur les r\u00e9seaux sociaux pour partager vos pens\u00e9es et exp\u00e9riences. Ensemble, nous pouvons construire une communaut\u00e9 plus forte et plus unie dans la diversit\u00e9. N&rsquo;oubliez pas \u00e9galement de soutenir notre travail en cliquant sur les publicit\u00e9s qui vous int\u00e9ressent, en achetant nos livres ou en faisant un don via PayPal. Votre soutien est essentiel pour nous permettre de continuer \u00e0 explorer des sujets importants et \u00e0 encourager un changement positif dans notre soci\u00e9t\u00e9.<\/p>\n\n\n\n<ul class=\"wp-block-social-links is-layout-flex wp-block-social-links-is-layout-flex\"><li class=\"wp-social-link wp-social-link-twitter  wp-block-social-link\"><a href=\"https:\/\/twitter.com\/chaulveron\" class=\"wp-block-social-link-anchor\"><svg width=\"24\" height=\"24\" viewBox=\"0 0 24 24\" version=\"1.1\" xmlns=\"http:\/\/www.w3.org\/2000\/svg\" aria-hidden=\"true\" focusable=\"false\"><path d=\"M22.23,5.924c-0.736,0.326-1.527,0.547-2.357,0.646c0.847-0.508,1.498-1.312,1.804-2.27 c-0.793,0.47-1.671,0.812-2.606,0.996C18.324,4.498,17.257,4,16.077,4c-2.266,0-4.103,1.837-4.103,4.103 c0,0.322,0.036,0.635,0.106,0.935C8.67,8.867,5.647,7.234,3.623,4.751C3.27,5.357,3.067,6.062,3.067,6.814 c0,1.424,0.724,2.679,1.825,3.415c-0.673-0.021-1.305-0.206-1.859-0.513c0,0.017,0,0.034,0,0.052c0,1.988,1.414,3.647,3.292,4.023 c-0.344,0.094-0.707,0.144-1.081,0.144c-0.264,0-0.521-0.026-0.772-0.074c0.522,1.63,2.038,2.816,3.833,2.85 c-1.404,1.1-3.174,1.756-5.096,1.756c-0.331,0-0.658-0.019-0.979-0.057c1.816,1.164,3.973,1.843,6.29,1.843 c7.547,0,11.675-6.252,11.675-11.675c0-0.178-0.004-0.355-0.012-0.531C20.985,7.47,21.68,6.747,22.23,5.924z\"><\/path><\/svg><span class=\"wp-block-social-link-label screen-reader-text\">Twitter<\/span><\/a><\/li>\n\n<li class=\"wp-social-link wp-social-link-telegram  wp-block-social-link\"><a href=\"https:\/\/t.me\/astrologie_mondiale\" class=\"wp-block-social-link-anchor\"><svg width=\"24\" height=\"24\" viewBox=\"0 0 128 128\" version=\"1.1\" xmlns=\"http:\/\/www.w3.org\/2000\/svg\" aria-hidden=\"true\" focusable=\"false\"><path d=\"M28.9700376,63.3244248 C47.6273373,55.1957357 60.0684594,49.8368063 66.2934036,47.2476366 C84.0668845,39.855031 87.7600616,38.5708563 90.1672227,38.528 C90.6966555,38.5191258 91.8804274,38.6503351 92.6472251,39.2725385 C93.294694,39.7979149 93.4728387,40.5076237 93.5580865,41.0057381 C93.6433345,41.5038525 93.7494885,42.63857 93.6651041,43.5252052 C92.7019529,53.6451182 88.5344133,78.2034783 86.4142057,89.5379542 C85.5170662,94.3339958 83.750571,95.9420841 82.0403991,96.0994568 C78.3237996,96.4414641 75.5015827,93.6432685 71.9018743,91.2836143 C66.2690414,87.5912212 63.0868492,85.2926952 57.6192095,81.6896017 C51.3004058,77.5256038 55.3966232,75.2369981 58.9976911,71.4967761 C59.9401076,70.5179421 76.3155302,55.6232293 76.6324771,54.2720454 C76.6721165,54.1030573 76.7089039,53.4731496 76.3346867,53.1405352 C75.9604695,52.8079208 75.4081573,52.921662 75.0095933,53.0121213 C74.444641,53.1403447 65.4461175,59.0880351 48.0140228,70.8551922 C45.4598218,72.6091037 43.1463059,73.4636682 41.0734751,73.4188859 C38.7883453,73.3695169 34.3926725,72.1268388 31.1249416,71.0646282 C27.1169366,69.7617838 23.931454,69.0729605 24.208838,66.8603276 C24.3533167,65.7078514 25.9403832,64.5292172 28.9700376,63.3244248 Z\" \/><\/svg><span class=\"wp-block-social-link-label screen-reader-text\">Telegram<\/span><\/a><\/li>\n\n<\/ul>\n\n\n\n<p><strong><a href=\"http:\/\/www.inconscient-collectif.com\/index.php\/2024\/03\/18\/bonjour-tout-le-monde\/\" title=\"Au-del\u00e0 du conformisme politique : Partie 2.\">Au-del\u00e0 du conformisme politique : Partie 2.<\/a><\/strong><\/p>\n\n\n\n<p><a href=\"http:\/\/www.inconscient-collectif.com\/index.php\/2024\/03\/19\/au-dela-du-conformisme-politique-partie-3\/\" title=\"Au-del\u00e0 du conformisme politique : Partie 3.\"><strong>Au-del\u00e0 du conformisme politique : Partie 3.<\/strong><\/a><\/p>\n","protected":false},"excerpt":{"rendered":"<p>Dans un monde o\u00f9 le conformisme semble souvent r\u00e9gner en ma\u00eetre, il est crucial de s&rsquo;interroger sur les m\u00e9canismes qui le sous-tendent et les impacts qu&rsquo;il peut avoir sur notre soci\u00e9t\u00e9. L&rsquo;article que vous vous appr\u00eatez \u00e0 lire plonge au c\u0153ur de cette th\u00e9matique, explorant les origines du conformisme, son influence sur les individus et les communaut\u00e9s, ainsi que les d\u00e9fis qu&rsquo;il pose \u00e0 la notion de libert\u00e9 et d&rsquo;innovation. Alors que nous naviguons \u00e0 travers les vagues de traditions et les pressions sociales, cet article offre une boussole pr\u00e9cieuse pour comprendre comment le conformisme fa\u00e7onne notre monde, et comment, peut-\u00eatre, nous pouvons chercher \u00e0 remodeler ce dernier pour favoriser une diversit\u00e9 et une cr\u00e9ativit\u00e9 accrues.<\/p>\n","protected":false},"author":1,"featured_media":55,"comment_status":"open","ping_status":"open","sticky":false,"template":"","format":"standard","meta":{"_jetpack_memberships_contains_paid_content":false,"footnotes":""},"categories":[17,29,26,27,28,16],"tags":[8],"class_list":["post-4","post","type-post","status-publish","format-standard","has-post-thumbnail","hentry","category-conformisme","category-edward-t-hall","category-kurt-lewin","category-muzaref-sherif","category-norman-triplett","category-psychologie-sociale","tag-conformisme-dans-la-societe"],"aioseo_notices":[],"jetpack_featured_media_url":"https:\/\/www.inconscient-collectif.com\/wp-content\/uploads\/2024\/03\/conformisme-moutons.jpg","jetpack_sharing_enabled":true,"_links":{"self":[{"href":"https:\/\/www.inconscient-collectif.com\/index.php\/wp-json\/wp\/v2\/posts\/4","targetHints":{"allow":["GET"]}}],"collection":[{"href":"https:\/\/www.inconscient-collectif.com\/index.php\/wp-json\/wp\/v2\/posts"}],"about":[{"href":"https:\/\/www.inconscient-collectif.com\/index.php\/wp-json\/wp\/v2\/types\/post"}],"author":[{"embeddable":true,"href":"https:\/\/www.inconscient-collectif.com\/index.php\/wp-json\/wp\/v2\/users\/1"}],"replies":[{"embeddable":true,"href":"https:\/\/www.inconscient-collectif.com\/index.php\/wp-json\/wp\/v2\/comments?post=4"}],"version-history":[{"count":31,"href":"https:\/\/www.inconscient-collectif.com\/index.php\/wp-json\/wp\/v2\/posts\/4\/revisions"}],"predecessor-version":[{"id":134,"href":"https:\/\/www.inconscient-collectif.com\/index.php\/wp-json\/wp\/v2\/posts\/4\/revisions\/134"}],"wp:featuredmedia":[{"embeddable":true,"href":"https:\/\/www.inconscient-collectif.com\/index.php\/wp-json\/wp\/v2\/media\/55"}],"wp:attachment":[{"href":"https:\/\/www.inconscient-collectif.com\/index.php\/wp-json\/wp\/v2\/media?parent=4"}],"wp:term":[{"taxonomy":"category","embeddable":true,"href":"https:\/\/www.inconscient-collectif.com\/index.php\/wp-json\/wp\/v2\/categories?post=4"},{"taxonomy":"post_tag","embeddable":true,"href":"https:\/\/www.inconscient-collectif.com\/index.php\/wp-json\/wp\/v2\/tags?post=4"}],"curies":[{"name":"wp","href":"https:\/\/api.w.org\/{rel}","templated":true}]}}