{"id":428,"date":"2025-06-03T10:14:56","date_gmt":"2025-06-03T08:14:56","guid":{"rendered":"https:\/\/www.inconscient-collectif.com\/?p=428"},"modified":"2025-06-03T14:12:57","modified_gmt":"2025-06-03T12:12:57","slug":"les-mythes-politiques-dans-la-propagande-sovietique-1917-1991","status":"publish","type":"post","link":"https:\/\/www.inconscient-collectif.com\/index.php\/2025\/06\/03\/les-mythes-politiques-dans-la-propagande-sovietique-1917-1991\/","title":{"rendered":"Les mythes politiques dans la propagande sovi\u00e9tique (1917-1991)."},"content":{"rendered":"\n<figure class=\"wp-block-embed is-type-wp-embed is-provider-inconscient-collectif-com wp-block-embed-inconscient-collectif-com\"><div class=\"wp-block-embed__wrapper\">\n<blockquote class=\"wp-embedded-content\" data-secret=\"IMtPQDbKHs\"><a href=\"https:\/\/www.inconscient-collectif.com\/index.php\/2025\/06\/02\/les-mythes-politiques-dans-la-propagande\/\">Les mythes politiques dans la propagande.<\/a><\/blockquote><iframe loading=\"lazy\" class=\"wp-embedded-content\" sandbox=\"allow-scripts\" security=\"restricted\" style=\"position: absolute; visibility: hidden;\" title=\"\u00ab\u00a0Les mythes politiques dans la propagande.\u00a0\u00bb &#8212; inconscient-collectif.com\" src=\"https:\/\/www.inconscient-collectif.com\/index.php\/2025\/06\/02\/les-mythes-politiques-dans-la-propagande\/embed\/#?secret=B3DIK19fA0#?secret=IMtPQDbKHs\" data-secret=\"IMtPQDbKHs\" width=\"600\" height=\"338\" frameborder=\"0\" marginwidth=\"0\" marginheight=\"0\" scrolling=\"no\"><\/iframe>\n<\/div><\/figure>\n\n\n\n<figure class=\"wp-block-embed is-type-wp-embed is-provider-inconscient-collectif-com wp-block-embed-inconscient-collectif-com\"><div class=\"wp-block-embed__wrapper\">\n<blockquote class=\"wp-embedded-content\" data-secret=\"PsEu5jm452\"><a href=\"https:\/\/www.inconscient-collectif.com\/index.php\/2025\/06\/02\/le-conditionnement-dans-la-propagande-sovietique-1917-1991\/\">Le conditionnement dans la propagande sovi\u00e9tique (1917-1991).<\/a><\/blockquote><iframe loading=\"lazy\" class=\"wp-embedded-content\" sandbox=\"allow-scripts\" security=\"restricted\" style=\"position: absolute; visibility: hidden;\" title=\"\u00ab\u00a0Le conditionnement dans la propagande sovi\u00e9tique (1917-1991).\u00a0\u00bb &#8212; inconscient-collectif.com\" src=\"https:\/\/www.inconscient-collectif.com\/index.php\/2025\/06\/02\/le-conditionnement-dans-la-propagande-sovietique-1917-1991\/embed\/#?secret=5pJqh8gWOz#?secret=PsEu5jm452\" data-secret=\"PsEu5jm452\" width=\"600\" height=\"338\" frameborder=\"0\" marginwidth=\"0\" marginheight=\"0\" scrolling=\"no\"><\/iframe>\n<\/div><\/figure>\n\n\n\n<p>Au sein de la propagande sovi\u00e9tique, nous devons distinguer la p\u00e9riode l\u00e9niniste et la p\u00e9riode stalinienne. L\u00e9nine a utilis\u00e9 de nombreux mythes politiques pour prendre le pouvoir. Nous n\u2019en parlerons pas ici, afin de nous concentrer uniquement sur l\u2019un des mythes les plus importants, celui du sauveur. C\u2019est surtout durant la p\u00e9riode stalinienne que le mythe politique du sauveur sera utilis\u00e9 comme arme de propagande. C\u2019est la mise en \u0153uvre du culte de la personnalit\u00e9.<\/p>\n\n\n\n<p>Le culte de la personnalit\u00e9 stalinien fut d\u00e9nonc\u00e9 par Nikita Khrouchtchev lors du XX<sup>e<\/sup>&nbsp;congr\u00e8s du Parti communiste.<\/p>\n\n\n\n<blockquote class=\"wp-block-quote is-layout-flow wp-block-quote-is-layout-flow\">\n<p>\u00ab&nbsp;<em>Durant la vie de L\u00e9nine, le Comit\u00e9 Central du Parti fut la r\u00e9elle expression de la direction collective du Parti et de la nation. Etant un militant marxiste-r\u00e9volutionnaire, toujours inflexible sur les questions de principe,&nbsp;<strong>L\u00e9nine n\u2019imposa jamais par la force ses opinions \u00e0 ses collaborateurs. Il essayait de les convaincre.<\/strong><\/em><\/p>\n\n\n\n<p><strong><em>Staline n\u2019agissait pas par persuasion, par explication et patiente collaboration avec autrui, mais en imposant ses id\u00e9es et en exigeant une soumission absolue. Quiconque s\u2019opposait \u00e0 ses conceptions ou essayait d\u2019expliquer son point de vue et l\u2019exactitude de sa position \u00e9tait destin\u00e9 \u00e0 \u00eatre retranch\u00e9 de la collectivit\u00e9 dirigeante et, par la suite, \u00ab&nbsp;liquid\u00e9&nbsp;\u00bb moralement et physiquement.<\/em><\/strong><\/p>\n\n\n\n<p><em>Il vaut la peine de signaler le fait que pendant que se d\u00e9roulait la furieuse lutte id\u00e9ologique contre les trotskistes, les zinovievistes, les boukhariniens et les autres, on n\u2019avait jamais pris contre eux des mesures extr\u00eames de r\u00e9pression. La lutte se situait sur le terrain id\u00e9ologique. Mais quelques ann\u00e9es plus tard, alors que le socialisme \u00e9tait fondamentalement \u00e9difi\u00e9 dans notre pays, alors que les classes exploitantes \u00e9taient g\u00e9n\u00e9ralement liquid\u00e9es, alors que la structure sociale sovi\u00e9tique avait radicalement chang\u00e9, alors que la base sociale pour les mouvements et les groupes politiques hostiles au Parti s\u2019\u00e9tait extr\u00eamement r\u00e9tr\u00e9cie, alors que les adversaires id\u00e9ologiques du Parti \u00e9taient depuis longtemps vaincus politiquement,&nbsp;<strong>la r\u00e9pression contre eux fut d\u00e9clench\u00e9e<\/strong>.<\/em><\/p>\n\n\n\n<p><em><strong>Staline fut \u00e0 l\u2019origine de la conception de \u00ab&nbsp;l\u2019ennemi du peuple&nbsp;\u00bb.&nbsp;<\/strong>Ce terme rendit automatiquement inutile d\u2019apporter la preuve des erreurs id\u00e9ologiques de l\u2019homme ou des hommes engag\u00e9s dans une controverse&nbsp;: il rendit possible l\u2019utilisation de la r\u00e9pression la plus cruelle, violant toutes les normes de la l\u00e9galit\u00e9 r\u00e9volutionnaire,&nbsp;<strong>contre quiconque, de quelque mani\u00e8re que ce soit, \u00e9tait en d\u00e9saccord avec Staline<\/strong>. Pour l\u2019essentiel et en fait,&nbsp;<strong>la seule preuve de culpabilit\u00e9 dont il \u00e9tait fait usage, contre toutes les normes de la science juridique actuelle, \u00e9tait la \u00ab&nbsp;confession&nbsp;\u00bb de l\u2019accus\u00e9 lui-m\u00eame,<\/strong>&nbsp;et, comme l\u2019ont prouv\u00e9 les enqu\u00eates faites ult\u00e9rieurement,&nbsp;<strong>les \u00ab&nbsp;confessions&nbsp;\u00bb \u00e9taient obtenues au moyen de pressions physiques sur l\u2019accus\u00e9.<\/strong>&nbsp;<strong>Des arrestations et des d\u00e9portations de plusieurs milliers de personnes, des ex\u00e9cutions sans proc\u00e8s et sans instruction normale, cr\u00e9\u00e8rent des conditions d\u2019ins\u00e9curit\u00e9, de peur et m\u00eame de d\u00e9sespoir<\/strong>.<\/em><\/p>\n\n\n\n<p><em>(\u2026)<\/em><\/p>\n\n\n\n<p><em>Le danger mena\u00e7ant suspendu sur notre patrie dans la premi\u00e8re p\u00e9riode de la guerre \u00e9tait d\u00fb en grande partie aux m\u00e9thodes fautives de Staline lui-m\u00eame, quant \u00e0 la direction de la Nation et du Parti. Ceci pour le d\u00e9but de la guerre et l\u2019extr\u00eame d\u00e9sorganisation de notre arm\u00e9e qui causa de si lourdes pertes. Mais longtemps apr\u00e8s, la nervosit\u00e9 et l\u2019hyst\u00e9rie dont Staline faisait preuve, s\u2019opposant \u00e0 l\u2019efficacit\u00e9 des op\u00e9rations militaires, pes\u00e8rent d\u2019un poids consid\u00e9rable dans la balance (\u2026). Ce n\u2019est pas Staline, mais bien le Parti tout entier, le gouvernement sovi\u00e9tique, notre h\u00e9ro\u00efque arm\u00e9e, ses chefs talentueux et ses braves soldats, la nation sovi\u00e9tique toute enti\u00e8re, qui ont remport\u00e9 la victoire dans la grande guerre patriotique.<\/em><\/p>\n\n\n\n<p><em>(Longue temp\u00eate d\u2019applaudissements).<\/em><\/p>\n\n\n\n<p><em>Camarades, venons-en \u00e0 d\u2019autres faits. L\u2019Union sovi\u00e9tique est \u00e0 juste titre consid\u00e9r\u00e9e comme un mod\u00e8le d\u2019Etat multinational parce que nous avons, dans la pratique, assur\u00e9 l\u2019\u00e9galit\u00e9 des droits et l\u2019amiti\u00e9 de toutes les nations qui vivent dans notre vaste Patrie.&nbsp;<strong>D\u2019autant plus monstrueux sont les actes dont l\u2019inspirateur fut Staline. Nous voulons parler des d\u00e9portations en masse de nations enti\u00e8res (les Kalmouks, les Tch\u00e9tch\u00e8nes, les Ingouches, les Balkars), arrach\u00e9es \u00e0 la terre natale&nbsp;<\/strong>avec tous les communistes et komsomols sans exception. Les Ukrainiens n\u2019\u00e9vit\u00e8rent le m\u00eame sort qu\u2019\u00e0 cause de leur trop grand nombre&nbsp;; il n\u2019y aurait jamais eu assez de place pour les d\u00e9porter tous. Autrement, on n\u2019aurait pas manqu\u00e9 de le faire.<\/em><\/p>\n\n\n\n<p><em>(Hilarit\u00e9 et mouvements divers).<\/em><\/p>\n\n\n\n<p><em>L\u2019obstination de Staline se manifesta non seulement dans le domaine des d\u00e9cisions qui concernaient la vie int\u00e9rieure du pays, mais \u00e9galement dans celui des relations internationales de l\u2019Union sovi\u00e9tique. \u00ab&nbsp;L\u2019affaire yougoslave&nbsp;\u00bb ne comportait aucun probl\u00e8me qui n\u2019e\u00fbt pu \u00eatre r\u00e9solu par des discussions entre camarades du Parti. Il n\u2019existait pas de base s\u00e9rieuse pour le d\u00e9veloppement de cette \u00ab&nbsp;affaire&nbsp;\u00bb. Il \u00e9tait parfaitement possible d\u2019\u00e9viter la rupture de nos relations avec ce pays.<\/em><\/p>\n\n\n\n<p><em>(\u2026)<\/em><\/p>\n\n\n\n<p><em>Et quand Staline affirme qu\u2019il a lui-m\u00eame \u00e9crit le&nbsp;Pr\u00e9cis de l\u2019histoire du PC&nbsp;(bolchevik)&nbsp;de l\u2019Union Sovi\u00e9tique, on doit pour le moins s\u2019en \u00e9tonner.&nbsp;<strong>Convient-il \u00e0 un marxiste-l\u00e9niniste de se mettre ainsi en vedette et de se hausser jusqu\u2019au ciel&nbsp;?<\/strong>&nbsp;Mais, parlons un peu des prix Staline.&nbsp;<strong>Les tsars eux-m\u00eames n\u2019ont jamais fond\u00e9 de prix portant leurs noms. Staline a reconnu comme le meilleur texte d\u2019hymne national de l\u2019Union sovi\u00e9tique un po\u00e8me qui ne contient pas un mot sur le Parti communiste&nbsp;; mais il contient l\u2019\u00e9loge sans pr\u00e9c\u00e9dent de Staline. Est-ce \u00e0 l\u2019insu de Staline que beaucoup des plus grandes villes et des plus grandes entreprises ont pris son nom&nbsp;? Est-ce \u00e0 son insu que des monuments \u00e0 Staline ont \u00e9t\u00e9 \u00e9lev\u00e9s dans tous le pays&nbsp;?&nbsp;<\/strong><\/em>&nbsp;\u00bb (<strong>Extraits du rapport au XX\u00e8me Congr\u00e8s du Parti communiste de l\u2019URSS, 24 f\u00e9vrier 1956. Cit\u00e9 par F.FETJ\u00d6, Chine-URSS, le fin d\u2019une h\u00e9g\u00e9monie, Paris, Plon, 1964, pp. 244-272.<\/strong>)<\/p>\n<\/blockquote>\n\n\n\n<p>Khrouchtchev diss\u00e8que le culte de la personnalit\u00e9 instaur\u00e9 par Staline. Un culte qui constitua la base de la propagande sovi\u00e9tique jusqu\u2019\u00e0 la disparition de l\u2019URSS en 1991. Le culte de la personnalit\u00e9 fut instaur\u00e9 au d\u00e9but du stalinisme, entre 1926 et 1929 (<strong>I<\/strong>), un culte qui comporte un certains nombres d\u2019\u00e9l\u00e9ments constitutifs (<strong>II<\/strong>).<\/p>\n\n\n\n<h2 class=\"wp-block-heading\"><strong><mark style=\"background-color:rgba(0, 0, 0, 0)\" class=\"has-inline-color has-vivid-red-color\">I. L&rsquo;instauration du culte de la personnalit\u00e9 (1926-1929).<\/mark><\/strong><\/h2>\n\n\n\n<p>L\u2019instauration du culte de la personnalit\u00e9 par Staline va se faire \u00e0 l\u2019occasion d\u2019une grande f\u00eate organis\u00e9e pour ses cinquante ans (<strong>A<\/strong>), elle sera l\u2019aboutissement d\u2019un processus d\u2019\u00e9limination de ses adversaires politiques au sein des institutions communistes (<strong>B<\/strong>).<\/p>\n\n\n\n<h3 class=\"wp-block-heading\"><strong><mark style=\"background-color:rgba(0, 0, 0, 0)\" class=\"has-inline-color has-vivid-cyan-blue-color\">A&nbsp;: Le cinquanti\u00e8me anniversaire de la naissance de Staline (1929).<\/mark><\/strong><\/h3>\n\n\n\n<p>L\u2019acte de naissance du culte de la personnalit\u00e9 comme acte politique de propagande est intervenu le 21 d\u00e9cembre 1929 au moment des c\u00e9r\u00e9monies du cinquanti\u00e8me anniversaire de la naissance de Staline. Staline est n\u00e9 le 18 d\u00e9cembre 1878, il a donc un peu plus de cinquante ans en 1929, lorsqu\u2019il lance la grande f\u00eate qui doit marquer un tournant dans le r\u00e9gime.<\/p>\n\n\n\n<p>Cela va \u00eatre l\u2019occasion de somptueuse c\u00e9l\u00e9bration en son honneur. Il faut \u00e9blouir le public et la population. Il faut marquer les esprits.<\/p>\n\n\n\n<p>Staline n\u2019a pas invent\u00e9 ce genre de pratique politique. Il ne fait que reprendre ce qui se pratiquait d\u00e9j\u00e0 sous le r\u00e9gime pr\u00e9c\u00e9dent des tsars.<\/p>\n\n\n\n<p>La technique fut invent\u00e9e par Louis XIV en France.<\/p>\n\n\n\n<p>Des f\u00eates royales \u00e9taient organis\u00e9es par les souverains fran\u00e7ais avant Louis XIV. Mais le roi Soleil va codifier la pratique et lui donner une signification politique particuli\u00e8re. Elles correspondaient \u00e0 l\u2019instauration de l\u2019absolutisme royal. La personne du roi devient centrale et l\u2019ensemble de la soci\u00e9t\u00e9 s\u2019organise autour de sa personne. Ce n\u2019\u00e9tait pas le cas auparavant, il y avait une signification politique dans les carrousels, mais le roi occupait une place parmi d\u2019autres acteurs dans le spectacle. Avec Louis XIV, la f\u00eate devient spectaculaire afin de montrer et de mettre en sc\u00e8ne la puissance du roi et d\u2019inciter la population \u00e0 adh\u00e9rer \u00e0 la personne du roi. Nous \u00e9tions d\u00e9j\u00e0 dans l\u2019utilisation du conditionnement pour cr\u00e9er un mythe politique.<\/p>\n\n\n\n<p>C\u2019est ce que dit Louis XIV dans son \u00ab&nbsp;<em>M\u00e9moire pour l\u2019instruction du Dauphin<\/em>&nbsp;\u00bb en expliquant \u00e0 son futur successeur l\u2019importance politique des grandes f\u00eates.<\/p>\n\n\n\n<blockquote class=\"wp-block-quote is-layout-flow wp-block-quote-is-layout-flow\">\n<p>\u00ab&nbsp;<em>Cette soci\u00e9t\u00e9 de plaisirs, qui donne aux personnes de la Cour une honn\u00eate familiarit\u00e9 avec nous, les touche et les charme plus qu\u2019on ne peut dire. Les peuples, d\u2019un autre c\u00f4t\u00e9, se plaisent au spectacle o\u00f9, au fond, on a toujours pour but de leur plaire&nbsp;; et tous nos sujets, en g\u00e9n\u00e9ral, sont ravis de voir que nous aimons ce qu\u2019ils aiment, ou \u00e0 quoi ils r\u00e9ussissent le mieux.&nbsp;<strong>Par l\u00e0 nous tenons leur esprit et leur c\u0153ur, quelquefois plus fortement peut-\u00eatre, que par les r\u00e9compenses et les bienfaits<\/strong>&nbsp;; et \u00e0 l\u2019\u00e9gard des \u00e9trangers,&nbsp;<strong>dans un \u00c9tat qu\u2019ils voient d\u2019ailleurs florissant et bien r\u00e9gl\u00e9<\/strong>, ce qui se consume en ces d\u00e9penses qui peuvent passer pour superflues, fait sur eux&nbsp;<strong>une impression tr\u00e8s avantageuse de magnificence, de puissance, de richesse et de grandeur<\/strong><\/em>.&nbsp;\u00bb (<strong><a href=\"https:\/\/fr.wikipedia.org\/wiki\/Louis_XIV_de_France\">Louis XIV<\/a>,<em>&nbsp;M\u00e9moires pour l\u2019instruction du Dauphin<\/em>, Paris,&nbsp;<a href=\"https:\/\/fr.wikipedia.org\/wiki\/Imprimerie_nationale\">Imprimerie nationale<\/a>,&nbsp;1992, 281&nbsp;p.&nbsp;<small>(<a href=\"https:\/\/fr.wikipedia.org\/wiki\/International_Standard_Book_Number\">ISBN<\/a>&nbsp;<a href=\"https:\/\/fr.wikipedia.org\/wiki\/Sp%C3%A9cial:Ouvrages_de_r%C3%A9f%C3%A9rence\/978-2-11-081230-8\">978-2-11-081230-8<\/a>)<\/small>,&nbsp;p.&nbsp;135<\/strong>)<\/p>\n<\/blockquote>\n\n\n\n<p>Louis XIV explique que par ses f\u00eates, il tient l\u2019esprit et le c\u0153ur de la population. Il ajoute en disant que cela permet de montrer un Etat bien tenu et bien r\u00e9gl\u00e9. Il conclut en disant que cela montre au peuple un Etat plein de magnificence, de puissance, de richesse et de grandeur. Une le\u00e7on politique que retiendra Joseph Staline pour son propre compte.<\/p>\n\n\n\n<p>En 1662, lors de la f\u00eate dite du \u00ab&nbsp;Grand Carrousel&nbsp;\u00bb dans la cour des Tuileries, Louis XIV donna une grande f\u00eate en l\u2019honneur de la naissance du dauphin. C\u2019est l\u2019occasion de mettre en \u0153uvre les principes de la f\u00eate politique qu\u2019il avait explos\u00e9 l\u2019ann\u00e9e pr\u00e9c\u00e9dente dans son \u00ab&nbsp;m\u00e9moire&nbsp;\u00bb.<\/p>\n\n\n\n<figure class=\"wp-block-image\"><a href=\"https:\/\/i0.wp.com\/www.astrologie-mondiale.com\/wp-content\/uploads\/2024\/05\/image-26.png?ssl=1\"><img decoding=\"async\" src=\"https:\/\/i0.wp.com\/www.astrologie-mondiale.com\/wp-content\/uploads\/2024\/05\/image-26.png?resize=800%2C583&amp;ssl=1\" alt=\"\" class=\"wp-image-11905\"\/><\/a><figcaption class=\"wp-element-caption\">Le Grand Carrousel donn\u00e9 par Louis XIV dans la cour des Tuileries \u00e0 Paris (5-6 juin 1662), pour c\u00e9l\u00e9brer la naissance du dauphin.<\/figcaption><\/figure>\n\n\n\n<p>En 1664, c\u2019est la premi\u00e8re d\u2019une longue s\u00e9rie de grandes f\u00eates dans un ch\u00e2teau de Versailles encore en travaux. Auront lieu d\u2019autres grandes f\u00eates en 1668, 1674 et 1697. La pratique se maintiendra sous Louis XV et Louis XVI. La R\u00e9volution fran\u00e7aise cr\u00e9era ses propres f\u00eates inspir\u00e9es de celles de Louis XIV, dont la fameuse f\u00eate de la F\u00e9d\u00e9ration du 14 juillet 1790.<\/p>\n\n\n\n<p>Les Romanov vont \u00e9galement r\u00e9aliser le m\u00eame genre de comm\u00e9moration pour les grands anniversaires. En 1912, ils vont comm\u00e9morer le centenaire de la campagne de Russie, en 1914, ce sont les c\u00e9l\u00e9brations du tricentenaire de la dynastie des Romanov. Deux f\u00eates qui donneront lieu \u00e0 d\u2019impressionnantes c\u00e9r\u00e9monies.<\/p>\n\n\n\n<p>C\u2019est donc dans cette longue tradition que va puiser Staline pour l\u2019anniversaire de ses cinquante ans.<\/p>\n\n\n\n<h3 class=\"wp-block-heading\"><strong><mark style=\"background-color:rgba(0, 0, 0, 0)\" class=\"has-inline-color has-vivid-cyan-blue-color\">B&nbsp;: L&rsquo;\u00e9limination des adversaires (1924-1929).<\/mark><\/strong><\/h3>\n\n\n\n<p>Le choix de cette date, 1929, ne rel\u00e8ve pas du hasard.<\/p>\n\n\n\n<p>En effet, pour que le culte de la personnalit\u00e9 soit efficace, il ne faut aucune voix discordante. Il faut donc \u00e9liminer toute opposition.<\/p>\n\n\n\n<p>1929 vient s\u2019inscrire dans un processus d\u2019\u00e9limination des opposants politiques. Un processus qui s\u2019est \u00e9tal\u00e9 sur trois ans.<\/p>\n\n\n\n<p>En 1924, Staline va \u00e9liminer L\u00e9on Trotski (1879-1940), en l\u2019accusant d\u2019h\u00e9r\u00e9sie lors du XIII<sup>e<\/sup>&nbsp;congr\u00e8s. Son visage sera effac\u00e9 des photos officielles. Il sera exclu du parti en 1927 et d\u00e9port\u00e9 \u00e0 Alma Ata en 1928, puis expuls\u00e9 d\u2019Union Sovi\u00e9tique en 1929.<\/p>\n\n\n\n<p>En 1925, Grigori Zinoviev (1883-1936) et Lev Kamenev (1883-1936) vont s\u2019allier contre Staline. Lors d\u2019une r\u00e9union du Comit\u00e9 central puis au moment du XIV<sup>e<\/sup>&nbsp;congr\u00e8s du Parti, ils vont demander le d\u00e9part de Staline, sans obtenir gain de cause.<\/p>\n\n\n\n<p>En 1926 et 1927, Staline va faire expulser de leurs fonctions politiques, puis du parti, Zinoviev et Kamenev. Ils seront poursuivis lors du premier proc\u00e8s de Moscou o\u00f9 ils seront condamn\u00e9s \u00e0 mort, puis ex\u00e9cut\u00e9s en 1936.<\/p>\n\n\n\n<p>Nikola\u00ef Boukharine (1888-1938) dirige l\u2019aile droite du Parti. Il va d\u2019abord s\u2019allier \u00e0 Staline contre l\u2019opposition de gauche. Mais il va ensuite subir les foudres du chef de l\u2019URSS en 1929. Il sera exclu de toutes les instances dirigeantes. Comme pour les dirigeants de l\u2019aile gauche, il sera victime des proc\u00e8s de Moscou et ex\u00e9cut\u00e9 en 1938.<\/p>\n\n\n\n<p>En 1929, il n\u2019y a donc plus aucune opposition au sein du Parti communiste russe. Staline est seul au pouvoir. C\u2019est pour cela que la situation politique est m\u00fbre pour l\u2019instauration d\u2019un culte de la personnalit\u00e9, d\u2019abord autour de L\u00e9nine \u00e0 titre posthume, mort depuis quatre ans, puis ensuite sur la personne du chef du parti, Staline. Lorsqu\u2019il existe des voix discordantes, la propagande est moins efficace en ce qui concerne le culte de la personnalit\u00e9.<\/p>\n\n\n\n<h2 class=\"wp-block-heading\"><strong><mark style=\"background-color:rgba(0, 0, 0, 0)\" class=\"has-inline-color has-vivid-red-color\">II. Contenu du culte de la personnalit\u00e9 stalinienne.<\/mark><\/strong><\/h2>\n\n\n\n<p>Nous devons nous int\u00e9resser aux m\u00e9canismes psychologiques derri\u00e8re le culte de la personnalit\u00e9. C\u2019est la r\u00e9p\u00e9tition de l\u2019image du chef qui va constituer une sorte de conditionnement. A la v\u00e9rit\u00e9, le culte de la personnalit\u00e9 doit s\u2019appuyer sur un mythe politique. Le conditionnement va r\u00e9p\u00e9ter un mythe politique qui ensuite sera associ\u00e9 \u00e0 une personne. Il faut rattacher le chef de l\u2019Etat \u00e0 un mythe politique et le r\u00e9p\u00e9ter pour que cela influence la population. C\u2019est la base de la propagande politique.<\/p>\n\n\n\n<p>Il y a trois \u00e9l\u00e9ments :<\/p>\n\n\n\n<ul class=\"wp-block-list\">\n<li>Un mythe politique.<\/li>\n\n\n\n<li>R\u00e9p\u00e9tition du mythe politique.<\/li>\n\n\n\n<li>Association du mythe politique \u00e0 une personne.<\/li>\n<\/ul>\n\n\n\n<p>Staline va utiliser cette technique avec un rare g\u00e9nie.<\/p>\n\n\n\n<p>Il va comprendre que l\u2019origine de la dur\u00e9e du tsarisme \u00e9tait fond\u00e9e sur un rapport particulier entre le Tsar et le petit peuple. Ce rapport particulier \u00e9tait un mythe politique qui servait de fondement \u00e0 la monarchie et lui a permis de durer dans le temps. Le Tsar \u00e9tait per\u00e7u par le peuple comme le p\u00e8re du peuple. Staline va donc appuyer son nouveau pouvoir sur l\u2019id\u00e9e qu\u2019il est le petit p\u00e8re des peuples. (<strong>a<\/strong>)<\/p>\n\n\n\n<p>Il va \u00e9galement comprendre que la Russie avait deux fondements : le Tsar et l\u2019\u00c9glise orthodoxe.<\/p>\n\n\n\n<p>Il va reprendre de l\u2019\u00c9glise orthodoxe la pratique et le culte des ic\u00f4nes. Il va utiliser l\u2019iconographie \u00e0 son profit afin de donner une nature religieuse \u00e0 son pouvoir (<strong>b<\/strong>).<\/p>\n\n\n\n<p>Ce qui est important pour un homme politique, c\u2019est de comprendre l\u2019\u00e2me de son peuple et de l\u2019utiliser \u00e0 son profit. C\u2019est un point essentiel de la propagande efficace. C\u2019est ce qui va permettre au r\u00e9gime communiste de durer dans le temps et de susciter l\u2019adh\u00e9sion populaire. L\u2019arme est redoutablement efficace.<\/p>\n\n\n\n<h3 class=\"wp-block-heading\"><strong><mark style=\"background-color:rgba(0, 0, 0, 0)\" class=\"has-inline-color has-vivid-cyan-blue-color\">A&nbsp;: Staline, petit p\u00e8re des peuples.<\/mark><\/strong><\/h3>\n\n\n\n<p>Staline va essayer de se faire passer pour un nouveau Tsar aupr\u00e8s du petit peuple. Ce qui constitue en quelque sorte une continuit\u00e9 dans la longue histoire de la Russie. Mais c\u2019est \u00e9galement une rupture fondamentale dans l\u2019histoire plus courte du parti bolchevique qui lui voulait rompre avec l\u2019histoire monarchique du pays.<\/p>\n\n\n\n<p>Le tsar \u00e9tait le p\u00e8re de la Nation russe, le p\u00e8re de son peuple. Cela donna naissance \u00e0 l\u2019expression \u00ab&nbsp;<em>batiouchka<\/em>&nbsp;\u00bb dans la langue russe, c\u2019est-\u00e0-dire \u00ab&nbsp;le petit p\u00e8re du peuple&nbsp;\u00bb. C\u2019est le nom affectueux que donnait le petit peuple au Tsar. Un surnom qui montre d\u2019ailleurs le lien particulier qu\u2019il pouvait exister entre le Tsar et son peuple, un lien affectueux avec un p\u00e8re qui prot\u00e8ge ses enfants. C\u2019est se qu\u2019attend la population russe de son souverain.<\/p>\n\n\n\n<p>Staline, avec une grande habilet\u00e9, va tenter de reprendre \u00e0 son compte ce rapport filial entre chef d\u2019Etat et peuple en se faisant surnomm\u00e9, \u00ab&nbsp;le petit p\u00e8re des peuples&nbsp;\u00bb. C\u2019est une mani\u00e8re implicite de dire au pays qu\u2019il est le nouveau Tsar apr\u00e8s la mort tragique de Nicolas II. C\u2019est fascinant de voir comment la reprise d\u2019une simple expression peut venir raisonner si fort dans l\u2019\u00e2me d\u2019un peuple.<\/p>\n\n\n\n<p>Staline va mettre au service de sa propagande le cin\u00e9ma en utilisant le pass\u00e9 tsariste de la Russie. C\u2019est ce que va faire Sergei Eisenstein \u00e0 travers deux films sur la vie d\u2019Ivan le Terrible. Deux chefs d\u2019\u0153uvres qu\u2019il faut voir ou revoir sans mod\u00e9ration. Le cin\u00e9ma sovi\u00e9tique au sommet de son art.<\/p>\n\n\n\n<p>Ces deux films, qui ont \u00e9t\u00e9 command\u00e9s par le chef de l\u2019\u00c9tat sovi\u00e9tique en personne, arrivent dans une p\u00e9riode o\u00f9 Staline cherche justement \u00e0 se poser comme un nouveau Tsar qui r\u00e8gne sur un immense empire russe reconstitu\u00e9. Nous sommes \u00e0 la fin de la Seconde Guerre mondiale.<\/p>\n\n\n\n<p>Avec l\u2019attaque allemande contre l\u2019Union Sovi\u00e9tique du 22 juin 1941, Staline va tenter de renouer avec la Russie royaliste dans toute une s\u00e9rie de discours qui constitue un tournant majeur dans l\u2019histoire du pays.<\/p>\n\n\n\n<h4 class=\"wp-block-heading\"><strong><mark style=\"background-color:rgba(0, 0, 0, 0)\" class=\"has-inline-color has-luminous-vivid-orange-color\">1 : Le discours du 3 juillet 1941.<\/mark><\/strong><\/h4>\n\n\n\n<p>Le discours du 3 juillet 1941 prononc\u00e9 \u00e0 la radio est, selon moi, l\u2019un des plus grands discours politiques de tous les temps. Il est int\u00e9ressant de voir comment Staline va se positionner dans la longue histoire de la Russie mill\u00e9naire et en appeler aux forces surgit des profondeurs du pass\u00e9. C\u2019est \u00e0 ce moment-l\u00e0 que sa l\u00e9gende va se cr\u00e9er, car il a su puiser dans les mythes politiques fondateurs de la Russie pour y trouver sa propre l\u00e9gitimit\u00e9.<\/p>\n\n\n\n<blockquote class=\"wp-block-quote is-layout-flow wp-block-quote-is-layout-flow\">\n<p>\u00ab&nbsp;<em>Camarades&nbsp;! Citoyens&nbsp;!<br>Fr\u00e8res et S\u0153urs&nbsp;!<br>Combattants de notre arm\u00e9e et de notre flotte&nbsp;!<br>Je m\u2019adresse \u00e0 vous, mes amis&nbsp;!<\/em><\/p>\n\n\n\n<p><em>La perfide agression militaire de l\u2019Allemagne hitl\u00e9rienne, commenc\u00e9e le 22 juin, se poursuit contre notre Patrie.<\/em><\/p>\n\n\n\n<p><em>Malgr\u00e9 la r\u00e9sistance h\u00e9ro\u00efque de l\u2019Arm\u00e9e rouge, et bien que les meilleures divisions de l\u2019ennemi et les unit\u00e9s les meilleures de son aviation aient d\u00e9j\u00e0 \u00e9t\u00e9 d\u00e9faites et aient trouv\u00e9 la mort sur les champs de bataille, l\u2019ennemi continue a se ruer en avant, jetant sur le front des forces nouvelles.<\/em><\/p>\n\n\n\n<p><em>Les troupes hitl\u00e9riennes ont pu s\u2019emparer de la Lituanie, d\u2019une grande partie de la Lettonie, de la partie ouest de la Bi\u00e9lorussie, d\u2019une partie de l\u2019Ukraine occidentale.<\/em><\/p>\n\n\n\n<p><em>L\u2019aviation fasciste \u00e9tend l\u2019action de ses bombardiers, en soumettant au bombardement Mourmansk, Orcha, Moguilev, Smolensk, Kiev, Odessa, S\u00e9bastopol.<\/em><\/p>\n\n\n\n<p><em><strong>Un grave danger p\u00e8se sur notre Patrie.<\/strong><\/em><\/p>\n\n\n\n<p><em>Comment a-t-il pu se faire que notre glorieuse Arm\u00e9e rouge ait abandonn\u00e9 aux troupes fascistes une s\u00e9rie de nos villes et r\u00e9gions&nbsp;?<\/em><\/p>\n\n\n\n<p><em>Les troupes fascistes allemandes sont-elles vraiment invincibles comme le proclament sans cesse \u00e0 cor et a cri les propagandistes fascistes fanfarons&nbsp;?<\/em><\/p>\n\n\n\n<p><em>Non, bien s\u00fbr.<\/em><\/p>\n\n\n\n<p><em><strong>L\u2019histoire montre qu\u2019il n\u2019a jamais exist\u00e9 et qu\u2019il n\u2019existe pas d\u2019arm\u00e9es invincibles.<\/strong><\/em><\/p>\n\n\n\n<p><em><strong>On estimait que l\u2019arm\u00e9e de Napol\u00e9on \u00e9tait invincible.<\/strong><\/em><\/p>\n\n\n\n<p><em>Mais elle a \u00e9t\u00e9 battue successivement par les troupes russes, anglaises, allemandes.<\/em><\/p>\n\n\n\n<p><em>L\u2019arm\u00e9e allemande de Guillaume, au cours de la premi\u00e8re guerre imp\u00e9rialiste, \u00e9tait \u00e9galement consid\u00e9r\u00e9e comme une arm\u00e9e invincible&nbsp;; mais elle s\u2019est vu infliger mainte d\u00e9faite par les troupes russes et anglo-fran\u00e7aises, et elle a \u00e9t\u00e9 finalement battue par les troupes anglo-fran\u00e7aises.<\/em><\/p>\n\n\n\n<p><em>Il faut en dire autant de l\u2019actuelle arm\u00e9e allemande fasciste de Hitler.<\/em><\/p>\n\n\n\n<p><em>Elle n\u2019avait pas encore rencontr\u00e9 de s\u00e9rieuse r\u00e9sistance sur le continent europ\u00e9en.<\/em><\/p>\n\n\n\n<p><em>C\u2019est seulement sur notre territoire qu\u2019elle a rencontr\u00e9 une r\u00e9sistance s\u00e9rieuse.<\/em><\/p>\n\n\n\n<p><em>Et si a la suite de cette r\u00e9sistance les meilleures divisions de l\u2019arm\u00e9e fasciste allemande ont \u00e9t\u00e9 battues par notre Arm\u00e9e rouge, c\u2019est que l\u2019arm\u00e9e fasciste hitl\u00e9rienne peut \u00e9galement \u00eatre battue et le sera comme le furent les arm\u00e9es de Napol\u00e9on et de Guillaume.<\/em><\/p>\n\n\n\n<p><em>Qu\u2019une partie de notre territoire se soit n\u00e9anmoins trouv\u00e9e envahie par les troupes fascistes allemandes, cela s\u2019explique surtout par le fait que la guerre de l\u2019Allemagne fasciste contre l\u2019URSS a \u00e9t\u00e9 d\u00e9clench\u00e9e dans des conditions avantageuses pour les troupes allemandes et d\u00e9savantageuses pour les troupes sovi\u00e9tiques.<\/em><\/p>\n\n\n\n<p><em>En effet, les troupes de l\u2019Allemagne, comme pays menant la guerre, avaient \u00e9t\u00e9 enti\u00e8rement mobilis\u00e9es.<\/em><\/p>\n\n\n\n<p><em>170 divisions lanc\u00e9es par l\u2019Allemagne contre l\u2019URSS et amen\u00e9es aux fronti\u00e8res de ce pays se tenaient enti\u00e8rement pr\u00eates, n\u2019attendant que le signal pour se mettre en marche.<\/em><\/p>\n\n\n\n<p><em>Tandis que, pour les troupes sovi\u00e9tiques, il fallait encore les mobiliser et les amener aux fronti\u00e8res.<\/em><\/p>\n\n\n\n<p><em>Chose tr\u00e8s importante encore, c\u2019est que l\u2019Allemagne fasciste a viol\u00e9 perfidement et inopin\u00e9ment le pacte de non-agression conclu, en 1939, entre elle et l\u2019URSS sans vouloir tenir compte qu\u2019elle serait regard\u00e9e par le monde entier comme l\u2019agresseur.<\/em><\/p>\n\n\n\n<p><em>On con\u00e7oit que notre pays pacifique, qui ne voulait pas assumer l\u2019initiative de la violation du pacte, ne pouvait s\u2019engager sur ce chemin de la f\u00e9lonie.<\/em><\/p>\n\n\n\n<p><em>On peut nous demander&nbsp;: comment a-t-il pu se faire que le Gouvernement sovi\u00e9tique ait accept\u00e9 de conclure un pacte de non-agression avec des f\u00e9lons de cette esp\u00e8ce et des monstres tels que Hitler en Ribbentrop&nbsp;?<\/em><\/p>\n\n\n\n<p><em>Le Gouvernement sovi\u00e9tique n\u2019a-t-il pas en l\u2019occurrence commis une erreur&nbsp;?<\/em><\/p>\n\n\n\n<p><em>Non, bien s\u00fbr.<\/em><\/p>\n\n\n\n<p><em>Le pacte de non-agression est un pacte de paix entre deux Etats.<\/em><\/p>\n\n\n\n<p><em>Et c\u2019est un pacte de ce genre que l\u2019Allemagne nous avait propos\u00e9 en 1939.<\/em><\/p>\n\n\n\n<p><em>Le Gouvernement sovi\u00e9tique pouvait-il repousser cette proposition&nbsp;?<\/em><\/p>\n\n\n\n<p><em>Je pense qu\u2019aucun Etat pacifique ne peut refuser un accord de paix avec une Puissance voisine, m\u00eame si a la t\u00eate de cette derni\u00e8re se trouvent des monstres et des cannibales comme Hitler et Ribbentrop.<\/em><\/p>\n\n\n\n<p><em>Cela, bien entendu, a une condition expresse&nbsp;: que l\u2019accord de paix ne porte atteinte, ni directement ni indirectement, a l\u2019int\u00e9grit\u00e9 territoriale, a l\u2019ind\u00e9pendance et a l\u2019honneur de l\u2019Etat pacifique.<\/em><\/p>\n\n\n\n<p><em>On sait que le pacte de non-agression entre l\u2019Allemagne et l\u2019URSS \u00e9tait justement un pacte de ce genre.<\/em><\/p>\n\n\n\n<p><em>Qu\u2019avons-nous gagn\u00e9 en concluant avec l\u2019Allemagne un pacte de non-agression&nbsp;?<\/em><\/p>\n\n\n\n<p><em>Nous avons assur\u00e9 a notre pays la paix pendant un an et demi et la possibilit\u00e9 de pr\u00e9parer nos forces a la riposte au cas o\u00f9 l\u2019Allemagne fasciste se serait hasard\u00e9e a attaquer notre pays en d\u00e9pit du pacte.<\/em><\/p>\n\n\n\n<p><em>C\u2019est la un gain certain pour nous et une perte pour l\u2019Allemagne fasciste.<\/em><\/p>\n\n\n\n<p><em>Qu\u2019est-ce que l\u2019Allemagne fasciste a gagn\u00e9 et qu\u2019est-ce qu\u2019elle a perdu, en rompant perfidement le pacte et en attaquant l\u2019URSS&nbsp;?<\/em><\/p>\n\n\n\n<p><em>Elle a obtenu ainsi un certain avantage pour ses troupes pendant un court laps de temps, mais elle a perdu au point de vue politique, en se d\u00e9masquant aux yeux du monde comme un agresseur sanglant.<\/em><\/p>\n\n\n\n<p><em>Il est hors de doute que cet avantage militaire de courte dur\u00e9e n\u2019est pour l\u2019Allemagne qu\u2019un \u00e9pisode, tandis que l\u2019immense avantage politique de l\u2019URSS est un facteur s\u00e9rieux et durable, appel\u00e9 \u00e0 favoriser les succ\u00e8s militaires d\u00e9cisifs de l\u2019Arm\u00e9e rouge dans la guerre contre l\u2019Allemagne fasciste.<\/em><\/p>\n\n\n\n<p><em>Voil\u00e0 pourquoi toute notre vaillante arm\u00e9e, toute notre vaillante flotte navale, tous nos aviateurs intr\u00e9pides, tous les peuples de notre pays, tous les meilleurs hommes d\u2019Europe, d\u2019Am\u00e9rique et d\u2019Asie, enfin tous les meilleurs hommes de l\u2019Allemagne fl\u00e9trissent l\u2019action perfide des fascistes allemands et sympathisent avec le Gouvernement sovi\u00e9tique, approuvent la conduite du Gouvernement sovi\u00e9tique et se rendent compte que notre cause est juste, que l\u2019ennemi sera \u00e9cras\u00e9, et que nous vaincrons.<\/em><\/p>\n\n\n\n<p><em><strong>La guerre nous ayant \u00e9t\u00e9 impos\u00e9e, notre pays est entr\u00e9 dans un combat a mort avec son pire et perfide ennemi, le fascisme allemand.&nbsp;<\/strong>Nos troupes se battent h\u00e9ro\u00efquement contre un ennemi abondamment pourvu de chars et d\u2019aviation.<\/em><\/p>\n\n\n\n<p><em>L\u2019Arm\u00e9e et la Flotte rouges, surmontant de nombreuses difficult\u00e9s, se battent avec abn\u00e9gation pour chaque pouce de terre sovi\u00e9tique.<\/em><\/p>\n\n\n\n<p><em>Les forces principales de l\u2019Arm\u00e9e rouge, pourvues de milliers de chars et d\u2019avions, entrent en action. La vaillance des guerriers de l\u2019Arm\u00e9e rouge est sans exemple. La riposte que nous infligeons a l\u2019ennemi s\u2019accentue et se d\u00e9veloppe. Aux c\u00f4t\u00e9s de l\u2019Arm\u00e9e rouge le peuple sovi\u00e9tique tout entier se dresse pour la d\u00e9fense de la Patrie.<\/em><\/p>\n\n\n\n<p><em>Que faut-il pour supprimer le danger qui p\u00e8se sur notre Patrie et quelles mesures faut-il prendre pour \u00e9craser l\u2019ennemi&nbsp;?<\/em><\/p>\n\n\n\n<p><em><strong>Il faut tout d\u2019abord que nos hommes, les hommes sovi\u00e9tiques, comprennent toute la gravit\u00e9 du danger qui menace notre pays<\/strong>&nbsp;et renoncent a la qui\u00e9tude et a l\u2019insouciance, a l\u2019\u00e9tat d\u2019esprit qui est celui du temps de la construction pacifique, \u00e9tat d\u2019esprit parfaitement compr\u00e9hensible avant la guerre, mais funeste aujourd\u2019hui que la guerre a radicalement chang\u00e9 la situation.<\/em><\/p>\n\n\n\n<p><em>L\u2019ennemi est cruel, inexorable.<\/em><\/p>\n\n\n\n<p><em>Il s\u2019assigne pour but de s\u2019emparer de nos terres arros\u00e9es de notre sueur, de s\u2019emparer de notre bl\u00e9 et de notre p\u00e9trole, fruits de notre labeur.<\/em><\/p>\n\n\n\n<p><em><strong>Il s\u2019assigne pour but de r\u00e9tablir<\/strong>&nbsp;le pouvoir des grands propri\u00e9taires fonciers,&nbsp;<strong>de restaurer le tsarisme<\/strong>, d\u2019an\u00e9antir la culture et l\u2019ind\u00e9pendance nationales des Russes, Ukrainiens, Bi\u00e9lorussiens, Lituaniens, Lettons, Estoniens, Ouzbeks, Tatars, Moldaves, G\u00e9orgiens, Arm\u00e9niens, Azerbaidjans et autres peuples libres de l\u2019Union sovi\u00e9tique&nbsp;; de les germaniser, d\u2019en faire les esclaves des princes et des barons allemands.<\/em><\/p>\n\n\n\n<p><em><strong>Il s\u2019agit ainsi de la vie ou de la mort de l\u2019Etat sovi\u00e9tique, de la vie ou de la mort des peuples de l\u2019URSS<\/strong>&nbsp;; il s\u2019agit de la libert\u00e9 ou de la servitude des peuples de l\u2019Union sovi\u00e9tique.<\/em><\/p>\n\n\n\n<p><em>Il faut que les hommes sovi\u00e9tiques le comprennent et cessent d\u2019\u00eatre insouciants&nbsp;; qu\u2019ils se mobilisent et r\u00e9organisent tout leur travail selon un mode nouveau, le mode militaire, qui ne ferait pas quartier a l\u2019ennemi.<\/em><\/p>\n\n\n\n<p><em>Il faut aussi qu\u2019il n\u2019y ait point de place dans nos rangs pour les pleurnicheurs et les poltrons, les semeurs de panique et les d\u00e9serteurs&nbsp;; que nos hommes soient exempts de peur dans la lutte et marchent avec abn\u00e9gation dans notre guerre lib\u00e9ratrice pour le salut de la Patrie, contre les asservisseurs fascistes.<\/em><\/p>\n\n\n\n<p><em>Le grand L\u00e9nine, qui a cr\u00e9\u00e9 notre Etat, a dit que la qualit\u00e9 essentielle des hommes sovi\u00e9tiques doit \u00eatre le courage, la vaillance, l\u2019intr\u00e9pidit\u00e9 dans la lutte, la volont\u00e9 de se battre aux c\u00f4t\u00e9s du peuple contre les ennemis de notre Patrie.<\/em><\/p>\n\n\n\n<p><em>Il faut que cette excellente qualit\u00e9 bolchevique devienne celle des millions et des millions d\u2019hommes de l\u2019Arm\u00e9e rouge, de notre Flotte rouge et de tous les peuples de l\u2019Union sovi\u00e9tique.<\/em><\/p>\n\n\n\n<p><em>Il faut imm\u00e9diatement r\u00e9organiser tout notre travail sur le pied de guerre, en subordonnant toutes choses aux int\u00e9r\u00eats du front et \u00e0 l\u2019organisation de l\u2019\u00e9crasement de l\u2019ennemi.<br>Les peuples de l\u2019Union sovi\u00e9tique voient maintenant que le fascisme allemand est inexorable dans sa rage furieuse et dans sa haine contre notre Patrie qui assure a tous les travailleurs le travail libre et le bien-\u00eatre.<\/em><\/p>\n\n\n\n<p><em>Les peuples de l\u2019Union sovi\u00e9tique doivent se dresser pour la d\u00e9fense de leurs droits, de leur terre, contre l\u2019ennemi.<\/em><\/p>\n\n\n\n<p><em><strong>L\u2019Arm\u00e9e et la Flotte rouges ainsi que tous les citoyens de l\u2019Union sovi\u00e9tique doivent d\u00e9fendre chaque pouce de la terre sovi\u00e9tique, se battre jusqu\u2019\u00e0 la derni\u00e8re goutte de leur sang pour nos villes et nos villages<\/strong>, faire preuve de courage, d\u2019initiative et de pr\u00e9sence d\u2019esprit, \u2013 toutes qualit\u00e9s propres a notre peuple.<\/em><\/p>\n\n\n\n<p><em>Il nous faut organiser une aide multiple a l\u2019Arm\u00e9e rouge, pourvoir a son recrutement intense, lui assurer le ravitaillement n\u00e9cessaire, organiser le transport rapide des troupes et des mat\u00e9riels de guerre, pr\u00eater un large secours aux bless\u00e9s.<\/em><\/p>\n\n\n\n<p><em>Il nous faut affermir l\u2019arri\u00e8re de l\u2019Arm\u00e9e rouge, en subordonnant a cette \u0153uvre tout notre travail&nbsp;; assurer l\u2019intense fonctionnement de toutes les entreprises&nbsp;; fabriquer en plus grand nombre fusils, mitrailleuses, canons, cartouches, obus, avions&nbsp;; organiser la protection des usines, des centrales \u00e9lectriques, des communications t\u00e9l\u00e9phoniques et t\u00e9l\u00e9graphiques&nbsp;; organiser sur place la d\u00e9fense antia\u00e9rienne.<\/em><\/p>\n\n\n\n<p><em>II nous faut organiser une lutte implacable contre les d\u00e9sorganisateurs de l\u2019arri\u00e8re, les d\u00e9serteurs, les semeurs de panique, les propagateurs de bruits de toutes sortes, an\u00e9antir les espions, les agents de diversion, les parachutistes ennemis en apportant ainsi un concours rapide \u00e0 nos bataillons de chasse.<\/em><\/p>\n\n\n\n<p><em>Il ne faut pas oublier que l\u2019ennemi est perfide, rus\u00e9, expert en l\u2019art de tromper et de r\u00e9pandre de faux bruits.<\/em><\/p>\n\n\n\n<p><em>De tout cela il faut tenir compte et ne pas se laisser prendre \u00e0 la provocation.<\/em><\/p>\n\n\n\n<p><em>Il faut imm\u00e9diatement traduire devant le Tribunal militaire, sans \u00e9gard aux personnalit\u00e9s, tous ceux qui, semant la panique et faisant preuve de poltronnerie, entravent l\u2019\u0153uvre de la d\u00e9fense.<\/em><\/p>\n\n\n\n<p><em>En cas de retraite forc\u00e9e des unit\u00e9s de l\u2019Arm\u00e9e rouge, il faut emmener tout le mat\u00e9riel roulant des chemins de fer, ne pas laisser \u00e0 l\u2019ennemi une seule locomotive ni un seul wagon&nbsp;; ne pas laisser a l\u2019ennemi un seul kilogramme de bl\u00e9, ni un litre de carburant.<\/em><\/p>\n\n\n\n<p><em>Les kolkhoziens doivent emmener tout leur b\u00e9tail, verser leur bl\u00e9 en d\u00e9p\u00f4t aux organismes d\u2019Etat qui l\u2019achemineront vers les r\u00e9gions de l\u2019arri\u00e8re.<\/em><\/p>\n\n\n\n<p><em>Toutes les mati\u00e8res de valeur, y compris les m\u00e9taux non ferreux, le bl\u00e9 et le carburant qui ne peuvent \u00eatre \u00e9vacu\u00e9s doivent \u00eatre absolument d\u00e9truites.<\/em><\/p>\n\n\n\n<p><em>Dans les r\u00e9gions occup\u00e9es par l\u2019ennemi il faut former des d\u00e9tachements de partisans \u00e0 cheval et \u00e0 pied, des groupes de destruction pour lutter contre les unit\u00e9s de l\u2019arm\u00e9e ennemie, pour attiser la gu\u00e9rilla en tous lieux, pour faire sauter les ponts et les routes, d\u00e9t\u00e9riorer les communications t\u00e9l\u00e9phoniques et t\u00e9l\u00e9graphiques, incendier les for\u00eats, les d\u00e9p\u00f4ts, les convois.<\/em><\/p>\n\n\n\n<p><em>Dans les r\u00e9gions envahies il faut cr\u00e9er des conditions insupportables pour l\u2019ennemi et tous ses auxiliaires, les poursuivre et les d\u00e9truire a chaque pas, faire \u00e9chouer toutes les mesures prises par l\u2019ennemi.<\/em><\/p>\n\n\n\n<p><em>On ne peut consid\u00e9rer la guerre contre l\u2019Allemagne fasciste comme une guerre ordinaire.<\/em><\/p>\n\n\n\n<p><strong><em>Ce n\u2019est pas seulement une guerre qui se livre entre deux arm\u00e9es. C\u2019est aussi la grande guerre du peuple sovi\u00e9tique tout entier contre les troupes fascistes allemandes.<\/em><\/strong><\/p>\n\n\n\n<p><em>Cette guerre du peuple pour le salut de la Patrie, contre les oppresseurs fascistes, n\u2019a pas seulement pour objet de supprimer le danger qui p\u00e8se sur notre pays, mais encore d\u2019aider tous les peuples d\u2019Europe qui g\u00e9missent sous le joug du fascisme allemand.<\/em><\/p>\n\n\n\n<p><em>Nous ne serons pas seuls dans cette guerre lib\u00e9ratrice.<\/em><\/p>\n\n\n\n<p><em>Nos fid\u00e8les alli\u00e9s dans cette grande guerre, ce sont les peuples de l\u2019Europe et de l\u2019Am\u00e9rique y compris le peuple allemand qui est asservi par les meneurs hitl\u00e9riens.<\/em><\/p>\n\n\n\n<p><em>Notre guerre pour la libert\u00e9 de notre Patrie se confondra avec la lutte des peuples d\u2019Europe et d\u2019Am\u00e9rique pour leur ind\u00e9pendance, pour les libert\u00e9s d\u00e9mocratiques.<\/em><\/p>\n\n\n\n<p><em>Ce sera le front unique des peuples qui s\u2019affirment pour la libert\u00e9 contre l\u2019asservissement et la menace d\u2019asservissement de la part des arm\u00e9es fascistes de Hitler.<\/em><\/p>\n\n\n\n<p><em>Ceci \u00e9tant, le discours historique prononc\u00e9 par le Premier ministre de Grande-Bretagne, Monsieur Churchill, sur l\u2019aide \u00e0 pr\u00eater \u00e0 l\u2019Union sovi\u00e9tique et la d\u00e9claration du gouvernement des Etats-Unis se disant pr\u00eat \u00e0 accorder toute assistance a notre pays ne peuvent susciter qu\u2019un sentiment de reconnaissance dans le c\u0153ur des peuples de l\u2019Union sovi\u00e9tique&nbsp;; ce discours et cette d\u00e9claration sont parfaitement compr\u00e9hensibles et significatifs.<\/em><\/p>\n\n\n\n<p><em>Camarades, nos forces sont incalculables.<\/em><\/p>\n\n\n\n<p><em>L\u2019ennemi pr\u00e9somptueux s\u2019en convaincra bient\u00f4t.<\/em><\/p>\n\n\n\n<p><em>Aux c\u00f4t\u00e9s de l\u2019Arm\u00e9e rouge se l\u00e8vent des milliers d\u2019ouvriers, de kolkhoziens et d\u2019intellectuels pour la guerre contre l\u2019agresseur.<\/em><\/p>\n\n\n\n<p><em>On verra se lever les masses innombrables de notre peuple.<\/em><\/p>\n\n\n\n<p><em>D\u00e9j\u00e0 les travailleurs de Moscou et de Leningrad, pour appuyer l\u2019Arm\u00e9e rouge, ont entrepris d\u2019organiser une milice populaire forte de milliers et de milliers d\u2019hommes.<\/em><\/p>\n\n\n\n<p><strong><em>Cette milice populaire, il faut la cr\u00e9er dans chaque ville que menace le danger d\u2019une invasion ennemie&nbsp;; il faut dresser pour la lutte tous les travailleurs qui offriront leurs poitrines pour d\u00e9fendre leur libert\u00e9, leur honneur, leur pays, dans notre guerre contre le fascisme allemand, pour le salut de la Patrie.<\/em><\/strong><\/p>\n\n\n\n<p><em>Afin de mobiliser rapidement toutes les forces des peuples de l\u2019URSS, en vue d\u2019organiser la riposte a l\u2019ennemi qui a attaqu\u00e9 perfidement notre Patrie, il a \u00e9t\u00e9 form\u00e9 un Comit\u00e9 d\u2019Etat pour la D\u00e9fense, qui d\u00e9tient maintenant la pl\u00e9nitude du pouvoir dans le pays.<\/em><\/p>\n\n\n\n<p><em>Le Comit\u00e9 d\u2019Etat pour la D\u00e9fense a commenc\u00e9 son travail, il appelle le peuple entier a se rallier autour du Parti de L\u00e9nine et de Staline, autour du Gouvernement sovi\u00e9tique, pour soutenir avec abn\u00e9gation l\u2019Arm\u00e9e et la Flotte rouges, pour \u00e9craser l\u2019ennemi, pour remporter la victoire.<\/em><\/p>\n\n\n\n<p><em>Toutes nos forces pour le soutien de notre h\u00e9ro\u00efque Arm\u00e9e rouge, de notre glorieuse Flotte rouge&nbsp;!<\/em><\/p>\n\n\n\n<p><em>Toutes les forces du peuple pour \u00e9craser l\u2019ennemi&nbsp;!<\/em><\/p>\n\n\n\n<p><em>En avant vers notre victoire&nbsp;!&nbsp;\u00bb<\/em><\/p>\n<\/blockquote>\n\n\n\n<p>Il faut \u00e9couter l\u2019enregistrement sur youtube pour comprendre l\u2019angoisse qui transpara\u00eet dans la voix de Joseph Staline. On sent que le destin personnel du chef de l\u2019Etat et de son r\u00e9gime se joua lors de ces semaines d\u00e9cisives. L\u2019attaque fut lanc\u00e9e le 22 juin, mais ce ne fut que le 3 juillet qu\u2019il prendra solennellement la parole publiquement. Il est d\u00e9sempar\u00e9 et sid\u00e9r\u00e9 par l\u2019attaque, et cela se sent dans le ton de sa voix, mais \u00e9galement dans les mots d\u2019une incroyable force qu\u2019il va employer pour faire r\u00e9agir le peuple sovi\u00e9tique. On le sent bien, car il d\u00e9tache chaque mot, chaque phrase, il parle lentement et calmement, ce qui est un signe de sid\u00e9ration.<\/p>\n\n\n\n<p>Au niveau de la rh\u00e9torique, il va jouer sur la menace existentielle pour le r\u00e9gime sovi\u00e9tique et pour la Russie. \u00ab&nbsp;<em>Un grave danger p\u00e8se sur notre Patrie<\/em>\u00ab&nbsp;, \u00ab&nbsp;<em>Notre pays est entr\u00e9 dans un combat a mort avec son pire et perfide ennemi, le fascisme allemand&nbsp;\u00bb,&nbsp;<\/em>\u00ab&nbsp;<em>Il s\u2019agit ainsi de la vie ou de la mort de l\u2019Etat sovi\u00e9tique, de la vie ou de la mort des peuples de l\u2019URSS&nbsp;\u00ab&nbsp;<\/em>.<\/p>\n\n\n\n<p>Il va ensuite insister pour que la population doive \u00ab&nbsp;<em>d\u00e9fendre chaque pouce de la terre sovi\u00e9tique, se battre jusqu\u2019\u00e0 la derni\u00e8re goutte de leur sang pour nos villes et nos villages<\/em>, indiquant que \u00ab&nbsp;<em>ce n\u2019est pas seulement une guerre qui se livre entre deux arm\u00e9es. C\u2019est aussi la grande guerre du peuple sovi\u00e9tique tout entier contre les troupes fascistes allemandes.<\/em><\/p>\n\n\n\n<p>Il parle de mani\u00e8re \u00e9vidente du peuple sovi\u00e9tique en lieu et place du peuple russe. Il n\u2019est pas question de Russie, mais d\u2019Union Sovi\u00e9tique. Il faut d\u00e9fendre le r\u00e9gime sovi\u00e9tique et exclusivement le r\u00e9gime sovi\u00e9tique. Le discours est sans ambigu\u00eft\u00e9 sur ce point. Mais il parvient \u00e0 glisser quelques r\u00e9f\u00e9rences \u00e0 la gloire pass\u00e9e de la Russie. Il \u00e9voque la victoire contre Napol\u00e9on en 1812, \u00e0 la r\u00e9sistance russe lors de la Premi\u00e8re Guerre mondiale. En 1812 comme en 1914, la Russie \u00e9tait dirig\u00e9e par un Tsar. Il y a donc une r\u00e9f\u00e9rence indirecte \u00e0 la p\u00e9riode tsariste qui peut para\u00eetre \u00e9tonnante. Ce n\u2019est en r\u00e9alit\u00e9 que le d\u00e9but d\u2019un long processus qui va aboutir \u00e0 amener le peuple \u00e0 consid\u00e9rer Staline comme un nouveau Tsar russe.<\/p>\n\n\n\n<h4 class=\"wp-block-heading\"><strong><mark style=\"background-color:rgba(0, 0, 0, 0)\" class=\"has-inline-color has-luminous-vivid-orange-color\">2 : Le discours du 7 novembre 1941.<\/mark><\/strong><\/h4>\n\n\n\n<p>Le 7 novembre 1941, l\u2019arm\u00e9e allemande est aux portes de Moscou. L\u2019heure est plus grave que jamais. Un p\u00e9ril mortel menace le r\u00e9gime sovi\u00e9tique. Staline d\u00e9cide quand m\u00eame de maintenir le d\u00e9fil\u00e9 militaire de l\u2019arm\u00e9e sur la place Rouge \u00e0 l\u2019occasion du vingt-quatri\u00e8me anniversaire de la R\u00e9volution d\u2019Octobre. A cette occasion, il va prononcer un discours o\u00f9 il va de mani\u00e8re explicite faire appel aux anciennes gloires de la Russie des tsars pour obtenir la victoire contre le nazisme.<\/p>\n\n\n\n<blockquote class=\"wp-block-quote is-layout-flow wp-block-quote-is-layout-flow\">\n<p>\u00ab&nbsp;<em>Camarades soldats et marins rouges, commandants et travailleurs politiques, ouvriers et ouvri\u00e8res, kolkhoziens et kolkhoziennes, travailleurs intellectuels, fr\u00e8res et s\u0153urs qui, \u00e0 l\u2019arri\u00e8re de notre ennemi, \u00eates tomb\u00e9s momentan\u00e9ment sous le joug des bandits allemands, \u2212 nos glorieux partisans et partisanes \u2212 qui d\u00e9truisez les arri\u00e8res des envahisseurs allemands&nbsp;!<\/em><\/p>\n\n\n\n<p><em>Au nom du Gouvernement sovi\u00e9tique et de notre Parti bolchevik, je vous salue et vous f\u00e9licite \u00e0 l\u2019occasion du 24<sup>e<\/sup>&nbsp;anniversaire de la Grande R\u00e9volution socialiste d\u2019Octobre.<\/em><\/p>\n\n\n\n<p><em>Camarades, nous c\u00e9l\u00e9brons aujourd\u2019hui le 24<sup>e<\/sup>&nbsp;anniversaire de la R\u00e9volution d\u2019Octobre en une heure tr\u00e8s grave. L\u2019agression perfide des bandits allemands et la guerre qu\u2019ils nous ont impos\u00e9e mettent en p\u00e9ril notre pays. Nous avons perdu temporairement une s\u00e9rie de r\u00e9gions. L\u2019ennemi est aux portes de Leningrad et de Moscou. Il comptait qu\u2019au premier choc notre arm\u00e9e serait dispers\u00e9e et notre pays mis \u00e0 genoux. Mais l\u2019ennemi s\u2019est cruellement tromp\u00e9. Malgr\u00e9 les insucc\u00e8s temporaires, notre ann\u00e9e et notre flotte repoussent h\u00e9ro\u00efquement les attaques ennemies sur toute la ligne du front, lui infligeant de lourdes pertes&nbsp;; et notre pays \u2212 tout notre pays, \u2212 a form\u00e9 un seul camp de guerre pour assurer, de concert avec notre arm\u00e9e et notre flotte, la d\u00e9b\u00e2cle des envahisseurs allemands.<\/em><\/p>\n\n\n\n<p><em>Il y a eu des jours o\u00f9 notre pays connut une situation encore plus p\u00e9nible. Rappelez-vous l\u2019ann\u00e9e 1918, date \u00e0 laquelle nous c\u00e9l\u00e9brions notre premier anniversaire de la R\u00e9volution d\u2019Octobre. Les trois quarts de notre pays se trouvaient alors aux mains de l\u2019intervention \u00e9trang\u00e8re. Nous avions momentan\u00e9ment perdu l\u2019Ukraine, le Caucase, l\u2019Asie centrale, l\u2019Oural, la Sib\u00e9rie, l\u2019Extr\u00eame-Orient. Nous n\u2019avions pas d\u2019alli\u00e9s, nous n\u2019avions pas d \u2019Arm\u00e9e rouge, \u2212 nous \u00e9tions seulement en train de la cr\u00e9er&nbsp;; nous manquions de bl\u00e9, d\u2019armement, d\u2019\u00e9quipements. 14 Etats enserraient notre pays, mais nous ne nous laissions pas d\u00e9courager, ni abattre. C\u2019est dans le feu de la guerre que nous organisions alors notre Arm\u00e9e rouge et avions chang\u00e9 notre pays en un camp retranch\u00e9. L\u2019esprit du grand L\u00e9nine nous inspirait alors pour une guerre contre l\u2019intervention \u00e9trang\u00e8re. Et qu\u2019est-il advenu&nbsp;?<\/em><\/p>\n\n\n\n<p><em>Nous avons battu l\u2019intervention, r\u00e9cup\u00e9r\u00e9 tous les territoires perdus et obtenu la victoire.<\/em><\/p>\n\n\n\n<p><em>Maintenant la situation de notre pays est bien meilleure qu\u2019il y a vingt-trois ans. Notre pays est de beaucoup plus riche, maintenant en industrie, en denr\u00e9es alimentaires et en mati\u00e8res premi\u00e8res, qu\u2019il y a vingt-trois ans. Nous avons maintenant des alli\u00e9s qui forment avec nous un front unique contre les envahisseurs allemands. Nous jouissons maintenant de la sympathie et du soutien de tous les peuples d\u2019Europe tomb\u00e9s sous le joug de la tyrannie hitl\u00e9rienne. Nous poss\u00e9dons maintenant une arm\u00e9e remarquable et une remarquable flotte, qui font un rempart de leurs corps pour sauvegarder la libert\u00e9 et l\u2019ind\u00e9pendance de notre Patrie. Nous n\u2019\u00e9prouvons pas un s\u00e9rieux manque de produits alimentaires, ni d\u2019armement, ni d\u2019\u00e9quipements. Tout notre pays, tous les peuples de notre pays soutiennent notre arm\u00e9e, notre flotte&nbsp;; ils les aident \u00e0 battre les hordes d\u2019invasion des fascistes allemands. Nos r\u00e9serves en hommes sont in\u00e9puisables. L\u2019esprit du grand L\u00e9nine et son victorieux drapeau nous exaltent aujourd\u2019hui, comme il y a vingt-trois ans, dans la guerre pour le salut de la Patrie.<\/em><\/p>\n\n\n\n<p><em>Peut-on douter que nous pouvons et devons vaincre les envahisseurs allemands&nbsp;?<\/em><\/p>\n\n\n\n<p><em>L\u2019ennemi n\u2019est pas aussi fort que le repr\u00e9sentent certains intellectuels apeur\u00e9s. Le diable n\u2019est pas si noir qu\u2019on le fait. Qui peut nier que notre Arm\u00e9e rouge ait plus d\u2019une fois mis en fuite les fameuses troupes allemandes prises de panique&nbsp;? Si l\u2019on en juge non pas d\u2019apr\u00e8s les d\u00e9clarations fanfaronnes des propagandistes allemands, mais d\u2019apr\u00e8s la situation v\u00e9ritable de l\u2019Allemagne, on comprendra sans peine que les envahisseurs fascistes allemands sont \u00e0 la veille d\u2019une catastrophe. La famine et la mis\u00e8re r\u00e8gnent actuellement en Allemagne&nbsp;; en quatre mois de guerre l\u2019Allemagne a perdu 4.500.000 soldats, son sang coule \u00e0 flots, ses r\u00e9serves en hommes sont pr\u00e8s de s\u2019\u00e9puiser, l\u2019esprit d\u2019indignation s\u2019empare non seulement des peuples de l\u2019Europe tomb\u00e9s sous le joug des envahisseurs allemands, mais aussi du peuple allemand lui-m\u00eame, qui n\u2019aper\u00e7oit pas la fin de la guerre. Les envahisseurs allemands tendent leurs derni\u00e8res forces. Il est hors de doute que l\u2019Allemagne ne peut soutenir longtemps une tension pareille. Encore quelques mois, encore six mois, peut-\u00eatre une petite ann\u00e9e, et l\u2019Allemagne hitl\u00e9rienne devra crouler sous le poids de ses forfaits.<\/em><\/p>\n\n\n\n<p><em>Camarades soldats et marins rouges, commandants et travailleurs politiques, partisans et partisanes&nbsp;! Le monde entier voit en vous une force capable d\u2019an\u00e9antir les hordes d\u2019invasion des bandits allemands. Les peuples asservis de l\u2019Europe, tomb\u00e9s sous le joug des envahisseurs allemands, vous regardent comme leurs lib\u00e9rateurs,&nbsp;<strong>Une grande mission lib\u00e9ratrice vous est d\u00e9volue. Soyez donc dignes de cette mission. La guerre que vous menez est une guerre lib\u00e9ratrice, une guerre juste. Puisse vous inspirer dans cette guerre le glorieux exemple de nos grands anc\u00eatres Alexandre Nevski, Dimitri Donsko\u00ef, Kouzma Minin, Dimitri Pojarski, Alexandre Souvorov, Mikha\u00efl Koutouzov&nbsp;!<\/strong>&nbsp;Que le drapeau victorieux du grand L\u00e9nine vous rallie sous ses plis&nbsp;!&nbsp;\u00bb<\/em><\/p>\n<\/blockquote>\n\n\n\n<p>Apr\u00e8s avoir r\u00e9cit\u00e9 le discours habituel sur les anciennes gloires de l\u2019Arm\u00e9e rouge en 1918, Staline va \u00e9voquer en toute fin de discours le pass\u00e9 tsariste de la Russie en citant un certain nombre de \u00ab&nbsp;grands anc\u00eatres&nbsp;\u00bb qui vont faire vibrer la fibre patriotique de l\u2019ensemble des Russes, qu\u2019ils soient communistes ou monarchistes.<\/p>\n\n\n\n<blockquote class=\"wp-block-quote is-layout-flow wp-block-quote-is-layout-flow\">\n<p>\u00ab&nbsp;<em>Une grande mission lib\u00e9ratrice vous est d\u00e9volue. Soyez donc dignes de cette mission. La guerre que vous menez est une guerre lib\u00e9ratrice, une guerre juste. Puisse vous inspirer dans cette guerre le glorieux exemple de nos grands anc\u00eatres Alexandre Nevski, Dimitri Donsko\u00ef, Kouzma Minin, Dimitri Pojarski, Alexandre Souvorov, Mikha\u00efl Koutouzov&nbsp;!&nbsp;<\/em>\u00ab&nbsp;<\/p>\n<\/blockquote>\n\n\n\n<p>Il est question d\u2019Alexandre Nevski, de Dimitri Donsko\u00ef, de Kouzma Minin, de Dimitri Pojarski, d\u2019Alexandre Souvorov et de Mikhail Koutouziv.<\/p>\n\n\n\n<p>Alexandre Nevski (1220-1263) est un h\u00e9ros national russe qui devint saint de l\u2019Eglise orthodoxe. D\u2019ailleurs, plusieurs \u00e9glises en Russie portent son nom. Il remporta de nombreuses batailles contre les Su\u00e9dois et les chevaliers teutoniques. Sergei Eisenstein tourna un film sur sa vie en 1938, ce qui montrait d\u00e9j\u00e0 l\u2019int\u00e9r\u00eat de Staline pour son personnage avant la Deuxi\u00e8me Guerre mondiale. Le film montre le combat d\u2019Alexandre Nevski contre les chevaliers teutoniques qui sont les anc\u00eatres des Allemands actuels.<\/p>\n\n\n\n<figure class=\"wp-block-image\"><a href=\"https:\/\/i0.wp.com\/www.astrologie-mondiale.com\/wp-content\/uploads\/2024\/05\/image-27.png?ssl=1\"><img decoding=\"async\" src=\"https:\/\/i0.wp.com\/www.astrologie-mondiale.com\/wp-content\/uploads\/2024\/05\/image-27.png?resize=640%2C463&amp;ssl=1\" alt=\"\" class=\"wp-image-11908\"\/><\/a><figcaption class=\"wp-element-caption\">Nikolay Cherkasov jouant Alexandre Nevski dans le film de Serge\u00ef Eisenstein.<\/figcaption><\/figure>\n\n\n\n<p>Dimitri Donsko\u00ef (1350-1389) est \u00e9galement un saint de l\u2019orthodoxie qui lib\u00e9ra la Russie du joug tataro-mongole lors de la bataille de Koulikovo, le 8 septembre 1380.<\/p>\n\n\n\n<p>M\u00eame de nos jours, lorsque vous visitez la place rouge, vous pouvez voir une statue de Mimine et Pojarski devant la merveilleuse \u00e9glise de Basile le Bienheureux (une \u00e9glise dont les d\u00f4mes ressemblent \u00e0 des c\u00f4nes de glace.<\/p>\n\n\n\n<figure class=\"wp-block-image\"><a href=\"https:\/\/i0.wp.com\/www.astrologie-mondiale.com\/wp-content\/uploads\/2024\/05\/SAM_3749-scaled.jpg?ssl=1\"><img decoding=\"async\" src=\"https:\/\/i0.wp.com\/www.astrologie-mondiale.com\/wp-content\/uploads\/2024\/05\/SAM_3749.jpg?resize=800%2C600&amp;ssl=1\" alt=\"\" class=\"wp-image-11909\"\/><\/a><figcaption class=\"wp-element-caption\">Statue de Minin et Pojarski devant l\u2019\u00e9glise Basile le Bienheureux, Place rouge, Moscou. Photo : Chaulveron.<\/figcaption><\/figure>\n\n\n\n<p>Kouzma Minin (1570-1616) et Dimitri Pojarski (1577-1642) vont former l\u2019alliance du petit peuple et de la noblesse russe pour mettre fin au temps des troubles, c\u2019est-\u00e0-dire \u00e0 la p\u00e9riode de guerre civile et de d\u00e9sordre qui eut lieu apr\u00e8s la mort d\u2019Ivan le Terrible et jusqu\u2019au r\u00e9tablissement de l\u2019ordre avec l\u2019arriv\u00e9e sur le tr\u00f4ne de Michel Romanov.<\/p>\n\n\n\n<p>Alexandre Souvorov (1730-1800) fut un g\u00e9n\u00e9ral russe qui ne connut jamais la d\u00e9faite. Il mena des guerres contre les Ottomans, les Polonais ou participa \u00e0 la campagne d\u2019Italie contre Napol\u00e9on.<\/p>\n\n\n\n<p>Enfin, en parlant de Napol\u00e9on, Mikha\u00efl Koutouzov (1745-1813) mena la campagne de Russie avec succ\u00e8s contre l\u2019Empereur des Fran\u00e7ais.<\/p>\n\n\n\n<h4 class=\"wp-block-heading\"><strong><mark style=\"background-color:rgba(0, 0, 0, 0)\" class=\"has-inline-color has-luminous-vivid-orange-color\">3 : \u00ab\u00a0Ivan le Terrible\u00a0\u00bb (1944) de Sergei Eisenstein.<\/mark><\/strong><\/h4>\n\n\n\n<p>D\u00e9sormais, Staline cherche \u00e0 se pr\u00e9senter comme le continuateur de la Russie imp\u00e9riale en empruntant \u00e0 son profit toutes les gloires du pass\u00e9 tsariste. C\u2019est \u00e0 ce moment-l\u00e0 qu\u2019il va utiliser le cin\u00e9ma pour tourner des films sur l\u2019histoire de la Russie d\u2019avant 1917. Il va demander \u00e0 Eisenstein de tourner une s\u00e9rie de films en hommage \u00e0 Ivan IV le Terrible. Nous sommes en 1945. L\u2019URSS a triomph\u00e9 du nazisme et Staline est au sommet de sa gloire.<\/p>\n\n\n\n<p>Le premier film s\u2019ouvre sur le sacre d\u2019Ivan. Une s\u00e9quence qui va marquer tous les esprits et restera dans l\u2019histoire du cin\u00e9ma pour ses d\u00e9cors, son impressionnante mise en sc\u00e8ne et surtout la musique de Sergei Prokofiev. Eisenstein est au sommet de son art.<\/p>\n\n\n\n<p>Le r\u00e9alisateur tente un \u00e9tonnant parall\u00e8le entre Ivan le Terrible et Staline. Sous-entendant de mani\u00e8re implicite que Staline est le continuateur du Tsar.<\/p>\n\n\n\n<p>Avant m\u00eame le couronnement, le public voit s\u2019afficher une s\u00e9rie de panneaux qui indique qu\u2019Ivan le Terrible a \u00e9t\u00e9 l\u2019unificateur de la Russie contre les ennemis de la Russie&nbsp;\u00bb. Puis c\u2019est un gros plan sur la couronne de Tsar pos\u00e9e sur un coussin.<\/p>\n\n\n\n<figure class=\"wp-block-image\"><a href=\"https:\/\/i0.wp.com\/www.astrologie-mondiale.com\/wp-content\/uploads\/2024\/05\/image-28.png?ssl=1\"><img decoding=\"async\" src=\"https:\/\/i0.wp.com\/www.astrologie-mondiale.com\/wp-content\/uploads\/2024\/05\/image-28.png?resize=800%2C564&amp;ssl=1\" alt=\"\" class=\"wp-image-11911\"\/><\/a><figcaption class=\"wp-element-caption\">Couronne d\u2019Ivan le Terrible, \u00ab&nbsp;Ivan le Terrible&nbsp;\u00bb, Eisenstein, 1945.<\/figcaption><\/figure>\n\n\n\n<p>Puis, au c\u00f4t\u00e9 de la couronne se trouve le globe surmont\u00e9 d\u2019une croix, attribut habituel des Tsars.<\/p>\n\n\n\n<figure class=\"wp-block-image\"><a href=\"https:\/\/i0.wp.com\/www.astrologie-mondiale.com\/wp-content\/uploads\/2024\/05\/image-29.png?ssl=1\"><img decoding=\"async\" src=\"https:\/\/i0.wp.com\/www.astrologie-mondiale.com\/wp-content\/uploads\/2024\/05\/image-29.png?resize=800%2C556&amp;ssl=1\" alt=\"\" class=\"wp-image-11912\"\/><\/a><figcaption class=\"wp-element-caption\">Couronne et globe d\u2019Ivan le Terrible, \u00ab&nbsp;Ivan le Terrible&nbsp;\u00bb, Eisenstein, 1945.<\/figcaption><\/figure>\n\n\n\n<p>Ensuite, Ivan passe la porte de l\u2019\u00e9glise o\u00f9 l\u2019attend une haie d\u2019honneur de pr\u00eatres en tenue avec croix et bougies.<\/p>\n\n\n\n<figure class=\"wp-block-image\"><a href=\"https:\/\/i0.wp.com\/www.astrologie-mondiale.com\/wp-content\/uploads\/2024\/05\/image-30.png?ssl=1\"><img decoding=\"async\" src=\"https:\/\/i0.wp.com\/www.astrologie-mondiale.com\/wp-content\/uploads\/2024\/05\/image-30.png?resize=800%2C561&amp;ssl=1\" alt=\"\" class=\"wp-image-11913\"\/><\/a><figcaption class=\"wp-element-caption\">Entr\u00e9e d\u2019Ivan le Terrible, \u00ab&nbsp;Ivan le Terrible&nbsp;\u00bb, Eisenstein, 1945.<\/figcaption><\/figure>\n\n\n\n<p>Puis la foule qui repr\u00e9sente le peuple s\u2019incline devant son futur Tsar.<\/p>\n\n\n\n<figure class=\"wp-block-image\"><a href=\"https:\/\/i0.wp.com\/www.astrologie-mondiale.com\/wp-content\/uploads\/2024\/05\/image-31.png?ssl=1\"><img decoding=\"async\" src=\"https:\/\/i0.wp.com\/www.astrologie-mondiale.com\/wp-content\/uploads\/2024\/05\/image-31.png?resize=800%2C550&amp;ssl=1\" alt=\"\" class=\"wp-image-11914\"\/><\/a><figcaption class=\"wp-element-caption\">Le peuple s\u2019incline devant Ivan le Terrible, \u00ab&nbsp;Ivan le Terrible&nbsp;\u00bb, Eisenstein, 1945.<\/figcaption><\/figure>\n\n\n\n<p>Il va recevoir la couronne du m\u00e9tropolite de Moscou.<\/p>\n\n\n\n<figure class=\"wp-block-image\"><a href=\"https:\/\/i0.wp.com\/www.astrologie-mondiale.com\/wp-content\/uploads\/2024\/05\/image-32.png?ssl=1\"><img decoding=\"async\" src=\"https:\/\/i0.wp.com\/www.astrologie-mondiale.com\/wp-content\/uploads\/2024\/05\/image-32.png?resize=800%2C599&amp;ssl=1\" alt=\"\" class=\"wp-image-11915\"\/><\/a><figcaption class=\"wp-element-caption\">Couronnement d\u2019Ivan le Terrible, \u00ab&nbsp;Ivan le Terrible&nbsp;\u00bb, Eisenstein, 1945.<\/figcaption><\/figure>\n\n\n\n<p>Mais il va se mettre lui-m\u00eame la couronne sur la t\u00eate, comme le fera Napol\u00e9on au sacre de Notre-dame.<\/p>\n\n\n\n<figure class=\"wp-block-image\"><a href=\"https:\/\/i0.wp.com\/www.astrologie-mondiale.com\/wp-content\/uploads\/2024\/05\/image-33.png?ssl=1\"><img decoding=\"async\" src=\"https:\/\/i0.wp.com\/www.astrologie-mondiale.com\/wp-content\/uploads\/2024\/05\/image-33.png?resize=800%2C600&amp;ssl=1\" alt=\"\" class=\"wp-image-11916\"\/><\/a><figcaption class=\"wp-element-caption\">Couronnement d\u2019Ivan le Terrible, \u00ab&nbsp;Ivan le Terrible&nbsp;\u00bb, Eisenstein, 1945.<\/figcaption><\/figure>\n\n\n\n<p>Nous voyons une mise en sc\u00e8ne tr\u00e8s particuli\u00e8re d\u2019Eisenstein qui d\u00e9cide de ne pas montrer l\u2019onction avec l\u2019huile sainte et de lui pr\u00e9f\u00e9rer l\u2019image d\u2019un Tsar qui se met lui-m\u00eame la couronne sur la t\u00eate, afin de bien montrer qu\u2019il ne doit son titre de Tsar de Russie qu\u2019\u00e0 lui-m\u00eame. L\u2019Eglise accompagne le souverain, l\u2019entoure, mais reste \u00e0 son service.<\/p>\n\n\n\n<figure class=\"wp-block-image\"><a href=\"https:\/\/i0.wp.com\/www.astrologie-mondiale.com\/wp-content\/uploads\/2024\/05\/image-34.png?ssl=1\"><img decoding=\"async\" src=\"https:\/\/i0.wp.com\/www.astrologie-mondiale.com\/wp-content\/uploads\/2024\/05\/image-34.png?resize=800%2C587&amp;ssl=1\" alt=\"\" class=\"wp-image-11917\"\/><\/a><figcaption class=\"wp-element-caption\">Couronnement d\u2019Ivan le Terrible, \u00ab&nbsp;Ivan le Terrible&nbsp;\u00bb, Eisenstein, 1945.<\/figcaption><\/figure>\n\n\n\n<p>Le peuple qui s\u2019agenouille est soumis au Tsar. Il est passif et simple spectateur inf\u00e9rieur devant le pouvoir qui se met en sc\u00e8ne devant lui.<\/p>\n\n\n\n<p>C\u2019est une relecture particuli\u00e8re de la mise en sc\u00e8ne du pouvoir royal en Russie, afin d\u2019\u00eatre conforme \u00e0 l\u2019image que souhaite en donner Staline. Ce qui frappe dans la mise en sc\u00e8ne du sacre, c\u2019est la solitude d\u2019Ivan face au pouvoir, comme ce sera le cas de Staline durant son r\u00e8gne.<\/p>\n\n\n\n<p>Le deuxi\u00e8me film tourn\u00e9 en m\u00eame temps que le premier montre un Tsar vieillissant et affaibli qui va fortement d\u00e9plaire \u00e0 Staline. Il s\u2019opposera \u00e0 sa diffusion aupr\u00e8s du public. Le film ne sera projet\u00e9 dans les salles sovi\u00e9tiques qu\u2019apr\u00e8s la mort de Staline et le XX<sup>e<\/sup>&nbsp;congr\u00e8s. Pourtant, la critique du pouvoir autoritaire et solitaire de Staline \u00e9tait d\u00e9j\u00e0 pr\u00e9sente de mani\u00e8re plus subtile dans le premier volet. La splendeur de la mise en sc\u00e8ne du couronnement flatta l\u2019ego de Staline qui n\u2019osa pas le censurer.<\/p>\n\n\n\n<p>Il faudra attendre treize ans pour que soit tourn\u00e9 une suite au film. Le deuxi\u00e8me date de 1958. C\u2019est le dernier film de Sergei Eisenstein. Il mourra trois ans plus tard, en 1948. Ce ne sera pas le dernier g\u00e9nie du cin\u00e9ma sovi\u00e9tique, nous parlerons ensuite d\u2019Andre\u00ef Tarkovski qui mettra merveilleusement en image l\u2019autre aspect de la propagande politique comme mythe politique.<\/p>\n\n\n\n<h3 class=\"wp-block-heading\"><strong><mark style=\"background-color:rgba(0, 0, 0, 0)\" class=\"has-inline-color has-vivid-cyan-blue-color\">B&nbsp;: Staline et l&rsquo;iconographie.<\/mark><\/strong><\/h3>\n\n\n\n<h4 class=\"wp-block-heading\"><strong><mark style=\"background-color:rgba(0, 0, 0, 0)\" class=\"has-inline-color has-luminous-vivid-orange-color\">1 : Importance de l&rsquo;ic\u00f4ne dans la religion orthodoxe.<\/mark><\/strong><\/h4>\n\n\n\n<p>Staline a \u00e9galement puis\u00e9 sa mise en sc\u00e8ne du culte de la personnalit\u00e9 dans un autre fondement psychologique de la Russie \u00e9ternelle, l\u2019iconographie. Il n\u2019y a pas de Russie sans son iconographie. Qui a d\u00e9j\u00e0 visit\u00e9 la Russie ne peut que le constater avec moi. Il n\u2019y a pas une \u00e9glise, une cath\u00e9drale o\u00f9 vous ne trouvez pas, m\u00eame de nos jours, une jeune fille ou un jeune homme en train de peindre une copie d\u2019une ic\u00f4ne dont il prend mod\u00e8le. Cela m\u2019a toujours impressionn\u00e9, car c\u2019est tellement \u00e9loign\u00e9 de ma culture fran\u00e7aise.<\/p>\n\n\n\n<p>J\u2019ai parcouru la Russie pendant des ann\u00e9es. Moins de nos jours, je n\u2019ai plus d\u2019argent pour le faire. H\u00e9las. Mais cela n\u2019a s\u00fbrement pas d\u00fb changer. Voici par exemple une photo prise par mes soins en 2011 \u00e0 Rostov-le-Grand.<\/p>\n\n\n\n<figure class=\"wp-block-image\"><a href=\"https:\/\/i0.wp.com\/www.astrologie-mondiale.com\/wp-content\/uploads\/2024\/05\/SAM_1443.jpg?ssl=1\"><img decoding=\"async\" src=\"https:\/\/i0.wp.com\/www.astrologie-mondiale.com\/wp-content\/uploads\/2024\/05\/SAM_1443.jpg?resize=768%2C1024&amp;ssl=1\" alt=\"\" class=\"wp-image-11919\"\/><\/a><figcaption class=\"wp-element-caption\">Kremlin de Rostov, Rostov le Grand, photo : Chaulveron, 2011.<\/figcaption><\/figure>\n\n\n\n<figure class=\"wp-block-image\"><a href=\"https:\/\/i0.wp.com\/www.astrologie-mondiale.com\/wp-content\/uploads\/2024\/05\/SAM_1446.jpg?ssl=1\"><img decoding=\"async\" src=\"https:\/\/i0.wp.com\/www.astrologie-mondiale.com\/wp-content\/uploads\/2024\/05\/SAM_1446.jpg?resize=768%2C1024&amp;ssl=1\" alt=\"\" class=\"wp-image-11920\"\/><\/a><figcaption class=\"wp-element-caption\">Kremlin de Rostov, Rostov-le-Grand. Photo : Chaulveron, 2011.<\/figcaption><\/figure>\n\n\n\n<p>C\u2019est dans ce vieil imaginaire russe que Staline va puiser son id\u00e9e d\u2019utiliser des images de lui au service de sa propagande. Cela renvoi aux cultes des saints et des ic\u00f4nes si typiques de l\u2019orthodoxie. Une bonne campagne de propagande doit toujours s\u2019appuyer sur un puissant arri\u00e8re-fond historique. Il faut conna\u00eetre les racines profondes du peuple et savoir en jouer. Staline \u00e9tait pass\u00e9 ma\u00eetre dans ce domaine.<\/p>\n\n\n\n<p>Nous sommes d\u00e9j\u00e0 dans le domaine du mythe politique et de la mani\u00e8re dont on peut faire na\u00eetre un sauveur. Dans le cadre de la propagande, la construction du mythe doit non seulement prendre sa source dans la pens\u00e9e profonde d\u2019un peuple, mais il doit le r\u00e9p\u00e9ter afin de conditionner la population.<\/p>\n\n\n\n<p>L\u2019image de Staline va \u00eatre diffus\u00e9e sur l\u2019ensemble de l\u2019espace public, par l\u2019interm\u00e9diaire des m\u00e9dias de masse (radio, t\u00e9l\u00e9vision, cin\u00e9ma), par l\u2019art ou la litt\u00e9rature.<\/p>\n\n\n\n<p>Regardons par exemple comment la foule porte religieusement le portrait de Staline comme une ic\u00f4ne.<\/p>\n\n\n\n<figure class=\"wp-block-image\"><a href=\"https:\/\/i0.wp.com\/www.astrologie-mondiale.com\/wp-content\/uploads\/2023\/12\/image-24.png?ssl=1\"><img decoding=\"async\" src=\"https:\/\/i0.wp.com\/www.astrologie-mondiale.com\/wp-content\/uploads\/2023\/12\/image-24.png?resize=800%2C716&amp;ssl=1\" alt=\"\" class=\"wp-image-11379\"\/><\/a><\/figure>\n\n\n\n<p>Nous retrouvons le m\u00eame type d\u2019image sur le c\u00e9l\u00e8bre tableau d\u2019Illarion Prianichnikov repr\u00e9sentant une procession avec des ic\u00f4nes \u00e0 Koursk.<\/p>\n\n\n\n<figure class=\"wp-block-image\"><a href=\"https:\/\/i0.wp.com\/www.astrologie-mondiale.com\/wp-content\/uploads\/2023\/12\/image-25.png?ssl=1\"><img decoding=\"async\" src=\"https:\/\/i0.wp.com\/www.astrologie-mondiale.com\/wp-content\/uploads\/2023\/12\/image-25.png?resize=800%2C503&amp;ssl=1\" alt=\"\" class=\"wp-image-11380\"\/><\/a><figcaption class=\"wp-element-caption\">Procession de P\u00e2ques au bord de la Louza 1893 par Illarion Prianichnikov<\/figcaption><\/figure>\n\n\n\n<p>Le parall\u00e8le est vraiment frappant.<\/p>\n\n\n\n<p>J\u2019ai moi-m\u00eame \u00e9t\u00e9 t\u00e9moin \u00e0 plusieurs reprises de ce genre de procession religieuse en Russie ou en Ukraine (un territoire de culture russe\u2026 n\u2019en d\u00e9plaise \u00e0 certains)<\/p>\n\n\n\n<p>Par exemple, \u00e0 Serge\u00efev Possad dans les environs de Moscou o\u00f9 je suis tomb\u00e9 par le plus pur des hasards sur une procession religieuse en plein mois de juillet, dirig\u00e9e par le patriarche de Moscou.<\/p>\n\n\n\n<figure class=\"wp-block-image\"><a href=\"https:\/\/i0.wp.com\/www.astrologie-mondiale.com\/wp-content\/uploads\/2024\/05\/moscou-juillet-2010-357-scaled.jpg?ssl=1\"><img decoding=\"async\" src=\"https:\/\/i0.wp.com\/www.astrologie-mondiale.com\/wp-content\/uploads\/2024\/05\/moscou-juillet-2010-357.jpg?resize=768%2C1024&amp;ssl=1\" alt=\"\" class=\"wp-image-11921\"\/><\/a><figcaption class=\"wp-element-caption\">Sergeiev Possad. Photo : Chaulveron, 2011.<\/figcaption><\/figure>\n\n\n\n<p>A Kiev, au moment de Ma\u00efdan, \u00e0 l\u2019\u00e9poque, je me trouvais \u00e0 Kiev, il n\u2019\u00e9tait pas rare de voir des pr\u00eatres orthodoxes tenant une ic\u00f4ne entre la police et les \u00e9meutiers afin d\u2019emp\u00eacher toute violence. Ce qui m\u2019impressionna le plus, c\u2019est que personne n\u2019osait intervenir d\u2019un c\u00f4t\u00e9 ou de l\u2019autre de peur de blesser le pr\u00eatre ou d\u2019endommager l\u2019ic\u00f4ne. Des sc\u00e8nes qui me marqu\u00e8rent \u00e0 vie. En France, nous sommes tellement \u00e9loign\u00e9s de cela.<\/p>\n\n\n\n<figure class=\"wp-block-image\"><a href=\"https:\/\/i0.wp.com\/www.astrologie-mondiale.com\/wp-content\/uploads\/2024\/05\/image-35.png?ssl=1\"><img decoding=\"async\" src=\"https:\/\/i0.wp.com\/www.astrologie-mondiale.com\/wp-content\/uploads\/2024\/05\/image-35.png?resize=800%2C488&amp;ssl=1\" alt=\"\" class=\"wp-image-11922\"\/><\/a><\/figure>\n\n\n\n<figure class=\"wp-block-image\"><a href=\"https:\/\/i0.wp.com\/www.astrologie-mondiale.com\/wp-content\/uploads\/2024\/05\/image-36.png?ssl=1\"><img decoding=\"async\" src=\"https:\/\/i0.wp.com\/www.astrologie-mondiale.com\/wp-content\/uploads\/2024\/05\/image-36.png?resize=800%2C400&amp;ssl=1\" alt=\"\" class=\"wp-image-11923\"\/><\/a><\/figure>\n\n\n\n<p>C\u2019est parce que Staline a su utiliser avec brio ce grand principe qu\u2019il a obtenu une telle adh\u00e9sion populaire autour de sa personne, comme semble s\u2019en \u00e9tonner l\u2019ambassadeur anglais en poste \u00e0 Moscou, en f\u00e9vrier 1935 :<\/p>\n\n\n\n<blockquote class=\"wp-block-quote is-layout-flow wp-block-quote-is-layout-flow\">\n<p>\u00ab&nbsp;<em>\u00c0 l\u2019ouverture du Congr\u00e8s des Soviets de toute l\u2019Union, fonction qui ne fut gu\u00e8re autre chose qu\u2019une glorification du Chef, les deux mille d\u00e9l\u00e9gu\u00e9s se lev\u00e8rent chaque fois que le nom de M. Staline fut prononc\u00e9, acclamant, applaudissant et chantant l\u2019Internationale, parfois m\u00eame pendant dix minutes. On remarquait que personne n\u2019osait cesser d\u2019applaudir, de peur que son voisin ne s\u2019en aper\u00e7\u00fbt, jusqu\u2019\u00e0 ce que l\u2019orateur e\u00fbt repris sa place pour signaler la fin de l\u2019ovation. \u00c0 une autre occasion, lors de l\u2019inauguration d\u2019une exposition d\u2019art th\u00e9\u00e2tral, un orateur, s\u2019apercevant, \u00e0 la fin de son discours, que la r\u00e9f\u00e9rence \u00e0 M. Staline comme p\u00e8re des arts et du th\u00e9\u00e2tre de la nouvelle Russie avait \u00e9t\u00e9 oubli\u00e9e, se pr\u00e9cipita de nouveau sur l\u2019estrade, p\u00e2le, et fit un pan\u00e9gyrique.<\/em><strong>&nbsp;\u00bb (Foreign Office R, ecords, \u00ab Viscount Chilston to Sir John Simon, 22 February 1935&nbsp;: N 1017\/6\/38 \u00bb cit\u00e9 dans Hyde (1971, pp. 317-318))<\/strong><\/p>\n<\/blockquote>\n\n\n\n<h4 class=\"wp-block-heading\"><strong><mark style=\"background-color:rgba(0, 0, 0, 0)\" class=\"has-inline-color has-luminous-vivid-orange-color\">2 : \u00ab\u00a0Andre\u00ef Roublev\u00a0\u00bb (1969) d&rsquo;Andre\u00ef Tarkovski.<\/mark><\/strong><\/h4>\n\n\n\n<p>Le cin\u00e9ma sovi\u00e9tique va d\u2019ailleurs mettre en images la vie du plus c\u00e9l\u00e8bre iconographe russe, Andre\u00ef Roublev (1360-1430) par un autre g\u00e9nie du septi\u00e8me art, Andre\u00ef Tarkovski (1932-1986). Il y a une vraie continuit\u00e9, outre le pr\u00e9nom commun, entre les deux personnages. L\u2019un va mettre en images sous forme de peinture les grandes figures du christianisme orthodoxe, l\u2019autre va mettre en images le peintre. Une image fixe pour l\u2019un, des images qui bougent pour l\u2019autre.<\/p>\n\n\n\n<p>Je me rappelle, cette funeste ann\u00e9e 1986, m\u00eame encore aujourd\u2019hui, pour la mort de Franck Herbert (l\u2019auteur de Dune), de Daniel Balavoine ou de Coluche, mais \u00e9galement celle d\u2019Andre\u00ef Tarkovski. Son film \u00ab&nbsp;<em>Solaris<\/em>&nbsp;\u00bb est consid\u00e9r\u00e9 comme le plus grand film de science-fiction de l\u2019histoire, \u00e0 \u00e9galit\u00e9 avec \u00ab&nbsp;<em>2001, l\u2019odyss\u00e9e de l\u2019espace<\/em>&nbsp;\u00bb de Stanley Kubrick.<\/p>\n\n\n\n<figure class=\"wp-block-image\"><a href=\"https:\/\/i0.wp.com\/www.astrologie-mondiale.com\/wp-content\/uploads\/2024\/06\/image-10.png?ssl=1\"><img decoding=\"async\" src=\"https:\/\/i0.wp.com\/www.astrologie-mondiale.com\/wp-content\/uploads\/2024\/06\/image-10.png?resize=600%2C827&amp;ssl=1\" alt=\"\" class=\"wp-image-11984\"\/><\/a><\/figure>\n\n\n\n<p>Andre\u00ef Roublev tourne son film entre 1965 et 1966 et sortira aux cin\u00e9ma en 1969. Comme jadis Eisenstein avec&nbsp;<em>Ivan le terrible<\/em>\u00ab&nbsp;, Andre\u00ef Roublev aura un rapport tr\u00e8s compliqu\u00e9 avec les autorit\u00e9s sovi\u00e9tiques. C\u2019est presque le m\u00eame sc\u00e9nario qui se rejoue avec trente ans d\u2019\u00e9cart.<\/p>\n\n\n\n<p>Au d\u00e9part, le film sur la vie de l\u2019iconographe est une commande de Leonid Brejnev. Mais le r\u00e9alisateur va en faire une \u0153uvre qui plaide en faveur de l\u2019orthodoxie, alors que Brejnev entendait justement montrer le lien entre l\u2019Union sovi\u00e9tique et les ic\u00f4nes. Brejnev quittera la projection priv\u00e9e avant la fin. Le comit\u00e9 de censure fera retirer trente minutes du film sur trois heures. Le film est autoris\u00e9 \u00e0 la diffusion internationale, mais interdit en URSS jusqu\u2019en 1971.<\/p>\n\n\n\n<p>Andre\u00ef Roublev a v\u00e9cu dans une p\u00e9riode tr\u00e8s troubl\u00e9e de l\u2019histoire de la Russie. C\u2019est l\u2019invasion tatare. Cette p\u00e9riode tr\u00e8s troubl\u00e9e va donner naissance au plus grand g\u00e9nie de l\u2019iconographie russe. Le cin\u00e9aste montre le contexte historique et l\u2019influence de celui-ci sur la cr\u00e9ation de l\u2019artiste.<\/p>\n\n\n\n<p>La sc\u00e8ne d\u2019ouverture est un chef d\u2019\u0153uvre. Un dirigeable est pr\u00eat \u00e0 s\u2019envoler. Il se trouve au pied de l\u2019\u00e9glise de l\u2019Intercession de la Vierge sur la Nerl \u00e0 Bogolioubovo.<\/p>\n\n\n\n<figure class=\"wp-block-image\"><a href=\"https:\/\/i0.wp.com\/www.astrologie-mondiale.com\/wp-content\/uploads\/2024\/06\/image-13.png?ssl=1\"><img decoding=\"async\" src=\"https:\/\/i0.wp.com\/www.astrologie-mondiale.com\/wp-content\/uploads\/2024\/06\/image-13.png?resize=800%2C351&amp;ssl=1\" alt=\"\" class=\"wp-image-11987\"\/><\/a><figcaption class=\"wp-element-caption\">\u00ab&nbsp;Andrei Roublev&nbsp;\u00bb, Tarkovski (1969).<\/figcaption><\/figure>\n\n\n\n<p>Le ballon avec un homme s\u2019envole sur le long de la fa\u00e7ade de l\u2019Eglise.<\/p>\n\n\n\n<figure class=\"wp-block-image\"><a href=\"https:\/\/i0.wp.com\/www.astrologie-mondiale.com\/wp-content\/uploads\/2024\/06\/image-14.png?ssl=1\"><img decoding=\"async\" src=\"https:\/\/i0.wp.com\/www.astrologie-mondiale.com\/wp-content\/uploads\/2024\/06\/image-14.png?resize=800%2C348&amp;ssl=1\" alt=\"\" class=\"wp-image-11988\"\/><\/a><figcaption class=\"wp-element-caption\">\u00ab&nbsp;Andrei Roublev&nbsp;\u00bb, Tarkovski (1969).<\/figcaption><\/figure>\n\n\n\n<p>Donnant lieu \u00e0 de superbes images sur les sculptures de la fa\u00e7ade.<\/p>\n\n\n\n<figure class=\"wp-block-image\"><a href=\"https:\/\/i0.wp.com\/www.astrologie-mondiale.com\/wp-content\/uploads\/2024\/06\/image-15.png?ssl=1\"><img decoding=\"async\" src=\"https:\/\/i0.wp.com\/www.astrologie-mondiale.com\/wp-content\/uploads\/2024\/06\/image-15.png?resize=800%2C341&amp;ssl=1\" alt=\"\" class=\"wp-image-11989\"\/><\/a><figcaption class=\"wp-element-caption\">\u00ab&nbsp;Andrei Roublev&nbsp;\u00bb, Tarkovski (1969).<\/figcaption><\/figure>\n\n\n\n<p>Enfin, le dirigeable survole le monast\u00e8re de l\u2019Intercession \u00e0 Souzdal.<\/p>\n\n\n\n<figure class=\"wp-block-image\"><a href=\"https:\/\/i0.wp.com\/www.astrologie-mondiale.com\/wp-content\/uploads\/2024\/06\/image-12.png?ssl=1\"><img decoding=\"async\" src=\"https:\/\/i0.wp.com\/www.astrologie-mondiale.com\/wp-content\/uploads\/2024\/06\/image-12.png?resize=800%2C348&amp;ssl=1\" alt=\"\" class=\"wp-image-11986\"\/><\/a><figcaption class=\"wp-element-caption\">Le monast\u00e8re de l\u2019Intercession \u00e0 Souzdal vu du ciel, \u00ab&nbsp;Andre\u00ef Roublev&nbsp;\u00bb, Tarkovski (1969)<\/figcaption><\/figure>\n\n\n\n<p>Nous sommes ici au c\u0153ur historique de l\u2019orthodoxie russe. J\u2019ai visit\u00e9 ces lieux il y a quelques ann\u00e9es. Je me rappelle encore aujourd\u2019hui l\u2019\u00e9motion qui m\u2019avait envahie \u00e0 l\u2019\u00e9poque. Comment oublier Bogolioubovo et Souzdal.<\/p>\n\n\n\n<p>Bogolioubovo est un lieu improbable sorti de nulle part, un miracle de la nature de chaque instant. Un miracle permanent fait de main d\u2019homme au milieu d\u2019une nature d\u00e9cha\u00een\u00e9e. Un miracle r\u00e9alis\u00e9 au nom de Dieu. C\u2019est l\u2019\u00e9quivalent du mont Saint-Michel. C\u2019est une minuscule \u00e9glise de pierre blanche avec un d\u00f4me noir et une croix dor\u00e9e construite pr\u00e8s de la rivi\u00e8re Nerl. La zone est envahie par les eaux et entoure l\u2019\u00e9difice de novembre \u00e0 avril. Durant cette p\u00e9riode, il n\u2019est pas possible de la visiter. Et encore, en hiver, l\u2019eau est gel\u00e9e, rendant la navigation impossible. C\u2019est pour cette raison que le r\u00e9alisateur montre l\u2019\u00e9glise vue du ciel survol\u00e9 par un dirigeable.<\/p>\n\n\n\n<figure class=\"wp-block-image\"><a href=\"https:\/\/i0.wp.com\/www.astrologie-mondiale.com\/wp-content\/uploads\/2024\/06\/image-9.png?ssl=1\"><img decoding=\"async\" src=\"https:\/\/i0.wp.com\/www.astrologie-mondiale.com\/wp-content\/uploads\/2024\/06\/image-9.png?resize=640%2C480&amp;ssl=1\" alt=\"\" class=\"wp-image-11974\"\/><\/a><figcaption class=\"wp-element-caption\">Eglise de l\u2019intercession en p\u00e9riode de crue en 2005.<\/figcaption><\/figure>\n\n\n\n<p>Il n\u2019est donc possible de la voir qu\u2019uniquement entre avril et novembre. La visite de ce lieu extraordinaire est toute une aventure. Je me rappelle de chaque instant de cette merveilleuse journ\u00e9e. L\u2019\u00e9glise est situ\u00e9e \u00e0 quelques kilom\u00e8tres du village de Bogolioubovo. Un magnifique petit village traditionnel russe avec des maisons en bois. Il faut passer devant la petite gare de bois pour aller voir l\u2019\u00e9glise.<\/p>\n\n\n\n<figure class=\"wp-block-image\"><a href=\"https:\/\/i0.wp.com\/www.astrologie-mondiale.com\/wp-content\/uploads\/2024\/06\/gare-bogolioubovo-3-scaled.jpg?ssl=1\"><img decoding=\"async\" src=\"https:\/\/i0.wp.com\/www.astrologie-mondiale.com\/wp-content\/uploads\/2024\/06\/gare-bogolioubovo-3.jpg?resize=800%2C409&amp;ssl=1\" alt=\"\" class=\"wp-image-11976\"\/><\/a><figcaption class=\"wp-element-caption\">Gare de Bogolioubovo, photo : Chaulveron (2011).<\/figcaption><\/figure>\n\n\n\n<p>Il faut ensuite prendre un petit chemin de terre pour aller vers l\u2019\u00e9glise.<\/p>\n\n\n\n<figure class=\"wp-block-image\"><a href=\"https:\/\/i0.wp.com\/www.astrologie-mondiale.com\/wp-content\/uploads\/2024\/06\/Intercession-nerl-1-scaled.jpg?ssl=1\"><img decoding=\"async\" src=\"https:\/\/i0.wp.com\/www.astrologie-mondiale.com\/wp-content\/uploads\/2024\/06\/Intercession-nerl-1.jpg?resize=768%2C1024&amp;ssl=1\" alt=\"\" class=\"wp-image-11977\"\/><\/a><figcaption class=\"wp-element-caption\">Eglise de l\u2019intercession, Bogolioubovo, photo : Chaulveron (2011).<\/figcaption><\/figure>\n\n\n\n<p>La petite rivi\u00e8re Nerl se trouve au pied de l\u2019\u00e9glise et re\u00e7oit le reflet du monument.<\/p>\n\n\n\n<figure class=\"wp-block-image\"><a href=\"https:\/\/i0.wp.com\/www.astrologie-mondiale.com\/wp-content\/uploads\/2024\/06\/Intercession-nerl-2-scaled.jpg?ssl=1\"><img decoding=\"async\" src=\"https:\/\/i0.wp.com\/www.astrologie-mondiale.com\/wp-content\/uploads\/2024\/06\/Intercession-nerl-2.jpg?resize=768%2C1024&amp;ssl=1\" alt=\"\" class=\"wp-image-11978\"\/><\/a><figcaption class=\"wp-element-caption\">Eglise de l\u2019intercession, Bogolioubovo, photo : Chaulveron (2011).<\/figcaption><\/figure>\n\n\n\n<p>Ce qui frappe tous les esprits, c\u2019est le caract\u00e8re modeste du monument, au milieu d\u2019une nature impitoyablement difficile. Petite et fragile, elle parvient \u00e0 se maintenir en vie dans une nature tr\u00e8s dure. C\u2019est un miracle permanent de chaque jour qui montre que Dieu la prot\u00e8ge. On a tous ressenti cela lors de notre visite.<\/p>\n\n\n\n<p>Avec Souzdal, c\u2019est autre chose. C\u2019est une ville-mus\u00e9e. J\u2019ai pass\u00e9 trois jours inoubliables \u00e0 Souzdal, en 2011. J\u2019ai justement dormi \u00e0 l\u2019int\u00e9rieur du monast\u00e8re de l\u2019Intercession qui accueil des touristes occidentaux.<\/p>\n\n\n\n<figure class=\"wp-block-image\"><a href=\"https:\/\/i0.wp.com\/www.astrologie-mondiale.com\/wp-content\/uploads\/2024\/06\/Couvent-de-lintercession-2-scaled.jpg?ssl=1\"><img decoding=\"async\" src=\"https:\/\/i0.wp.com\/www.astrologie-mondiale.com\/wp-content\/uploads\/2024\/06\/Couvent-de-lintercession-2.jpg?resize=800%2C600&amp;ssl=1\" alt=\"\" class=\"wp-image-11983\"\/><\/a><figcaption class=\"wp-element-caption\">Monast\u00e8re de l\u2019intercesson, Souzdal. Photo : Chaulveron (2011).<\/figcaption><\/figure>\n\n\n\n<p>j\u2019ai eu l\u2019impression d\u2019utiliser la Dolorean volante de \u00ab&nbsp;Retour vers le futur&nbsp;\u00bb en vivant dans la Russie aux temps des Tsars. La ville n\u2019a gard\u00e9 aucune trace de l\u2019\u00e9poque sovi\u00e9tique\u2026 sauf une minuscule statue de L\u00e9nine (qui n\u2019a m\u00eame pas \u00e9t\u00e9 enlev\u00e9 en 1991). Un lieu paradisiaque.<\/p>\n\n\n\n<figure class=\"wp-block-image\"><a href=\"https:\/\/i0.wp.com\/www.astrologie-mondiale.com\/wp-content\/uploads\/2024\/06\/Souzdal-monastere-spasso-Efimievski-4-scaled.jpg?ssl=1\"><img decoding=\"async\" src=\"https:\/\/i0.wp.com\/www.astrologie-mondiale.com\/wp-content\/uploads\/2024\/06\/Souzdal-monastere-spasso-Efimievski-4.jpg?resize=800%2C600&amp;ssl=1\" alt=\"\" class=\"wp-image-11979\"\/><\/a><figcaption class=\"wp-element-caption\">Le&nbsp;<strong>monast\u00e8re du Sauveur-Saint-Euthyme<\/strong>, Souzdal. Photo : Chaulveron (2011)<\/figcaption><\/figure>\n\n\n\n<figure class=\"wp-block-image\"><a href=\"https:\/\/i0.wp.com\/www.astrologie-mondiale.com\/wp-content\/uploads\/2024\/06\/Souzdal-monastere-spasso-Efimievski-5-scaled.jpg?ssl=1\"><img decoding=\"async\" src=\"https:\/\/i0.wp.com\/www.astrologie-mondiale.com\/wp-content\/uploads\/2024\/06\/Souzdal-monastere-spasso-Efimievski-5.jpg?resize=768%2C1024&amp;ssl=1\" alt=\"\" class=\"wp-image-11980\"\/><\/a><figcaption class=\"wp-element-caption\">Le&nbsp;<strong>monast\u00e8re du Sauveur-Saint-Euthyme<\/strong>, Souzdal. Photo : Chaulveron (2011)<\/figcaption><\/figure>\n\n\n\n<figure class=\"wp-block-image\"><a href=\"https:\/\/i0.wp.com\/www.astrologie-mondiale.com\/wp-content\/uploads\/2024\/06\/Souzdal-monastere-spasso-Efimievski-8-scaled.jpg?ssl=1\"><img decoding=\"async\" src=\"https:\/\/i0.wp.com\/www.astrologie-mondiale.com\/wp-content\/uploads\/2024\/06\/Souzdal-monastere-spasso-Efimievski-8.jpg?resize=768%2C1024&amp;ssl=1\" alt=\"\" class=\"wp-image-11981\"\/><\/a><figcaption class=\"wp-element-caption\">Le&nbsp;<strong>monast\u00e8re du Sauveur-Saint-Euthyme<\/strong>, Souzdal. Photo : Chaulveron (2011)<\/figcaption><\/figure>\n\n\n\n<figure class=\"wp-block-image\"><a href=\"https:\/\/i0.wp.com\/www.astrologie-mondiale.com\/wp-content\/uploads\/2024\/06\/Souzdal-monastere-spasso-Efimievski-12-scaled.jpg?ssl=1\"><img decoding=\"async\" src=\"https:\/\/i0.wp.com\/www.astrologie-mondiale.com\/wp-content\/uploads\/2024\/06\/Souzdal-monastere-spasso-Efimievski-12.jpg?resize=800%2C583&amp;ssl=1\" alt=\"\" class=\"wp-image-11982\"\/><\/a><figcaption class=\"wp-element-caption\">Le&nbsp;<strong>monast\u00e8re du Sauveur-Saint-Euthyme<\/strong>, Souzdal. Photo : Chaulveron (2011)<\/figcaption><\/figure>\n\n\n\n<p>On ne comprend rien \u00e0 la Russie et \u00e0 sa magie si l\u2019on n\u2019a pas \u00e9t\u00e9 voir Bogolioubovo et Souzdal. C\u2019est ce que dit Andre\u00ef Tarkovski en ouverture de son film. C\u2019est aussi ce qu\u2019a compris Leonid Brejnev en quittant la s\u00e9ance du film avant la fin. Il comprend que le r\u00e9alisateur essaye de faire passer le message que la vraie Russie a la c\u0153ur qui bat \u00e0 Bogolioubovo et \u00e0 Souzdal. La Russie de l\u2019orthodoxie et des Tsars. Le message d\u00fb \u00eatre un terrible affront pour le dirigeant sovi\u00e9tique.<\/p>\n\n\n\n<p>Dans le reste du film, nous voyons Andre\u00ef Roublev peindre des ic\u00f4nes, peindre des fresques sur les murs de plusieurs \u00e9glises en Russie, dont la cath\u00e9drale de l\u2019Ascension de Vladimir. Il esp\u00e8re \u00eatre recrut\u00e9 pour participer \u00e0 la d\u00e9coration de la cath\u00e9drale de l\u2019Annonciation \u00e0 l\u2019int\u00e9rieur du Kremlin de Moscou. On l\u2019entend discuter avec ses apprentis des diff\u00e9rentes techniques de l\u2019iconographie, de la mani\u00e8re d\u2019obtenir telle ou telle couleur. On assiste en spectateur \u00e0 ses doutes. La sc\u00e8ne finale du film, que n\u2019a donc pas vue Leonid Brejnev se passe \u00e0 Souzdal. La ville se remet doucement de la terrible peste qui l\u2019avait frapp\u00e9e. Elle esp\u00e8re que la construction des \u00e9glises et la peinture des ic\u00f4nes va permettre son redressement. On entend que le r\u00e9alisateur d\u00e9sire faire un parall\u00e8le avec la Russie sovi\u00e9tique dont il esp\u00e8re le redressement par la red\u00e9couverte de sa foi orthodoxe et le retour des Tsars. Un film monumental qui n\u2019a pas pris une ride.<\/p>\n\n\n\n<figure class=\"wp-block-embed is-type-wp-embed is-provider-inconscient-collectif-com wp-block-embed-inconscient-collectif-com\"><div class=\"wp-block-embed__wrapper\">\n<blockquote class=\"wp-embedded-content\" data-secret=\"rXfSUIUSAw\"><a href=\"https:\/\/www.inconscient-collectif.com\/index.php\/2025\/06\/03\/les-mythes-politiques-dans-la-propagande-italienne-1922-1945\/\">Les mythes politiques dans la propagande italienne (1922-1945).<\/a><\/blockquote><iframe loading=\"lazy\" class=\"wp-embedded-content\" sandbox=\"allow-scripts\" security=\"restricted\" style=\"position: absolute; visibility: hidden;\" title=\"\u00ab\u00a0Les mythes politiques dans la propagande italienne (1922-1945).\u00a0\u00bb &#8212; inconscient-collectif.com\" src=\"https:\/\/www.inconscient-collectif.com\/index.php\/2025\/06\/03\/les-mythes-politiques-dans-la-propagande-italienne-1922-1945\/embed\/#?secret=xuDfGWLolS#?secret=rXfSUIUSAw\" data-secret=\"rXfSUIUSAw\" width=\"600\" height=\"338\" frameborder=\"0\" marginwidth=\"0\" marginheight=\"0\" scrolling=\"no\"><\/iframe>\n<\/div><\/figure>\n\n\n\n<figure class=\"wp-block-embed is-type-wp-embed is-provider-inconscient-collectif-com wp-block-embed-inconscient-collectif-com\"><div class=\"wp-block-embed__wrapper\">\n<blockquote class=\"wp-embedded-content\" data-secret=\"j6FMKp9EWQ\"><a href=\"https:\/\/www.inconscient-collectif.com\/index.php\/2025\/06\/03\/les-mythes-politiques-dans-la-propagande-allemande-1933-1945\/\">Les mythes politiques dans la propagande allemande (1933-1945).<\/a><\/blockquote><iframe loading=\"lazy\" class=\"wp-embedded-content\" sandbox=\"allow-scripts\" security=\"restricted\" style=\"position: absolute; visibility: hidden;\" title=\"\u00ab\u00a0Les mythes politiques dans la propagande allemande (1933-1945).\u00a0\u00bb &#8212; inconscient-collectif.com\" src=\"https:\/\/www.inconscient-collectif.com\/index.php\/2025\/06\/03\/les-mythes-politiques-dans-la-propagande-allemande-1933-1945\/embed\/#?secret=mIEoNd5Zl1#?secret=j6FMKp9EWQ\" data-secret=\"j6FMKp9EWQ\" width=\"600\" height=\"338\" frameborder=\"0\" marginwidth=\"0\" marginheight=\"0\" scrolling=\"no\"><\/iframe>\n<\/div><\/figure>\n","protected":false},"excerpt":{"rendered":"<p>Au sein de la propagande sovi\u00e9tique, nous devons distinguer la p\u00e9riode l\u00e9niniste et la p\u00e9riode stalinienne. L\u00e9nine a utilis\u00e9 de<\/p>\n","protected":false},"author":1,"featured_media":435,"comment_status":"open","ping_status":"open","sticky":false,"template":"","format":"standard","meta":{"_jetpack_memberships_contains_paid_content":false,"footnotes":""},"categories":[1],"tags":[],"class_list":["post-428","post","type-post","status-publish","format-standard","has-post-thumbnail","hentry","category-non-classe"],"aioseo_notices":[],"jetpack_featured_media_url":"https:\/\/www.inconscient-collectif.com\/wp-content\/uploads\/2025\/06\/culte-personnalite-Staline.jpg","jetpack_sharing_enabled":true,"_links":{"self":[{"href":"https:\/\/www.inconscient-collectif.com\/index.php\/wp-json\/wp\/v2\/posts\/428","targetHints":{"allow":["GET"]}}],"collection":[{"href":"https:\/\/www.inconscient-collectif.com\/index.php\/wp-json\/wp\/v2\/posts"}],"about":[{"href":"https:\/\/www.inconscient-collectif.com\/index.php\/wp-json\/wp\/v2\/types\/post"}],"author":[{"embeddable":true,"href":"https:\/\/www.inconscient-collectif.com\/index.php\/wp-json\/wp\/v2\/users\/1"}],"replies":[{"embeddable":true,"href":"https:\/\/www.inconscient-collectif.com\/index.php\/wp-json\/wp\/v2\/comments?post=428"}],"version-history":[{"count":6,"href":"https:\/\/www.inconscient-collectif.com\/index.php\/wp-json\/wp\/v2\/posts\/428\/revisions"}],"predecessor-version":[{"id":471,"href":"https:\/\/www.inconscient-collectif.com\/index.php\/wp-json\/wp\/v2\/posts\/428\/revisions\/471"}],"wp:featuredmedia":[{"embeddable":true,"href":"https:\/\/www.inconscient-collectif.com\/index.php\/wp-json\/wp\/v2\/media\/435"}],"wp:attachment":[{"href":"https:\/\/www.inconscient-collectif.com\/index.php\/wp-json\/wp\/v2\/media?parent=428"}],"wp:term":[{"taxonomy":"category","embeddable":true,"href":"https:\/\/www.inconscient-collectif.com\/index.php\/wp-json\/wp\/v2\/categories?post=428"},{"taxonomy":"post_tag","embeddable":true,"href":"https:\/\/www.inconscient-collectif.com\/index.php\/wp-json\/wp\/v2\/tags?post=428"}],"curies":[{"name":"wp","href":"https:\/\/api.w.org\/{rel}","templated":true}]}}